{"id":39109,"date":"2024-01-23T17:27:03","date_gmt":"2024-01-23T20:27:03","guid":{"rendered":"https:\/\/radiorevelacionfm.cl\/?p=39109"},"modified":"2024-01-23T17:27:03","modified_gmt":"2024-01-23T20:27:03","slug":"seremi-de-bienes-nacionales-destaca-la-contribucion-de-los-terrenos-fiscales-en-el-desarrollo-regional","status":"publish","type":"post","link":"https:\/\/radiorevelacionfm.cl\/?p=39109","title":{"rendered":"Seremi de Bienes Nacionales destaca la contribuci\u00f3n de los terrenos fiscales en el desarrollo regional"},"content":{"rendered":"<div class=\"flex_column av_one_full  flex_column_div av-zero-column-padding first  avia-builder-el-0  el_before_av_one_full  avia-builder-el-first  \" style='border-radius:0px; '><div  class='avia-image-container  av-styling-    avia-builder-el-1  avia-builder-el-no-sibling  avia-align-center '  itemprop=\"image\" itemscope=\"itemscope\" itemtype=\"https:\/\/schema.org\/ImageObject\"  ><div class='avia-image-container-inner'><div class='avia-image-overlay-wrap'><img decoding=\"async\" class='wp-image-39110 avia-img-lazy-loading-not-39110 avia_image' src=\"https:\/\/radiorevelacionfm.cl\/wp-content\/uploads\/2024\/01\/concesion-1-1.jpeg\" alt='' title='concesion (1) (1)' height=\"600\" width=\"800\"  itemprop=\"thumbnailUrl\" srcset=\"https:\/\/radiorevelacionfm.cl\/wp-content\/uploads\/2024\/01\/concesion-1-1.jpeg 800w, https:\/\/radiorevelacionfm.cl\/wp-content\/uploads\/2024\/01\/concesion-1-1-300x225.jpeg 300w, https:\/\/radiorevelacionfm.cl\/wp-content\/uploads\/2024\/01\/concesion-1-1-768x576.jpeg 768w, https:\/\/radiorevelacionfm.cl\/wp-content\/uploads\/2024\/01\/concesion-1-1-705x529.jpeg 705w, https:\/\/radiorevelacionfm.cl\/wp-content\/uploads\/2024\/01\/concesion-1-1-450x338.jpeg 450w, https:\/\/radiorevelacionfm.cl\/wp-content\/uploads\/2024\/01\/concesion-1-1-600x450.jpeg 600w\" sizes=\"(max-width: 800px) 100vw, 800px\" \/><\/div><\/div><\/div><\/div><div class=\"flex_column av_one_full  flex_column_div av-zero-column-padding first  avia-builder-el-2  el_after_av_one_full  el_before_av_one_full  column-top-margin\" style='border-radius:0px; '><section class=\"av_textblock_section \"  itemscope=\"itemscope\" itemtype=\"https:\/\/schema.org\/BlogPosting\" itemprop=\"blogPost\" ><div class='avia_textblock  '   itemprop=\"text\" ><p style=\"text-align: center;\"><span style=\"font-size: 18pt;\"><strong>Seremi de Bienes Nacionales destaca la contribuci\u00f3n de los terrenos fiscales en el desarrollo regional<\/strong><\/span><\/p>\n<div id=\"gtx-trans\" style=\"position: absolute; left: -50px; top: 4.31534px;\">\n<div class=\"gtx-trans-icon\"><\/div>\n<\/div>\n<\/div><\/section><\/div><div class=\"flex_column av_one_full  flex_column_div av-zero-column-padding first  avia-builder-el-4  el_after_av_one_full  el_before_av_hr  column-top-margin\" style='border-radius:0px; '><section class=\"av_textblock_section \"  itemscope=\"itemscope\" itemtype=\"https:\/\/schema.org\/BlogPosting\" itemprop=\"blogPost\" ><div class='avia_textblock  '   itemprop=\"text\" ><p style=\"text-align: justify;\">Desde la Secretar\u00eda Regional Ministerial de Bienes Nacionales de Ays\u00e9n realizaron un balance de las acciones desarrolladas durante el a\u00f1o pasado. Es as\u00ed que, seg\u00fan lo reportado por la seremi Irina Morend Valdebenito, los hitos destacados de la cartera tienen que ver con la puesta en valor de la importancia de los inmuebles fiscales para el desarrollo de las comunas de la regi\u00f3n de Ays\u00e9n, por ejemplo, a trav\u00e9s de la entrega de terrenos para el Plan de Emergencia Habitacional, de concesiones gratuitas para la concreci\u00f3n de proyectos sociales, la implementaci\u00f3n de ejercicios de participaci\u00f3n ciudadana para la planificaci\u00f3n de inmuebles fiscales y la disposici\u00f3n de terrenos para arriendos con fines productivos que impulsan la econom\u00eda local; as\u00ed tambi\u00e9n, con el rescate del patrimonio documental de la historia de la colonizaci\u00f3n regional.<\/p>\n<p style=\"text-align: justify;\">Balance positivo en el que tambi\u00e9n la autoridad regional destac\u00f3 la visita que la ministra Marcela Sandoval Osorio realiz\u00f3 en septiembre, donde se concret\u00f3 la entrega de 11 terrenos fiscales a Serviu Ays\u00e9n contribuyendo as\u00ed a la generaci\u00f3n de soluciones habitacionales para familias de las comunas de Chile Chico, Cochrane, Tortel, Guaitecas, R\u00edo Ib\u00e1\u00f1ez, Coyhaique y Lago Verde. \u201cNuestro presidente Gabriel Boric se\u00f1al\u00f3 la importancia de trabajar por las comunas m\u00e1s apartadas, es por ello que quisiera destacar el compromiso de nuestros funcionarios y funcionarias, quienes el a\u00f1o pasado pudieron completar 11 transferencias de terrenos fiscales, aproximadamente 41 hect\u00e1reas en 7 de las 10 comunas para la futura construcci\u00f3n de viviendas sociales dignas en el marco del Plan de Emergencia Habitacional. Y en ese contexto, recibimos la visita de nuestra ministra Marcela Sandoval, quien relev\u00f3, por ejemplo, la transferencia otorgada en Melinka, localidad donde hace m\u00e1s de 25 a\u00f1os que el Estado no constru\u00eda viviendas, algo que se concretar\u00e1 pronto\u201d, apunt\u00f3 Morend Valdebenito.<\/p>\n<p style=\"text-align: justify;\">Otras herramientas de administraci\u00f3n de los inmuebles fiscales que resalt\u00f3 la autoridad regional, son las concesiones de corto (hasta 5 a\u00f1os) y largo plazo (mayor a 5 a\u00f1os), que permite a organizaciones sin fines de lucro, municipalidades y servicios p\u00fablicos, el poder ejecutar sus proyectos de gran impacto social. \u201cNuestras concesiones son muy requeridas por organizaciones sociales y servicios p\u00fablicos, pues siempre se necesita de un espacio para dar vida a los proyectos; en ese sentido, nuestra contribuci\u00f3n con inmuebles fiscales resulta relevante\u201d, sostuvo Morend Valdebenito, mencionando adem\u00e1s que entre las m\u00e1s de 20 concesiones otorgadas en 2023, se encuentran la otorgada al Centro de Formaci\u00f3n T\u00e9cnica de Ays\u00e9n para la consolidaci\u00f3n de su edificio, la entrega de inmueble a la Fundaci\u00f3n de B\u00fasqueda y Rescate de la Patagonia para implementar su base de operaciones, as\u00ed tambi\u00e9n, concesiones para proyectos de recreaci\u00f3n como el Parque Urbano y Parque El Mate de Coyhaique. Otras concesiones que destacan son la otorgada a la Agrupaci\u00f3n de Derechos Humanos para que contin\u00faen con su oficina central, tambi\u00e9n a la ONG Diversa Patagonia y Corporaci\u00f3n Transformando para la administraci\u00f3n la primera casa de las diversidades sexogen\u00e9ricas donde se ejecutar\u00e1n acciones de educaci\u00f3n, salud y cultura, as\u00ed tambi\u00e9n, las concesiones a Registro Civil y a las diez municipalidades de la regi\u00f3n.<\/p>\n<p style=\"text-align: justify;\">En cuanto a la disposici\u00f3n de suelo fiscal para el arriendo con fines productivos, la autoridad indic\u00f3 que actualmente \u201cexiste una cartera de aproximadamente 150 usuarios de todas las comunas de la regi\u00f3n. Usuarios de Bienes Nacionales, quienes haciendo uso de suelo fiscal, pueden emprender en ganader\u00eda, turismo, agricultura, entre otros rubros, formalizando as\u00ed sus emprendimientos y pudiendo acceder a beneficios del Estado, lo que como Gobierno y Ministerio relevamos, pues de esta forma contribuimos al crecimiento econ\u00f3mico de nuestros vecinos y de nuestra regi\u00f3n\u201d.<\/p>\n<p style=\"text-align: justify;\">Por otra parte, la secretaria regional relev\u00f3 el desalojo que junto a la Delegaci\u00f3n Presidencial Provincial de Capit\u00e1n Prat y en coordinaci\u00f3n con Carabineros de Chile, realizaron para poder recuperar un inmueble de 10 hect\u00e1reas, el cual hab\u00eda sido ocupado ilegalmente por una persona en Cochrane, esto en Cerro La Virgen, sector conocido como El H\u00fangaro. \u201cDecidimos actuar para proteger el patrimonio que es de todos y todas, pero no solo eso, sino que, junto a los propios vecinos, planificar qu\u00e9 usos quer\u00edan para el lugar, y as\u00ed ponerlo a disposici\u00f3n para arriendos y concesiones mediante un proceso de postulaci\u00f3n que de igualdad a todos los interesados\u201d, expres\u00f3 la Seremi de Bienes Nacionales.<\/p>\n<p style=\"text-align: justify;\">Finalmente, Morend relev\u00f3 que como Ministerio encargado de la administraci\u00f3n de la gran propiedad fiscal regional, seguir\u00e1n desarrollando acciones tendientes a escuchar a las comunidades a fin de planificar el territorio a trav\u00e9s de ejercicios de participaci\u00f3n ciudadana, los que por primera vez como sector, est\u00e1n implementando, \u201cJunto al equipo consolidado de profesionales del Programa de Regularizaci\u00f3n, financiado con recursos del GORE, focalizado en las tres comunas de la provincia de Capit\u00e1n Prat, vimos el desalojo realizado en Cochrane como una gran oportunidad de poder planificar, y en ese contexto, el a\u00f1o pasado realizamos 4 jornadas de participaci\u00f3n ciudadana con alta convocatoria, donde se definieron usos y subdivisi\u00f3n de estas 10 ha. As\u00ed, desde inicio de este mes ya estamos recibiendo postulaciones para arriendo y concesiones\u201d.<\/p>\n<p style=\"text-align: justify;\"><strong>\u00a0\u00a0\u00a0 \u00a0<\/strong><\/p>\n<p style=\"text-align: justify;\"><strong>\u00a0<\/strong><\/p>\n<\/div><\/section><\/div><div  style='height:50px' class='hr hr-invisible   avia-builder-el-6  el_after_av_one_full  el_before_av_social_share '><span class='hr-inner ' ><span class='hr-inner-style'><\/span><\/span><\/div><\/p>\n<div  class='av-social-sharing-box  avia-builder-el-7  el_after_av_hr  el_before_av_hr  '><div class='av-share-box'><h5 class='av-share-link-description av-no-toc '>Compartir esta noticia<\/h5><ul class='av-share-box-list noLightbox'><li class='av-share-link av-social-link-facebook' ><a target=\"_blank\" aria-label=\"Compartir en Facebook\" href='https:\/\/www.facebook.com\/sharer.php?u=https:\/\/radiorevelacionfm.cl\/?p=39109&#038;t=Seremi%20de%20Bienes%20Nacionales%20destaca%20la%20contribuci%C3%B3n%20de%20los%20terrenos%20fiscales%20en%20el%20desarrollo%20regional' aria-hidden='false' data-av_icon='\ue8f3' data-av_iconfont='entypo-fontello' title='' data-avia-related-tooltip='Compartir en Facebook' rel=\"noopener\"><span class='avia_hidden_link_text'>Compartir en Facebook<\/span><\/a><\/li><li class='av-share-link av-social-link-twitter' ><a target=\"_blank\" aria-label=\"Compartir en Twitter\" href='https:\/\/twitter.com\/share?text=Seremi%20de%20Bienes%20Nacionales%20destaca%20la%20contribuci%C3%B3n%20de%20los%20terrenos%20fiscales%20en%20el%20desarrollo%20regional&#038;url=https:\/\/radiorevelacionfm.cl\/?p=39109' aria-hidden='false' data-av_icon='\ue8f1' data-av_iconfont='entypo-fontello' title='' data-avia-related-tooltip='Compartir en Twitter' rel=\"noopener\"><span class='avia_hidden_link_text'>Compartir en Twitter<\/span><\/a><\/li><li class='av-share-link av-social-link-whatsapp' ><a target=\"_blank\" aria-label=\"Compartir en Whatsapp\" href='https:\/\/api.whatsapp.com\/send?text=https:\/\/radiorevelacionfm.cl\/?p=39109' aria-hidden='false' data-av_icon='\uf232' data-av_iconfont='entypo-fontello' title='' data-avia-related-tooltip='Compartir en Whatsapp' rel=\"noopener\"><span class='avia_hidden_link_text'>Compartir en Whatsapp<\/span><\/a><\/li><li class='av-share-link av-social-link-linkedin' ><a target=\"_blank\" aria-label=\"Compartir en LinkedIn\" href='https:\/\/linkedin.com\/shareArticle?mini=true&#038;title=Seremi%20de%20Bienes%20Nacionales%20destaca%20la%20contribuci%C3%B3n%20de%20los%20terrenos%20fiscales%20en%20el%20desarrollo%20regional&#038;url=https:\/\/radiorevelacionfm.cl\/?p=39109' aria-hidden='false' data-av_icon='\ue8fc' data-av_iconfont='entypo-fontello' title='' data-avia-related-tooltip='Compartir en LinkedIn' rel=\"noopener\"><span class='avia_hidden_link_text'>Compartir en LinkedIn<\/span><\/a><\/li><li class='av-share-link av-social-link-mail' ><a  aria-label=\"Compartir por correo\" href='mailto:?subject=Seremi%20de%20Bienes%20Nacionales%20destaca%20la%20contribuci%C3%B3n%20de%20los%20terrenos%20fiscales%20en%20el%20desarrollo%20regional&#038;body=https:\/\/radiorevelacionfm.cl\/?p=39109' aria-hidden='false' data-av_icon='\ue805' data-av_iconfont='entypo-fontello' title='' data-avia-related-tooltip='Compartir por correo'><span class='avia_hidden_link_text'>Compartir por correo<\/span><\/a><\/li><\/ul><\/div><\/div>\n<div  style='height:50px' class='hr hr-invisible   avia-builder-el-8  el_after_av_social_share  el_before_av_comments_list '><span class='hr-inner ' ><span class='hr-inner-style'><\/span><\/span><\/div>\n<div  class='av-buildercomment  av-blog-meta-html-info-disabled av-blog-meta-tag-disabled  '><\/div>\n","protected":false},"excerpt":{"rendered":"","protected":false},"author":1,"featured_media":39110,"comment_status":"open","ping_status":"open","sticky":false,"template":"","format":"standard","meta":{"footnotes":""},"categories":[38],"tags":[],"class_list":["post-39109","post","type-post","status-publish","format-standard","has-post-thumbnail","hentry","category-regional"],"jetpack_featured_media_url":"https:\/\/radiorevelacionfm.cl\/wp-content\/uploads\/2024\/01\/concesion-1-1.jpeg","_links":{"self":[{"href":"https:\/\/radiorevelacionfm.cl\/index.php?rest_route=\/wp\/v2\/posts\/39109","targetHints":{"allow":["GET"]}}],"collection":[{"href":"https:\/\/radiorevelacionfm.cl\/index.php?rest_route=\/wp\/v2\/posts"}],"about":[{"href":"https:\/\/radiorevelacionfm.cl\/index.php?rest_route=\/wp\/v2\/types\/post"}],"author":[{"embeddable":true,"href":"https:\/\/radiorevelacionfm.cl\/index.php?rest_route=\/wp\/v2\/users\/1"}],"replies":[{"embeddable":true,"href":"https:\/\/radiorevelacionfm.cl\/index.php?rest_route=%2Fwp%2Fv2%2Fcomments&post=39109"}],"version-history":[{"count":1,"href":"https:\/\/radiorevelacionfm.cl\/index.php?rest_route=\/wp\/v2\/posts\/39109\/revisions"}],"predecessor-version":[{"id":39111,"href":"https:\/\/radiorevelacionfm.cl\/index.php?rest_route=\/wp\/v2\/posts\/39109\/revisions\/39111"}],"wp:featuredmedia":[{"embeddable":true,"href":"https:\/\/radiorevelacionfm.cl\/index.php?rest_route=\/wp\/v2\/media\/39110"}],"wp:attachment":[{"href":"https:\/\/radiorevelacionfm.cl\/index.php?rest_route=%2Fwp%2Fv2%2Fmedia&parent=39109"}],"wp:term":[{"taxonomy":"category","embeddable":true,"href":"https:\/\/radiorevelacionfm.cl\/index.php?rest_route=%2Fwp%2Fv2%2Fcategories&post=39109"},{"taxonomy":"post_tag","embeddable":true,"href":"https:\/\/radiorevelacionfm.cl\/index.php?rest_route=%2Fwp%2Fv2%2Ftags&post=39109"}],"curies":[{"name":"wp","href":"https:\/\/api.w.org\/{rel}","templated":true}]}}