{"id":39103,"date":"2024-01-23T16:31:34","date_gmt":"2024-01-23T19:31:34","guid":{"rendered":"https:\/\/radiorevelacionfm.cl\/?p=39103"},"modified":"2024-01-23T16:31:34","modified_gmt":"2024-01-23T19:31:34","slug":"adultos-mayores-de-villa-ohiggins-recibieron-las-llaves-de-su-casa-propia","status":"publish","type":"post","link":"https:\/\/radiorevelacionfm.cl\/?p=39103","title":{"rendered":"Adultos mayores de Villa O\u2019Higgins recibieron las llaves de su casa propia"},"content":{"rendered":"<div class=\"flex_column av_one_full  flex_column_div av-zero-column-padding first  avia-builder-el-0  el_before_av_one_full  avia-builder-el-first  \" style='border-radius:0px; '><div  class='avia-image-container  av-styling-    avia-builder-el-1  avia-builder-el-no-sibling  avia-align-center '  itemprop=\"image\" itemscope=\"itemscope\" itemtype=\"https:\/\/schema.org\/ImageObject\"  ><div class='avia-image-container-inner'><div class='avia-image-overlay-wrap'><img decoding=\"async\" class='wp-image-39104 avia-img-lazy-loading-not-39104 avia_image' src=\"https:\/\/radiorevelacionfm.cl\/wp-content\/uploads\/2024\/01\/entrega-de-llaves-casa-propia-a-adulto-mayor-villa-ohiggins-1_optimized.jpeg\" alt='' title='entrega-de-llaves-casa-propia--a-adulto-mayor-villa-ohiggins-(1)_optimized' height=\"600\" width=\"1101\"  itemprop=\"thumbnailUrl\" srcset=\"https:\/\/radiorevelacionfm.cl\/wp-content\/uploads\/2024\/01\/entrega-de-llaves-casa-propia-a-adulto-mayor-villa-ohiggins-1_optimized.jpeg 1101w, https:\/\/radiorevelacionfm.cl\/wp-content\/uploads\/2024\/01\/entrega-de-llaves-casa-propia-a-adulto-mayor-villa-ohiggins-1_optimized-300x163.jpeg 300w, https:\/\/radiorevelacionfm.cl\/wp-content\/uploads\/2024\/01\/entrega-de-llaves-casa-propia-a-adulto-mayor-villa-ohiggins-1_optimized-1030x561.jpeg 1030w, https:\/\/radiorevelacionfm.cl\/wp-content\/uploads\/2024\/01\/entrega-de-llaves-casa-propia-a-adulto-mayor-villa-ohiggins-1_optimized-768x419.jpeg 768w, https:\/\/radiorevelacionfm.cl\/wp-content\/uploads\/2024\/01\/entrega-de-llaves-casa-propia-a-adulto-mayor-villa-ohiggins-1_optimized-705x384.jpeg 705w, https:\/\/radiorevelacionfm.cl\/wp-content\/uploads\/2024\/01\/entrega-de-llaves-casa-propia-a-adulto-mayor-villa-ohiggins-1_optimized-450x245.jpeg 450w, https:\/\/radiorevelacionfm.cl\/wp-content\/uploads\/2024\/01\/entrega-de-llaves-casa-propia-a-adulto-mayor-villa-ohiggins-1_optimized-600x327.jpeg 600w\" sizes=\"(max-width: 1101px) 100vw, 1101px\" \/><\/div><\/div><\/div><\/div><div class=\"flex_column av_one_full  flex_column_div av-zero-column-padding first  avia-builder-el-2  el_after_av_one_full  el_before_av_one_full  column-top-margin\" style='border-radius:0px; '><section class=\"av_textblock_section \"  itemscope=\"itemscope\" itemtype=\"https:\/\/schema.org\/BlogPosting\" itemprop=\"blogPost\" ><div class='avia_textblock  '   itemprop=\"text\" ><p style=\"text-align: center;\"><span style=\"font-size: 18pt;\"><strong>Adultos mayores de Villa O\u2019Higgins recibieron las llaves de su casa propia<\/strong><\/span><\/p>\n<div id=\"gtx-trans\" style=\"position: absolute; left: -50px; top: 4.31534px;\">\n<div class=\"gtx-trans-icon\"><\/div>\n<\/div>\n<\/div><\/section><\/div><div class=\"flex_column av_one_full  flex_column_div av-zero-column-padding first  avia-builder-el-4  el_after_av_one_full  el_before_av_hr  column-top-margin\" style='border-radius:0px; '><section class=\"av_textblock_section \"  itemscope=\"itemscope\" itemtype=\"https:\/\/schema.org\/BlogPosting\" itemprop=\"blogPost\" ><div class='avia_textblock  '   itemprop=\"text\" ><p style=\"text-align: justify;\">Con la gran alegr\u00eda de cumplir un sue\u00f1o de toda la vida, tres adultos mayores de Villa O\u2019Higgins recibieron en los \u00faltimos d\u00edas las esperadas llaves de su casa propia, viviendas de gran calidad que les permiten mejorar sus condiciones de vida y proyectar con mayor tranquilad y seguridad su futuro y el de sus familias.<\/p>\n<p style=\"text-align: justify;\">Para concretar estas entregas se trasladaron hasta la comuna m\u00e1s austral de la regi\u00f3n, la jefa del Departamento de Desarrollo Urbano de la Seremi de Vivienda, Natacha Pot y la Delegada Provincial del Serviu Capit\u00e1n Prat, Tatiana Aguilera, quienes adem\u00e1s se reunieron con comit\u00e9s de vivienda y concretaron la entrega de terreno para iniciar nuevos proyectos de mejoramiento t\u00e9rmico en la localidad.<\/p>\n<p style=\"text-align: justify;\">Los adultos mayores, que ya est\u00e1n viviendo en su casa propia, son Mar\u00eda Aguilar, Jos\u00e9 Sep\u00falveda y Miguel Fica, quienes tras postular dentro del comit\u00e9 \u201cEntre R\u00edos y Lagos\u201d recibieron subsidios del Programa de Habitabilidad Rural del Ministerio de Vivienda y Urbanismo, lo que les permiti\u00f3 concretar la construcci\u00f3n de su casa en la modalidad de sitio residente.<\/p>\n<p style=\"text-align: justify;\">En los tres casos la Entidad de Gesti\u00f3n Rural, que asesora y apoya a las familias, fue la municipalidad de O\u2019Higgins, en tanto que el encargado de construir las viviendas fue el contratista local Jaime Ulloa, con una inversi\u00f3n que en promedio bordea los 50 millones de pesos por cada casa.<\/p>\n<p style=\"text-align: justify;\">Consultada por estas buenas noticias, la Seremi de Vivienda, Paulina Ruz, destac\u00f3 los positivos resultados del trabajo que se viene realizando en todas las comunas de la regi\u00f3n, donde se unen voluntades y esfuerzo de diversos actores, como los municipios, el Serviu y los mismos beneficiarios.<\/p>\n<p style=\"text-align: justify;\">\u201cDesde el Ministerio de Vivienda y Urbanismo es un agrado poder dar este tipo de noticias. En este caso, son tres beneficiarios de la Villa y para nosotros eso es bien significativo porque, adem\u00e1s, ahora se identifican como las casitas de colores, algo que le da una identidad local a las nuevas viviendas que se est\u00e1n haciendo y tambi\u00e9n un sello como Ministerio. Por otra parte, tambi\u00e9n queremos recalcar la importancia de poder descentralizar los beneficios. Logramos llegar hasta la comuna m\u00e1s apartada de la regi\u00f3n de Ays\u00e9n, del sector sur, que es Villa O\u2019Higgins y esperamos en lo sucesivo de este a\u00f1o seguir entregando soluciones habitacionales a familias que lo requieran, como ya lo hicimos en su momento en Melinka, en Ma\u00f1ihuales y en Tortel\u201d, puntualiz\u00f3.<\/p>\n<p style=\"text-align: justify;\">Durante la jornada de trabajo las funcionarias del Minvu hicieron tambi\u00e9n entrega terreno para iniciar obras de acondicionamiento t\u00e9rmico en las viviendas de las vecinas Glanse Ord\u00f3\u00f1ez y Makarena Lagos, proyectos que tienen como Entidad Patrocinante a la municipalidad y como contratista a Jaime Ulloa, quien deber\u00e1 ejecutar ambos proyectos en un plazo de 60 d\u00edas.<\/p>\n<p style=\"text-align: justify;\">Antes de retornar a Coyhaique le Jefa del Departamento de Desarrollo Urbano de la Seremi de Vivienda, Natacha Pot, se reuni\u00f3 tambi\u00e9n con el equipo municipal y concejales para trabajar en temas como el Plan Regulador Comunal, el Programa Peque\u00f1as Localidades y Entidades Patrocinantes para proyectos de nuevas viviendas en la comuna.<\/p>\n<\/div><\/section><\/div><div  style='height:50px' class='hr hr-invisible   avia-builder-el-6  el_after_av_one_full  el_before_av_social_share '><span class='hr-inner ' ><span class='hr-inner-style'><\/span><\/span><\/div><\/p>\n<div  class='av-social-sharing-box  avia-builder-el-7  el_after_av_hr  el_before_av_hr  '><div class='av-share-box'><h5 class='av-share-link-description av-no-toc '>Compartir esta noticia<\/h5><ul class='av-share-box-list noLightbox'><li class='av-share-link av-social-link-facebook' ><a target=\"_blank\" aria-label=\"Compartir en Facebook\" href='https:\/\/www.facebook.com\/sharer.php?u=https:\/\/radiorevelacionfm.cl\/?p=39103&#038;t=Adultos%20mayores%20de%20Villa%20O%E2%80%99Higgins%20recibieron%20las%20llaves%20de%20su%20casa%20propia' aria-hidden='false' data-av_icon='\ue8f3' data-av_iconfont='entypo-fontello' title='' data-avia-related-tooltip='Compartir en Facebook' rel=\"noopener\"><span class='avia_hidden_link_text'>Compartir en Facebook<\/span><\/a><\/li><li class='av-share-link av-social-link-twitter' ><a target=\"_blank\" aria-label=\"Compartir en Twitter\" href='https:\/\/twitter.com\/share?text=Adultos%20mayores%20de%20Villa%20O%E2%80%99Higgins%20recibieron%20las%20llaves%20de%20su%20casa%20propia&#038;url=https:\/\/radiorevelacionfm.cl\/?p=39103' aria-hidden='false' data-av_icon='\ue8f1' data-av_iconfont='entypo-fontello' title='' data-avia-related-tooltip='Compartir en Twitter' rel=\"noopener\"><span class='avia_hidden_link_text'>Compartir en Twitter<\/span><\/a><\/li><li class='av-share-link av-social-link-whatsapp' ><a target=\"_blank\" aria-label=\"Compartir en Whatsapp\" href='https:\/\/api.whatsapp.com\/send?text=https:\/\/radiorevelacionfm.cl\/?p=39103' aria-hidden='false' data-av_icon='\uf232' data-av_iconfont='entypo-fontello' title='' data-avia-related-tooltip='Compartir en Whatsapp' rel=\"noopener\"><span class='avia_hidden_link_text'>Compartir en Whatsapp<\/span><\/a><\/li><li class='av-share-link av-social-link-linkedin' ><a target=\"_blank\" aria-label=\"Compartir en LinkedIn\" href='https:\/\/linkedin.com\/shareArticle?mini=true&#038;title=Adultos%20mayores%20de%20Villa%20O%E2%80%99Higgins%20recibieron%20las%20llaves%20de%20su%20casa%20propia&#038;url=https:\/\/radiorevelacionfm.cl\/?p=39103' aria-hidden='false' data-av_icon='\ue8fc' data-av_iconfont='entypo-fontello' title='' data-avia-related-tooltip='Compartir en LinkedIn' rel=\"noopener\"><span class='avia_hidden_link_text'>Compartir en LinkedIn<\/span><\/a><\/li><li class='av-share-link av-social-link-mail' ><a  aria-label=\"Compartir por correo\" href='mailto:?subject=Adultos%20mayores%20de%20Villa%20O%E2%80%99Higgins%20recibieron%20las%20llaves%20de%20su%20casa%20propia&#038;body=https:\/\/radiorevelacionfm.cl\/?p=39103' aria-hidden='false' data-av_icon='\ue805' data-av_iconfont='entypo-fontello' title='' data-avia-related-tooltip='Compartir por correo'><span class='avia_hidden_link_text'>Compartir por correo<\/span><\/a><\/li><\/ul><\/div><\/div>\n<div  style='height:50px' class='hr hr-invisible   avia-builder-el-8  el_after_av_social_share  el_before_av_comments_list '><span class='hr-inner ' ><span class='hr-inner-style'><\/span><\/span><\/div>\n<div  class='av-buildercomment  av-blog-meta-html-info-disabled av-blog-meta-tag-disabled  '><\/div>\n","protected":false},"excerpt":{"rendered":"","protected":false},"author":1,"featured_media":39104,"comment_status":"open","ping_status":"open","sticky":false,"template":"","format":"standard","meta":{"footnotes":""},"categories":[57],"tags":[],"class_list":["post-39103","post","type-post","status-publish","format-standard","has-post-thumbnail","hentry","category-vivienda"],"jetpack_featured_media_url":"https:\/\/radiorevelacionfm.cl\/wp-content\/uploads\/2024\/01\/entrega-de-llaves-casa-propia-a-adulto-mayor-villa-ohiggins-1_optimized.jpeg","_links":{"self":[{"href":"https:\/\/radiorevelacionfm.cl\/index.php?rest_route=\/wp\/v2\/posts\/39103","targetHints":{"allow":["GET"]}}],"collection":[{"href":"https:\/\/radiorevelacionfm.cl\/index.php?rest_route=\/wp\/v2\/posts"}],"about":[{"href":"https:\/\/radiorevelacionfm.cl\/index.php?rest_route=\/wp\/v2\/types\/post"}],"author":[{"embeddable":true,"href":"https:\/\/radiorevelacionfm.cl\/index.php?rest_route=\/wp\/v2\/users\/1"}],"replies":[{"embeddable":true,"href":"https:\/\/radiorevelacionfm.cl\/index.php?rest_route=%2Fwp%2Fv2%2Fcomments&post=39103"}],"version-history":[{"count":1,"href":"https:\/\/radiorevelacionfm.cl\/index.php?rest_route=\/wp\/v2\/posts\/39103\/revisions"}],"predecessor-version":[{"id":39105,"href":"https:\/\/radiorevelacionfm.cl\/index.php?rest_route=\/wp\/v2\/posts\/39103\/revisions\/39105"}],"wp:featuredmedia":[{"embeddable":true,"href":"https:\/\/radiorevelacionfm.cl\/index.php?rest_route=\/wp\/v2\/media\/39104"}],"wp:attachment":[{"href":"https:\/\/radiorevelacionfm.cl\/index.php?rest_route=%2Fwp%2Fv2%2Fmedia&parent=39103"}],"wp:term":[{"taxonomy":"category","embeddable":true,"href":"https:\/\/radiorevelacionfm.cl\/index.php?rest_route=%2Fwp%2Fv2%2Fcategories&post=39103"},{"taxonomy":"post_tag","embeddable":true,"href":"https:\/\/radiorevelacionfm.cl\/index.php?rest_route=%2Fwp%2Fv2%2Ftags&post=39103"}],"curies":[{"name":"wp","href":"https:\/\/api.w.org\/{rel}","templated":true}]}}