{"id":39099,"date":"2024-01-23T13:50:09","date_gmt":"2024-01-23T16:50:09","guid":{"rendered":"https:\/\/radiorevelacionfm.cl\/?p=39099"},"modified":"2024-01-23T13:50:09","modified_gmt":"2024-01-23T16:50:09","slug":"aysen-autenticos-decadentes-los-dinos-de-chile-nicko-og-y-jere-klein-se-suman-al-carnaval-del-agua","status":"publish","type":"post","link":"https:\/\/radiorevelacionfm.cl\/?p=39099","title":{"rendered":"Ays\u00e9n: \u201cAut\u00e9nticos Decadentes\u201d, \u201cLos Dinos de Chile\u201d, \u201cNicko og\u201d y \u201cJere Klein\u201d se suman al \u201cCarnaval del Agua\u201d"},"content":{"rendered":"<div class=\"flex_column av_one_full  flex_column_div av-zero-column-padding first  avia-builder-el-0  el_before_av_one_full  avia-builder-el-first  \" style='border-radius:0px; '><div  class='avia-image-container  av-styling-    avia-builder-el-1  avia-builder-el-no-sibling  avia-align-center '  itemprop=\"image\" itemscope=\"itemscope\" itemtype=\"https:\/\/schema.org\/ImageObject\"  ><div class='avia-image-container-inner'><div class='avia-image-overlay-wrap'><img decoding=\"async\" class='wp-image-39101 avia-img-lazy-loading-not-39101 avia_image' src=\"https:\/\/radiorevelacionfm.cl\/wp-content\/uploads\/2024\/01\/AFICHE-CARNAVAL-AGUA-2024-2-1.jpeg\" alt='' title='AFICHE CARNAVAL AGUA 2024 (2) (1)' height=\"879\" width=\"622\"  itemprop=\"thumbnailUrl\" srcset=\"https:\/\/radiorevelacionfm.cl\/wp-content\/uploads\/2024\/01\/AFICHE-CARNAVAL-AGUA-2024-2-1.jpeg 622w, https:\/\/radiorevelacionfm.cl\/wp-content\/uploads\/2024\/01\/AFICHE-CARNAVAL-AGUA-2024-2-1-212x300.jpeg 212w, https:\/\/radiorevelacionfm.cl\/wp-content\/uploads\/2024\/01\/AFICHE-CARNAVAL-AGUA-2024-2-1-499x705.jpeg 499w, https:\/\/radiorevelacionfm.cl\/wp-content\/uploads\/2024\/01\/AFICHE-CARNAVAL-AGUA-2024-2-1-450x636.jpeg 450w, https:\/\/radiorevelacionfm.cl\/wp-content\/uploads\/2024\/01\/AFICHE-CARNAVAL-AGUA-2024-2-1-600x848.jpeg 600w\" sizes=\"(max-width: 622px) 100vw, 622px\" \/><\/div><\/div><\/div><\/div><div class=\"flex_column av_one_full  flex_column_div av-zero-column-padding first  avia-builder-el-2  el_after_av_one_full  el_before_av_one_full  column-top-margin\" style='border-radius:0px; '><section class=\"av_textblock_section \"  itemscope=\"itemscope\" itemtype=\"https:\/\/schema.org\/BlogPosting\" itemprop=\"blogPost\" ><div class='avia_textblock  '   itemprop=\"text\" ><p style=\"text-align: center;\"><strong><span style=\"font-size: 18pt;\">Ays\u00e9n: \u201cAut\u00e9nticos Decadentes\u201d, \u201cLos Dinos de Chile\u201d, \u201cNicko og\u201d y \u201cJere Klein\u201d se suman al \u201cCarnaval del Agua\u201d<\/span><\/strong><\/p>\n<div id=\"gtx-trans\" style=\"position: absolute; left: -50px; top: 4.31534px;\">\n<div class=\"gtx-trans-icon\"><\/div>\n<\/div>\n<\/div><\/section><\/div><div class=\"flex_column av_one_full  flex_column_div av-zero-column-padding first  avia-builder-el-4  el_after_av_one_full  el_before_av_hr  column-top-margin\" style='border-radius:0px; '><section class=\"av_textblock_section \"  itemscope=\"itemscope\" itemtype=\"https:\/\/schema.org\/BlogPosting\" itemprop=\"blogPost\" ><div class='avia_textblock  '   itemprop=\"text\" ><p style=\"text-align: justify;\"><em>Esto complementa la parrilla de artistas ya confirmados para el 96 aniversario de Puerto Ays\u00e9n, \u201cLos Bunkers\u201d, \u201cDamas Gratis\u201d, \u201cPablo Chill-E y m\u00e1s de 15 artistas locales que estar\u00e1n presentes en la Fiesta de Puerto Ays\u00e9n.\u00a0<\/em><\/p>\n<p style=\"text-align: justify;\">Este fin de semana \u201cvive el verano en Ays\u00e9n\u201d se viene con una parrilla de artistas que han confirmado su presencia para la segunda versi\u00f3n del \u201cCarnaval del Agua\u201d en el contexto de los 96 a\u00f1os de Puerto Ays\u00e9n, desde m\u00fasica cristiana, rock latino, cumbia villera hasta la m\u00fasica urbana, contempla este festejo.<\/p>\n<p style=\"text-align: justify;\">Para este 2024, las actividades programas y otras que se vienen en los distintos \u00e1mbitos, cuentan con el financiamiento del Gobierno Regional de Ays\u00e9n, algo que el Alcalde Julio Uribe, puso en valor y agradeci\u00f3 a la Gobernadora, como as\u00ed tambi\u00e9n, a todo el cuerpo colegiado.<\/p>\n<p style=\"text-align: justify;\">Destacar que, para la \u201cJornada de la Iglesia Evang\u00e9lica\u201d se contar\u00e1 con Gadiel Espinoza, un artista internacional que ser\u00e1 parte de la actividad y desde Temuco Roberto Palma, entregar\u00e1n sus mejores alabanzas para quienes asistan al Parque Municipal, el d\u00eda 25 de enero a contar de las 18:30 horas.<\/p>\n<p style=\"text-align: justify;\">\u201cEl primer d\u00eda (25 de enero), un d\u00eda de oraci\u00f3n por Ays\u00e9n, donde traemos a un artista internacional cristiano, eso tambi\u00e9n es algo nuevo, es algo que estamos pidiendo por nuestra ciudad y traemos un orador internacional para que tenga su d\u00eda y la comunidad pueda disfrutar de esa alegr\u00eda que nos provoca la m\u00fasica cristiana\u201d, se\u00f1al\u00f3 el Alcalde de la comuna de Ays\u00e9n, Julio Uribe.<\/p>\n<p style=\"text-align: justify;\">Para el 26 de enero, se espera congregar a una multitud de j\u00f3venes de distintos puntos de la regi\u00f3n, ya que, para esa jornada se realizar\u00e1 la \u201cnoche urbana\u201d, con artistas como Nicko OG, Pablo Chill-E y Jere Klein. \u201cEse d\u00eda van a estar los mejores exponentes de este g\u00e9nero musical, como es, Nicko OG, Pablo Chill-E, tambi\u00e9n Jere Klein. Esto yo creo que es muy potente, sobre todo para la juventud, para que disfruten de la m\u00fasica que les gustan\u201d, coment\u00f3 la autoridad comunal.<\/p>\n<p style=\"text-align: justify;\">\u201cLa noche de Rock\u201d para el d\u00eda 27 de enero, donde habr\u00e1 dos bandas reconocidas a nivel nacional como son, \u201cJinny Jopler\u201d y \u201cLos Bunkers\u201d. \u201cUna noche de Rock, donde vamos a tener a Jinny Jopler, que es una banda de Rancagua que est\u00e1 dentro de los mejores en el ranking del rock, banda prometedora y ya los consagrados que hace 20 a\u00f1os estuvieron ac\u00e1, como son, Los Bunkers, una banda que est\u00e1 en los primeros lugares y que adem\u00e1s se presentar\u00e1 el pr\u00f3ximo mes en el Festival de Vi\u00f1a\u201d.<\/p>\n<p style=\"text-align: justify;\">La Cumbia Villera Argentina tambi\u00e9n se har\u00e1 presente en el Carnaval del Agua y su d\u00eda ser\u00e1 el domingo 28 de enero, donde sonar\u00e1n las canciones \u201cBaila Morena\u201d y \u201cDamas Gratis\u201d, mientras que el 29 de enero la cumbia ranchera llega con \u201cLos Dinos de Chile\u201d y el cierre ser\u00e1 con una reconocida banda internacional \u201cLos Aut\u00e9nticos Decadentes\u201d, destac\u00f3 el Alcalde Julio Uribe.<\/p>\n<p style=\"text-align: justify;\">\u201cEl 28 el d\u00eda de la cumbia, donde va a estar Baila Morena y tambi\u00e9n Damas Gratis, que es uno de los s\u00edmbolos de la cumbia villera y lo vamos a tener por primera vez en Puerto Ays\u00e9n. En el cierre del d\u00eda 29 de enero, vamos a tener a los Dinos de Chile y Los Aut\u00e9nticos Decadentes, creo que ese es el broche de oro de nuestro Carnaval del Agua, donde quiero invitar a toda la comunidad a sumarse a estas actividades que vamos a tener en nuestro parque municipal\u201d.<\/p>\n<p style=\"text-align: justify;\">Adem\u00e1s, se considera la presentaci\u00f3n de m\u00e1s de 15 artistas y grupos locales, durante el desarrollo del \u201cCarnaval del Agua\u201d y el 96 aniversario de Puerto Ays\u00e9n. Todas estas actividades, otras deportivas, ferias, actividades culturales, cuentan con el importante respaldo del Gobierno Regional de Ays\u00e9n.<\/p>\n<\/div><\/section><\/div><div  style='height:50px' class='hr hr-invisible   avia-builder-el-6  el_after_av_one_full  el_before_av_social_share '><span class='hr-inner ' ><span class='hr-inner-style'><\/span><\/span><\/div><\/p>\n<div  class='av-social-sharing-box  avia-builder-el-7  el_after_av_hr  el_before_av_hr  '><div class='av-share-box'><h5 class='av-share-link-description av-no-toc '>Compartir esta noticia<\/h5><ul class='av-share-box-list noLightbox'><li class='av-share-link av-social-link-facebook' ><a target=\"_blank\" aria-label=\"Compartir en Facebook\" href='https:\/\/www.facebook.com\/sharer.php?u=https:\/\/radiorevelacionfm.cl\/?p=39099&#038;t=Ays%C3%A9n%3A%20%E2%80%9CAut%C3%A9nticos%20Decadentes%E2%80%9D%2C%20%E2%80%9CLos%20Dinos%20de%20Chile%E2%80%9D%2C%20%E2%80%9CNicko%20og%E2%80%9D%20y%20%E2%80%9CJere%20Klein%E2%80%9D%20se%20suman%20al%20%E2%80%9CCarnaval%20del%20Agua%E2%80%9D' aria-hidden='false' data-av_icon='\ue8f3' data-av_iconfont='entypo-fontello' title='' data-avia-related-tooltip='Compartir en Facebook' rel=\"noopener\"><span class='avia_hidden_link_text'>Compartir en Facebook<\/span><\/a><\/li><li class='av-share-link av-social-link-twitter' ><a target=\"_blank\" aria-label=\"Compartir en Twitter\" href='https:\/\/twitter.com\/share?text=Ays%C3%A9n%3A%20%E2%80%9CAut%C3%A9nticos%20Decadentes%E2%80%9D%2C%20%E2%80%9CLos%20Dinos%20de%20Chile%E2%80%9D%2C%20%E2%80%9CNicko%20og%E2%80%9D%20y%20%E2%80%9CJere%20Klein%E2%80%9D%20se%20suman%20al%20%E2%80%9CCarnaval%20del%20Agua%E2%80%9D&#038;url=https:\/\/radiorevelacionfm.cl\/?p=39099' aria-hidden='false' data-av_icon='\ue8f1' data-av_iconfont='entypo-fontello' title='' data-avia-related-tooltip='Compartir en Twitter' rel=\"noopener\"><span class='avia_hidden_link_text'>Compartir en Twitter<\/span><\/a><\/li><li class='av-share-link av-social-link-whatsapp' ><a target=\"_blank\" aria-label=\"Compartir en Whatsapp\" href='https:\/\/api.whatsapp.com\/send?text=https:\/\/radiorevelacionfm.cl\/?p=39099' aria-hidden='false' data-av_icon='\uf232' data-av_iconfont='entypo-fontello' title='' data-avia-related-tooltip='Compartir en Whatsapp' rel=\"noopener\"><span class='avia_hidden_link_text'>Compartir en Whatsapp<\/span><\/a><\/li><li class='av-share-link av-social-link-linkedin' ><a target=\"_blank\" aria-label=\"Compartir en LinkedIn\" href='https:\/\/linkedin.com\/shareArticle?mini=true&#038;title=Ays%C3%A9n%3A%20%E2%80%9CAut%C3%A9nticos%20Decadentes%E2%80%9D%2C%20%E2%80%9CLos%20Dinos%20de%20Chile%E2%80%9D%2C%20%E2%80%9CNicko%20og%E2%80%9D%20y%20%E2%80%9CJere%20Klein%E2%80%9D%20se%20suman%20al%20%E2%80%9CCarnaval%20del%20Agua%E2%80%9D&#038;url=https:\/\/radiorevelacionfm.cl\/?p=39099' aria-hidden='false' data-av_icon='\ue8fc' data-av_iconfont='entypo-fontello' title='' data-avia-related-tooltip='Compartir en LinkedIn' rel=\"noopener\"><span class='avia_hidden_link_text'>Compartir en LinkedIn<\/span><\/a><\/li><li class='av-share-link av-social-link-mail' ><a  aria-label=\"Compartir por correo\" href='mailto:?subject=Ays%C3%A9n%3A%20%E2%80%9CAut%C3%A9nticos%20Decadentes%E2%80%9D%2C%20%E2%80%9CLos%20Dinos%20de%20Chile%E2%80%9D%2C%20%E2%80%9CNicko%20og%E2%80%9D%20y%20%E2%80%9CJere%20Klein%E2%80%9D%20se%20suman%20al%20%E2%80%9CCarnaval%20del%20Agua%E2%80%9D&#038;body=https:\/\/radiorevelacionfm.cl\/?p=39099' aria-hidden='false' data-av_icon='\ue805' data-av_iconfont='entypo-fontello' title='' data-avia-related-tooltip='Compartir por correo'><span class='avia_hidden_link_text'>Compartir por correo<\/span><\/a><\/li><\/ul><\/div><\/div>\n<div  style='height:50px' class='hr hr-invisible   avia-builder-el-8  el_after_av_social_share  el_before_av_comments_list '><span class='hr-inner ' ><span class='hr-inner-style'><\/span><\/span><\/div>\n<div  class='av-buildercomment  av-blog-meta-html-info-disabled av-blog-meta-tag-disabled  '><\/div>\n","protected":false},"excerpt":{"rendered":"","protected":false},"author":1,"featured_media":39101,"comment_status":"open","ping_status":"open","sticky":false,"template":"","format":"standard","meta":{"footnotes":""},"categories":[38],"tags":[],"class_list":["post-39099","post","type-post","status-publish","format-standard","has-post-thumbnail","hentry","category-regional"],"jetpack_featured_media_url":"https:\/\/radiorevelacionfm.cl\/wp-content\/uploads\/2024\/01\/AFICHE-CARNAVAL-AGUA-2024-2-1.jpeg","_links":{"self":[{"href":"https:\/\/radiorevelacionfm.cl\/index.php?rest_route=\/wp\/v2\/posts\/39099","targetHints":{"allow":["GET"]}}],"collection":[{"href":"https:\/\/radiorevelacionfm.cl\/index.php?rest_route=\/wp\/v2\/posts"}],"about":[{"href":"https:\/\/radiorevelacionfm.cl\/index.php?rest_route=\/wp\/v2\/types\/post"}],"author":[{"embeddable":true,"href":"https:\/\/radiorevelacionfm.cl\/index.php?rest_route=\/wp\/v2\/users\/1"}],"replies":[{"embeddable":true,"href":"https:\/\/radiorevelacionfm.cl\/index.php?rest_route=%2Fwp%2Fv2%2Fcomments&post=39099"}],"version-history":[{"count":1,"href":"https:\/\/radiorevelacionfm.cl\/index.php?rest_route=\/wp\/v2\/posts\/39099\/revisions"}],"predecessor-version":[{"id":39102,"href":"https:\/\/radiorevelacionfm.cl\/index.php?rest_route=\/wp\/v2\/posts\/39099\/revisions\/39102"}],"wp:featuredmedia":[{"embeddable":true,"href":"https:\/\/radiorevelacionfm.cl\/index.php?rest_route=\/wp\/v2\/media\/39101"}],"wp:attachment":[{"href":"https:\/\/radiorevelacionfm.cl\/index.php?rest_route=%2Fwp%2Fv2%2Fmedia&parent=39099"}],"wp:term":[{"taxonomy":"category","embeddable":true,"href":"https:\/\/radiorevelacionfm.cl\/index.php?rest_route=%2Fwp%2Fv2%2Fcategories&post=39099"},{"taxonomy":"post_tag","embeddable":true,"href":"https:\/\/radiorevelacionfm.cl\/index.php?rest_route=%2Fwp%2Fv2%2Ftags&post=39099"}],"curies":[{"name":"wp","href":"https:\/\/api.w.org\/{rel}","templated":true}]}}