{"id":39096,"date":"2024-01-23T13:12:55","date_gmt":"2024-01-23T16:12:55","guid":{"rendered":"https:\/\/radiorevelacionfm.cl\/?p=39096"},"modified":"2024-01-23T13:12:55","modified_gmt":"2024-01-23T16:12:55","slug":"ninos-y-adolescentes-de-red-proteccional-ya-cuentan-con-acceso-gratuito-a-polideportivo-de-aysen","status":"publish","type":"post","link":"https:\/\/radiorevelacionfm.cl\/?p=39096","title":{"rendered":"Ni\u00f1os y adolescentes de red proteccional ya cuentan con acceso gratuito a Polideportivo de Ays\u00e9n"},"content":{"rendered":"<div class=\"flex_column av_one_full  flex_column_div av-zero-column-padding first  avia-builder-el-0  el_before_av_one_full  avia-builder-el-first  \" style='border-radius:0px; '><div  class='avia-image-container  av-styling-    avia-builder-el-1  avia-builder-el-no-sibling  avia-align-center '  itemprop=\"image\" itemscope=\"itemscope\" itemtype=\"https:\/\/schema.org\/ImageObject\"  ><div class='avia-image-container-inner'><div class='avia-image-overlay-wrap'><img decoding=\"async\" class='wp-image-39097 avia-img-lazy-loading-not-39097 avia_image' src=\"https:\/\/radiorevelacionfm.cl\/wp-content\/uploads\/2024\/01\/PRENSA-3-1-1-1.jpg\" alt='' title='PRENSA 3 (1) (1) (1)' height=\"600\" width=\"1044\"  itemprop=\"thumbnailUrl\" srcset=\"https:\/\/radiorevelacionfm.cl\/wp-content\/uploads\/2024\/01\/PRENSA-3-1-1-1.jpg 1044w, https:\/\/radiorevelacionfm.cl\/wp-content\/uploads\/2024\/01\/PRENSA-3-1-1-1-300x172.jpg 300w, https:\/\/radiorevelacionfm.cl\/wp-content\/uploads\/2024\/01\/PRENSA-3-1-1-1-1030x592.jpg 1030w, https:\/\/radiorevelacionfm.cl\/wp-content\/uploads\/2024\/01\/PRENSA-3-1-1-1-768x441.jpg 768w, https:\/\/radiorevelacionfm.cl\/wp-content\/uploads\/2024\/01\/PRENSA-3-1-1-1-705x405.jpg 705w, https:\/\/radiorevelacionfm.cl\/wp-content\/uploads\/2024\/01\/PRENSA-3-1-1-1-450x259.jpg 450w, https:\/\/radiorevelacionfm.cl\/wp-content\/uploads\/2024\/01\/PRENSA-3-1-1-1-600x345.jpg 600w\" sizes=\"(max-width: 1044px) 100vw, 1044px\" \/><\/div><\/div><\/div><\/div><div class=\"flex_column av_one_full  flex_column_div av-zero-column-padding first  avia-builder-el-2  el_after_av_one_full  el_before_av_one_full  column-top-margin\" style='border-radius:0px; '><section class=\"av_textblock_section \"  itemscope=\"itemscope\" itemtype=\"https:\/\/schema.org\/BlogPosting\" itemprop=\"blogPost\" ><div class='avia_textblock  '   itemprop=\"text\" ><p style=\"text-align: center;\"><strong><span style=\"font-size: 18pt;\">Ni\u00f1os y adolescentes de red proteccional ya cuentan con acceso gratuito a Polideportivo de Ays\u00e9n<\/span><\/strong><\/p>\n<div id=\"gtx-trans\" style=\"position: absolute; left: -50px; top: 4.31534px;\">\n<div class=\"gtx-trans-icon\"><\/div>\n<\/div>\n<\/div><\/section><\/div><div class=\"flex_column av_one_full  flex_column_div av-zero-column-padding first  avia-builder-el-4  el_after_av_one_full  el_before_av_hr  column-top-margin\" style='border-radius:0px; '><section class=\"av_textblock_section \"  itemscope=\"itemscope\" itemtype=\"https:\/\/schema.org\/BlogPosting\" itemprop=\"blogPost\" ><div class='avia_textblock  '   itemprop=\"text\" ><p style=\"text-align: justify;\">Tras las gestiones de la Secretaria Regional del Ministerio de Desarrollo Social y Familia, Karina Acevedo Auad, con el alcalde de Puerto Ays\u00e9n, Julio Uribe Alvarado, el director regional (s) del Servicio Nacional de Protecci\u00f3n Especializada a la Ni\u00f1ez y Adolescencia, Javier Rodr\u00edguez Soto, firmaron un convenio de colaboraci\u00f3n en las dependencias del Polideportivo 21 de abril, para acceder gratuitamente a las instalaciones del recinto deportivo recreacional.<\/p>\n<p style=\"text-align: justify;\">\u201cHoy estamos ratificando a trav\u00e9s de esta importante alianza con el alcalde de la comuna de Ays\u00e9n y el Servicio de Protecci\u00f3n Especializada, el compromiso que tenemos como gobierno del presidente Gabriel Boric con la ni\u00f1ez y adolescencia garantizando la protecci\u00f3n de sus derechos y en esta ocasi\u00f3n dando la posibilidad a hacer uso de este recinto de forma gratuita que, sin duda, les ser\u00e1 muy beneficioso. Como Ministerio adem\u00e1s estamos mandatados a dar cumplimiento a la Ley de Garant\u00edas y Protecci\u00f3n Integral de Derechos de la Ni\u00f1ez y Adolescencia y nos llena de satisfacci\u00f3n que podamos avanzar en esta materia en la regi\u00f3n de Ays\u00e9n\u201d.<\/p>\n<p style=\"text-align: justify;\">Para el alcalde y presidente de la Corporaci\u00f3n de Deportes de la comuna de Ays\u00e9n en tanto, este convenio viene a ratificar el rol social que cumple el Polideportivo en orden a rehabilitar y apoyar a diversos sectores de la sociedad como adultos mayores, personas en situaci\u00f3n de discapacidad, ni\u00f1os y j\u00f3venes. \u201cNos tiene muy orgullosos firmar un convenio m\u00e1s para ir en ayuda de las ni\u00f1as, ni\u00f1os y adolescentes\u201d, destac\u00f3 Julio Uribe.<\/p>\n<p style=\"text-align: justify;\">Por su parte, el recientemente asumido director regional subrogante del Servicio de Protecci\u00f3n, Javier Rodr\u00edguez agradeci\u00f3 la disposici\u00f3n y apoyo de la secretaria regional y el edil junto con destacar que \u201cla particularidad de nuestros sujetos de acci\u00f3n es que sus derechos fueron gravemente vulnerados por lo que uno de los compromisos es restituirlos y mejorar sus condiciones de vida con colaboraciones como \u00e9stas\u201d. A partir de ahora todos ellas y ellos -cerca de 300 potenciales usuarios- junto a sus familias podr\u00e1n acceder gratuitamente a las diversas dependencias de la infraestructura tales como la sala de musculaci\u00f3n y la multicancha gracias a las voluntades de quienes firmamos en representaci\u00f3n de las instituciones presentes en este acto\u201d.<\/p>\n<p style=\"text-align: justify;\">En esta l\u00ednea, el soci\u00f3logo de profesi\u00f3n, destac\u00f3 la importancia que tiene el estrat\u00e9gico trabajo\u00a0 del intersector en instancias como la Comisi\u00f3n Coordinadora Regional, liderada por la Seremi de Desarrollo Social y Familia, que permite articular y focalizar los programas y acciones de instituciones p\u00fablicas y otras organizaciones de la sociedad.<\/p>\n<p style=\"text-align: justify;\">El convenio de colaboraci\u00f3n gratuito entre la Corporaci\u00f3n de Deportes y Recreaci\u00f3n de la Ilustre Municipalidad de Ays\u00e9n y el Servicio Nacional de Protecci\u00f3n Especializada a la Ni\u00f1ez y Adolescencia beneficiar\u00e1 a todas aquellas ni\u00f1as, ni\u00f1os y adolescentes que son parte de los Programas de Intervenci\u00f3n Especializada (PIE), Programa Especializado en Maltrato (PRM) y Acompa\u00f1amiento Familiar Territorial y Prevenci\u00f3n Focalizada (AFT-PF) operativos en Puerto Ays\u00e9n.<\/p>\n<\/div><\/section><\/div><div  style='height:50px' class='hr hr-invisible   avia-builder-el-6  el_after_av_one_full  el_before_av_social_share '><span class='hr-inner ' ><span class='hr-inner-style'><\/span><\/span><\/div><\/p>\n<div  class='av-social-sharing-box  avia-builder-el-7  el_after_av_hr  el_before_av_hr  '><div class='av-share-box'><h5 class='av-share-link-description av-no-toc '>Compartir esta noticia<\/h5><ul class='av-share-box-list noLightbox'><li class='av-share-link av-social-link-facebook' ><a target=\"_blank\" aria-label=\"Compartir en Facebook\" href='https:\/\/www.facebook.com\/sharer.php?u=https:\/\/radiorevelacionfm.cl\/?p=39096&#038;t=Ni%C3%B1os%20y%20adolescentes%20de%20red%20proteccional%20ya%20cuentan%20con%20acceso%20gratuito%20a%20Polideportivo%20de%20Ays%C3%A9n' aria-hidden='false' data-av_icon='\ue8f3' data-av_iconfont='entypo-fontello' title='' data-avia-related-tooltip='Compartir en Facebook' rel=\"noopener\"><span class='avia_hidden_link_text'>Compartir en Facebook<\/span><\/a><\/li><li class='av-share-link av-social-link-twitter' ><a target=\"_blank\" aria-label=\"Compartir en Twitter\" href='https:\/\/twitter.com\/share?text=Ni%C3%B1os%20y%20adolescentes%20de%20red%20proteccional%20ya%20cuentan%20con%20acceso%20gratuito%20a%20Polideportivo%20de%20Ays%C3%A9n&#038;url=https:\/\/radiorevelacionfm.cl\/?p=39096' aria-hidden='false' data-av_icon='\ue8f1' data-av_iconfont='entypo-fontello' title='' data-avia-related-tooltip='Compartir en Twitter' rel=\"noopener\"><span class='avia_hidden_link_text'>Compartir en Twitter<\/span><\/a><\/li><li class='av-share-link av-social-link-whatsapp' ><a target=\"_blank\" aria-label=\"Compartir en Whatsapp\" href='https:\/\/api.whatsapp.com\/send?text=https:\/\/radiorevelacionfm.cl\/?p=39096' aria-hidden='false' data-av_icon='\uf232' data-av_iconfont='entypo-fontello' title='' data-avia-related-tooltip='Compartir en Whatsapp' rel=\"noopener\"><span class='avia_hidden_link_text'>Compartir en Whatsapp<\/span><\/a><\/li><li class='av-share-link av-social-link-linkedin' ><a target=\"_blank\" aria-label=\"Compartir en LinkedIn\" href='https:\/\/linkedin.com\/shareArticle?mini=true&#038;title=Ni%C3%B1os%20y%20adolescentes%20de%20red%20proteccional%20ya%20cuentan%20con%20acceso%20gratuito%20a%20Polideportivo%20de%20Ays%C3%A9n&#038;url=https:\/\/radiorevelacionfm.cl\/?p=39096' aria-hidden='false' data-av_icon='\ue8fc' data-av_iconfont='entypo-fontello' title='' data-avia-related-tooltip='Compartir en LinkedIn' rel=\"noopener\"><span class='avia_hidden_link_text'>Compartir en LinkedIn<\/span><\/a><\/li><li class='av-share-link av-social-link-mail' ><a  aria-label=\"Compartir por correo\" href='mailto:?subject=Ni%C3%B1os%20y%20adolescentes%20de%20red%20proteccional%20ya%20cuentan%20con%20acceso%20gratuito%20a%20Polideportivo%20de%20Ays%C3%A9n&#038;body=https:\/\/radiorevelacionfm.cl\/?p=39096' aria-hidden='false' data-av_icon='\ue805' data-av_iconfont='entypo-fontello' title='' data-avia-related-tooltip='Compartir por correo'><span class='avia_hidden_link_text'>Compartir por correo<\/span><\/a><\/li><\/ul><\/div><\/div>\n<div  style='height:50px' class='hr hr-invisible   avia-builder-el-8  el_after_av_social_share  el_before_av_comments_list '><span class='hr-inner ' ><span class='hr-inner-style'><\/span><\/span><\/div>\n<div  class='av-buildercomment  av-blog-meta-html-info-disabled av-blog-meta-tag-disabled  '><\/div>\n","protected":false},"excerpt":{"rendered":"","protected":false},"author":1,"featured_media":39097,"comment_status":"open","ping_status":"open","sticky":false,"template":"","format":"standard","meta":{"footnotes":""},"categories":[38],"tags":[],"class_list":["post-39096","post","type-post","status-publish","format-standard","has-post-thumbnail","hentry","category-regional"],"jetpack_featured_media_url":"https:\/\/radiorevelacionfm.cl\/wp-content\/uploads\/2024\/01\/PRENSA-3-1-1-1.jpg","_links":{"self":[{"href":"https:\/\/radiorevelacionfm.cl\/index.php?rest_route=\/wp\/v2\/posts\/39096","targetHints":{"allow":["GET"]}}],"collection":[{"href":"https:\/\/radiorevelacionfm.cl\/index.php?rest_route=\/wp\/v2\/posts"}],"about":[{"href":"https:\/\/radiorevelacionfm.cl\/index.php?rest_route=\/wp\/v2\/types\/post"}],"author":[{"embeddable":true,"href":"https:\/\/radiorevelacionfm.cl\/index.php?rest_route=\/wp\/v2\/users\/1"}],"replies":[{"embeddable":true,"href":"https:\/\/radiorevelacionfm.cl\/index.php?rest_route=%2Fwp%2Fv2%2Fcomments&post=39096"}],"version-history":[{"count":1,"href":"https:\/\/radiorevelacionfm.cl\/index.php?rest_route=\/wp\/v2\/posts\/39096\/revisions"}],"predecessor-version":[{"id":39098,"href":"https:\/\/radiorevelacionfm.cl\/index.php?rest_route=\/wp\/v2\/posts\/39096\/revisions\/39098"}],"wp:featuredmedia":[{"embeddable":true,"href":"https:\/\/radiorevelacionfm.cl\/index.php?rest_route=\/wp\/v2\/media\/39097"}],"wp:attachment":[{"href":"https:\/\/radiorevelacionfm.cl\/index.php?rest_route=%2Fwp%2Fv2%2Fmedia&parent=39096"}],"wp:term":[{"taxonomy":"category","embeddable":true,"href":"https:\/\/radiorevelacionfm.cl\/index.php?rest_route=%2Fwp%2Fv2%2Fcategories&post=39096"},{"taxonomy":"post_tag","embeddable":true,"href":"https:\/\/radiorevelacionfm.cl\/index.php?rest_route=%2Fwp%2Fv2%2Ftags&post=39096"}],"curies":[{"name":"wp","href":"https:\/\/api.w.org\/{rel}","templated":true}]}}