{"id":39093,"date":"2024-01-23T12:27:14","date_gmt":"2024-01-23T15:27:14","guid":{"rendered":"https:\/\/radiorevelacionfm.cl\/?p=39093"},"modified":"2024-01-23T12:27:14","modified_gmt":"2024-01-23T15:27:14","slug":"abren-nueva-convocatoria-para-impulsar-negocios-entre-empresas-alemanas-y-pymes-nacionales-lideradas-por-mujeres","status":"publish","type":"post","link":"https:\/\/radiorevelacionfm.cl\/?p=39093","title":{"rendered":"Abren nueva convocatoria para impulsar negocios entre empresas alemanas y pymes nacionales lideradas por mujeres"},"content":{"rendered":"<div class=\"flex_column av_one_full  flex_column_div av-zero-column-padding first  avia-builder-el-0  el_before_av_one_full  avia-builder-el-first  \" style='border-radius:0px; '><div  class='avia-image-container  av-styling-    avia-builder-el-1  avia-builder-el-no-sibling  avia-align-center '  itemprop=\"image\" itemscope=\"itemscope\" itemtype=\"https:\/\/schema.org\/ImageObject\"  ><div class='avia-image-container-inner'><div class='avia-image-overlay-wrap'><img decoding=\"async\" class='wp-image-39094 avia-img-lazy-loading-not-39094 avia_image' src=\"https:\/\/radiorevelacionfm.cl\/wp-content\/uploads\/2024\/01\/Foto-PBG-1-1.jpg\" alt='' title='Foto PBG (1) (1)' height=\"600\" width=\"899\"  itemprop=\"thumbnailUrl\" srcset=\"https:\/\/radiorevelacionfm.cl\/wp-content\/uploads\/2024\/01\/Foto-PBG-1-1.jpg 899w, https:\/\/radiorevelacionfm.cl\/wp-content\/uploads\/2024\/01\/Foto-PBG-1-1-300x200.jpg 300w, https:\/\/radiorevelacionfm.cl\/wp-content\/uploads\/2024\/01\/Foto-PBG-1-1-768x513.jpg 768w, https:\/\/radiorevelacionfm.cl\/wp-content\/uploads\/2024\/01\/Foto-PBG-1-1-705x471.jpg 705w, https:\/\/radiorevelacionfm.cl\/wp-content\/uploads\/2024\/01\/Foto-PBG-1-1-450x300.jpg 450w, https:\/\/radiorevelacionfm.cl\/wp-content\/uploads\/2024\/01\/Foto-PBG-1-1-600x400.jpg 600w\" sizes=\"(max-width: 899px) 100vw, 899px\" \/><\/div><\/div><\/div><\/div><div class=\"flex_column av_one_full  flex_column_div av-zero-column-padding first  avia-builder-el-2  el_after_av_one_full  el_before_av_one_full  column-top-margin\" style='border-radius:0px; '><section class=\"av_textblock_section \"  itemscope=\"itemscope\" itemtype=\"https:\/\/schema.org\/BlogPosting\" itemprop=\"blogPost\" ><div class='avia_textblock  '   itemprop=\"text\" ><p style=\"text-align: center;\"><span style=\"font-size: 18pt;\"><b>Abren nueva convocatoria para impulsar negocios entre empresas alemanas y pymes nacionales lideradas por mujeres<\/b><\/span><\/p>\n<div id=\"gtx-trans\" style=\"position: absolute; left: -50px; top: 4.31534px;\">\n<div class=\"gtx-trans-icon\"><\/div>\n<\/div>\n<\/div><\/section><\/div><div class=\"flex_column av_one_full  flex_column_div av-zero-column-padding first  avia-builder-el-4  el_after_av_one_full  el_before_av_hr  column-top-margin\" style='border-radius:0px; '><section class=\"av_textblock_section \"  itemscope=\"itemscope\" itemtype=\"https:\/\/schema.org\/BlogPosting\" itemprop=\"blogPost\" ><div class='avia_textblock  '   itemprop=\"text\" ><p style=\"font-weight: 400; text-align: justify;\"><em>Este programa de formaci\u00f3n tiene como objetivo la creaci\u00f3n de contactos comerciales y de cooperaci\u00f3n, fomentando la construcci\u00f3n de lazos sostenibles con posibles socios alemanes. Por primera vez, esta convocatoria est\u00e1 exclusivamente dirigida a mujeres.<\/em><\/p>\n<p style=\"font-weight: 400; text-align: justify;\">El Ministerio de Econom\u00eda y Acci\u00f3n Clim\u00e1tica de Alemania y el Ministerio de Econom\u00eda, Fomento y Turismo de Chile, bajo la coordinaci\u00f3n de GIZ y Corfo, invitan a empresarias o mujeres que lideran Pymes nacionales, a postular al programa de formaci\u00f3n gerencial Partnering in Business with Germany.<\/p>\n<p style=\"font-weight: 400; text-align: justify;\">La iniciativa busca generar v\u00ednculos con el mercado y cultura de negocios alem\u00e1n permitiendo a sus participantes obtener una experiencia concreta con potenciales socios\/as del pa\u00eds europeo. El programa considera tres etapas: capacitaci\u00f3n online durante seis semanas, viaje a Alemania por dos semanas para realizar visitas a empresas y entrevistas presenciales y, por \u00faltimo, la implementaci\u00f3n de los conocimientos adquiridos en sus pymes, en un periodo de seis meses.<\/p>\n<p style=\"font-weight: 400; text-align: justify;\">\u201cEn\u00a0Corfo, estamos convencidos de que la participaci\u00f3n de mujeres contribuye al fortalecimiento del tejido econ\u00f3mico y social, consolidando un impacto positivo en la comunidad empresarial de nuestro pa\u00eds\u201d, se\u00f1al\u00f3 el Gerente de Redes y Territorios de Corfo, Claudio Valenzuela.<\/p>\n<p style=\"font-weight: 400; text-align: justify;\">La etapa de formaci\u00f3n est\u00e1 centrada en el fortalecimiento de competencias en las \u00e1reas de administraci\u00f3n de empresa y relaciones internacionales. Adem\u00e1s, centros de formaci\u00f3n alemanes certificados preparan y orientan a las participantes en el proceso de entrenamiento.<\/p>\n<p style=\"font-weight: 400; text-align: justify;\">Son dos los requisitos claves para postular: dominio avanzado de ingl\u00e9s y presentar una idea de proyecto de cooperaci\u00f3n comercial que tenga visi\u00f3n de largo plazo. Este \u00faltimo elemento es clave, porque las empresas que participen deben tener la capacidad de ofrecer un producto o servicio que est\u00e9 en el mercado.<\/p>\n<p style=\"font-weight: 400; text-align: justify;\">La convocatoria estar\u00e1 abierta hasta el 1 de marzo de 2024. Para m\u00e1s informaci\u00f3n ingresa\u00a0<a href=\"https:\/\/www.corfo.cl\/sites\/cpp\/convocatorias\/partnering_in_business_with_germany_pbg_2do\" data-saferedirecturl=\"https:\/\/www.google.com\/url?q=https:\/\/www.corfo.cl\/sites\/cpp\/convocatorias\/partnering_in_business_with_germany_pbg_2do&amp;source=gmail&amp;ust=1706109489119000&amp;usg=AOvVaw3VVc1rAGXGRQ-O_5zpxP68\"><strong>aqu\u00ed<\/strong><\/a>.<\/p>\n<\/div><\/section><\/div><div  style='height:50px' class='hr hr-invisible   avia-builder-el-6  el_after_av_one_full  el_before_av_social_share '><span class='hr-inner ' ><span class='hr-inner-style'><\/span><\/span><\/div><\/p>\n<div  class='av-social-sharing-box  avia-builder-el-7  el_after_av_hr  el_before_av_hr  '><div class='av-share-box'><h5 class='av-share-link-description av-no-toc '>Compartir esta noticia<\/h5><ul class='av-share-box-list noLightbox'><li class='av-share-link av-social-link-facebook' ><a target=\"_blank\" aria-label=\"Compartir en Facebook\" href='https:\/\/www.facebook.com\/sharer.php?u=https:\/\/radiorevelacionfm.cl\/?p=39093&#038;t=Abren%20nueva%20convocatoria%20para%20impulsar%20negocios%20entre%20empresas%20alemanas%20y%20pymes%20nacionales%20lideradas%20por%20mujeres' aria-hidden='false' data-av_icon='\ue8f3' data-av_iconfont='entypo-fontello' title='' data-avia-related-tooltip='Compartir en Facebook' rel=\"noopener\"><span class='avia_hidden_link_text'>Compartir en Facebook<\/span><\/a><\/li><li class='av-share-link av-social-link-twitter' ><a target=\"_blank\" aria-label=\"Compartir en Twitter\" href='https:\/\/twitter.com\/share?text=Abren%20nueva%20convocatoria%20para%20impulsar%20negocios%20entre%20empresas%20alemanas%20y%20pymes%20nacionales%20lideradas%20por%20mujeres&#038;url=https:\/\/radiorevelacionfm.cl\/?p=39093' aria-hidden='false' data-av_icon='\ue8f1' data-av_iconfont='entypo-fontello' title='' data-avia-related-tooltip='Compartir en Twitter' rel=\"noopener\"><span class='avia_hidden_link_text'>Compartir en Twitter<\/span><\/a><\/li><li class='av-share-link av-social-link-whatsapp' ><a target=\"_blank\" aria-label=\"Compartir en Whatsapp\" href='https:\/\/api.whatsapp.com\/send?text=https:\/\/radiorevelacionfm.cl\/?p=39093' aria-hidden='false' data-av_icon='\uf232' data-av_iconfont='entypo-fontello' title='' data-avia-related-tooltip='Compartir en Whatsapp' rel=\"noopener\"><span class='avia_hidden_link_text'>Compartir en Whatsapp<\/span><\/a><\/li><li class='av-share-link av-social-link-linkedin' ><a target=\"_blank\" aria-label=\"Compartir en LinkedIn\" href='https:\/\/linkedin.com\/shareArticle?mini=true&#038;title=Abren%20nueva%20convocatoria%20para%20impulsar%20negocios%20entre%20empresas%20alemanas%20y%20pymes%20nacionales%20lideradas%20por%20mujeres&#038;url=https:\/\/radiorevelacionfm.cl\/?p=39093' aria-hidden='false' data-av_icon='\ue8fc' data-av_iconfont='entypo-fontello' title='' data-avia-related-tooltip='Compartir en LinkedIn' rel=\"noopener\"><span class='avia_hidden_link_text'>Compartir en LinkedIn<\/span><\/a><\/li><li class='av-share-link av-social-link-mail' ><a  aria-label=\"Compartir por correo\" href='mailto:?subject=Abren%20nueva%20convocatoria%20para%20impulsar%20negocios%20entre%20empresas%20alemanas%20y%20pymes%20nacionales%20lideradas%20por%20mujeres&#038;body=https:\/\/radiorevelacionfm.cl\/?p=39093' aria-hidden='false' data-av_icon='\ue805' data-av_iconfont='entypo-fontello' title='' data-avia-related-tooltip='Compartir por correo'><span class='avia_hidden_link_text'>Compartir por correo<\/span><\/a><\/li><\/ul><\/div><\/div>\n<div  style='height:50px' class='hr hr-invisible   avia-builder-el-8  el_after_av_social_share  el_before_av_comments_list '><span class='hr-inner ' ><span class='hr-inner-style'><\/span><\/span><\/div>\n<div  class='av-buildercomment  av-blog-meta-html-info-disabled av-blog-meta-tag-disabled  '><\/div>\n","protected":false},"excerpt":{"rendered":"","protected":false},"author":1,"featured_media":39094,"comment_status":"open","ping_status":"open","sticky":false,"template":"","format":"standard","meta":{"footnotes":""},"categories":[61],"tags":[],"class_list":["post-39093","post","type-post","status-publish","format-standard","has-post-thumbnail","hentry","category-nacional"],"jetpack_featured_media_url":"https:\/\/radiorevelacionfm.cl\/wp-content\/uploads\/2024\/01\/Foto-PBG-1-1.jpg","_links":{"self":[{"href":"https:\/\/radiorevelacionfm.cl\/index.php?rest_route=\/wp\/v2\/posts\/39093","targetHints":{"allow":["GET"]}}],"collection":[{"href":"https:\/\/radiorevelacionfm.cl\/index.php?rest_route=\/wp\/v2\/posts"}],"about":[{"href":"https:\/\/radiorevelacionfm.cl\/index.php?rest_route=\/wp\/v2\/types\/post"}],"author":[{"embeddable":true,"href":"https:\/\/radiorevelacionfm.cl\/index.php?rest_route=\/wp\/v2\/users\/1"}],"replies":[{"embeddable":true,"href":"https:\/\/radiorevelacionfm.cl\/index.php?rest_route=%2Fwp%2Fv2%2Fcomments&post=39093"}],"version-history":[{"count":1,"href":"https:\/\/radiorevelacionfm.cl\/index.php?rest_route=\/wp\/v2\/posts\/39093\/revisions"}],"predecessor-version":[{"id":39095,"href":"https:\/\/radiorevelacionfm.cl\/index.php?rest_route=\/wp\/v2\/posts\/39093\/revisions\/39095"}],"wp:featuredmedia":[{"embeddable":true,"href":"https:\/\/radiorevelacionfm.cl\/index.php?rest_route=\/wp\/v2\/media\/39094"}],"wp:attachment":[{"href":"https:\/\/radiorevelacionfm.cl\/index.php?rest_route=%2Fwp%2Fv2%2Fmedia&parent=39093"}],"wp:term":[{"taxonomy":"category","embeddable":true,"href":"https:\/\/radiorevelacionfm.cl\/index.php?rest_route=%2Fwp%2Fv2%2Fcategories&post=39093"},{"taxonomy":"post_tag","embeddable":true,"href":"https:\/\/radiorevelacionfm.cl\/index.php?rest_route=%2Fwp%2Fv2%2Ftags&post=39093"}],"curies":[{"name":"wp","href":"https:\/\/api.w.org\/{rel}","templated":true}]}}