{"id":39085,"date":"2024-01-23T10:32:30","date_gmt":"2024-01-23T13:32:30","guid":{"rendered":"https:\/\/radiorevelacionfm.cl\/?p=39085"},"modified":"2024-01-23T10:42:28","modified_gmt":"2024-01-23T13:42:28","slug":"altas-temperaturas-aumenta-el-riesgo-de-incendios-forestales-en-la-region-de-aysen","status":"publish","type":"post","link":"https:\/\/radiorevelacionfm.cl\/?p=39085","title":{"rendered":"Altas temperaturas aumenta el riesgo de incendios forestales en la regi\u00f3n de Ays\u00e9n"},"content":{"rendered":"<div class=\"flex_column av_one_full  flex_column_div av-zero-column-padding first  avia-builder-el-0  el_before_av_one_full  avia-builder-el-first  \" style='border-radius:0px; '><div  class='avia-image-container  av-styling-    avia-builder-el-1  avia-builder-el-no-sibling  avia-align-center '  itemprop=\"image\" itemscope=\"itemscope\" itemtype=\"https:\/\/schema.org\/ImageObject\"  ><div class='avia-image-container-inner'><div class='avia-image-overlay-wrap'><img decoding=\"async\" class='wp-image-39088 avia-img-lazy-loading-not-39088 avia_image' src=\"https:\/\/radiorevelacionfm.cl\/wp-content\/uploads\/2024\/01\/incendios4_optimized.jpg\" alt='' title='incendios4_optimized' height=\"600\" width=\"880\"  itemprop=\"thumbnailUrl\" srcset=\"https:\/\/radiorevelacionfm.cl\/wp-content\/uploads\/2024\/01\/incendios4_optimized.jpg 880w, https:\/\/radiorevelacionfm.cl\/wp-content\/uploads\/2024\/01\/incendios4_optimized-300x205.jpg 300w, https:\/\/radiorevelacionfm.cl\/wp-content\/uploads\/2024\/01\/incendios4_optimized-768x524.jpg 768w, https:\/\/radiorevelacionfm.cl\/wp-content\/uploads\/2024\/01\/incendios4_optimized-705x481.jpg 705w, https:\/\/radiorevelacionfm.cl\/wp-content\/uploads\/2024\/01\/incendios4_optimized-450x307.jpg 450w, https:\/\/radiorevelacionfm.cl\/wp-content\/uploads\/2024\/01\/incendios4_optimized-600x409.jpg 600w\" sizes=\"(max-width: 880px) 100vw, 880px\" \/><\/div><\/div><\/div><\/div><div class=\"flex_column av_one_full  flex_column_div av-zero-column-padding first  avia-builder-el-2  el_after_av_one_full  el_before_av_one_full  column-top-margin\" style='border-radius:0px; '><section class=\"av_textblock_section \"  itemscope=\"itemscope\" itemtype=\"https:\/\/schema.org\/BlogPosting\" itemprop=\"blogPost\" ><div class='avia_textblock  '   itemprop=\"text\" ><p style=\"text-align: center;\"><strong><span style=\"font-size: 18pt;\">Altas temperaturas aumenta el riesgo de incendios forestales en la regi\u00f3n de Ays\u00e9n<\/span><\/strong><\/p>\n<div id=\"gtx-trans\" style=\"position: absolute; left: -50px; top: 4.31534px;\">\n<div class=\"gtx-trans-icon\"><\/div>\n<\/div>\n<\/div><\/section><\/div><\/p>\n<div class=\"flex_column av_one_full  flex_column_div av-zero-column-padding first  avia-builder-el-4  el_after_av_one_full  el_before_av_hr  column-top-margin\" style='border-radius:0px; '><section class=\"av_textblock_section \"  itemscope=\"itemscope\" itemtype=\"https:\/\/schema.org\/BlogPosting\" itemprop=\"blogPost\" ><div class='avia_textblock  '   itemprop=\"text\" ><p style=\"font-weight: 400; text-align: justify;\">La regi\u00f3n de Ays\u00e9n ha entrado en el per\u00edodo de mayor peligro de ocurrencia de incendios forestales. As\u00ed lo informaron las autoridades regionales, tras la reuni\u00f3n del COGRID (Comit\u00e9 Regional Para la Gesti\u00f3n del Riesgo de Desastres) efectuada durante la ma\u00f1ana del lunes 22 de enero.<\/p>\n<p style=\"font-weight: 400; text-align: justify;\">El COGRID fue convocado por el delegado presidencial Rodrigo Araya, para evaluar el desarrollo del Plan Regional de Protecci\u00f3n Contra Incendios Forestales y cont\u00f3 con la participaci\u00f3n de las Seremi de Agricultura, Gobierno, Energ\u00eda, Medio Ambiente, Vivienda, Salud, MOP, Gobierno Regional, Educaci\u00f3n y Transporte, as\u00ed como CONAF, Carabineros, Bomberos, Ej\u00e9rcito y SENAPRED.<\/p>\n<p style=\"font-weight: 400; text-align: justify;\">En la oportunidad los especialistas de CONAF informaron que desde el 12 de octubre hasta el 16 de enero se han producido 16 incendios forestales con 43,1 hect\u00e1reas afectadas, lo que representa cifras positivas hasta la fecha.<\/p>\n<p style=\"font-weight: 400; text-align: justify;\">Sin embargo, se report\u00f3 tambi\u00e9n que se han iniciado condiciones meteorol\u00f3gicas muy complejas para la regi\u00f3n, por lo que desde esta fecha y hasta el mes de marzo, nos encontramos en el per\u00edodo de mayor peligro de ocurrencia de incendios forestales.<\/p>\n<p style=\"font-weight: 400; text-align: justify;\">El director regional (s.) de CONAF, Ronald Valenzuela, alert\u00f3 sobre las condiciones que vive la regi\u00f3n desde este momento. \u201cQuiero hacer un llamado a la poblaci\u00f3n y recordar que a partir de esta fecha, se viene el per\u00edodo m\u00e1s complejo en cuanto a condiciones meteorol\u00f3gicas y riesgo de incendios forestales. CONAF hace un llamado enf\u00e1tico porque la principal aliada en esta tarea es la poblaci\u00f3n\u201d, indic\u00f3.<\/p>\n<p style=\"font-weight: 400; text-align: justify;\">Asimismo, destac\u00f3 los recursos de que dispone la instituci\u00f3n para enfrentar estas condiciones. \u201cEl gobierno ha dispuesto todos los recursos posibles. Como nunca en esta fecha, tenemos un segundo helic\u00f3ptero, destacado en Cochrane, tenemos 15 brigadas activas y tambi\u00e9n por primera vez, tenemos la posibilidad de que opere desde el aeropuerto de Balmaceda un avi\u00f3n tanquero\u201d, se\u00f1al\u00f3 el director (s.) de CONAF.<\/p>\n<p style=\"font-weight: 400; text-align: justify;\">Para el delegado presidencial regional, Rodrigo Araya, la decisi\u00f3n del gobierno de aumentar los recursos un 47% en esta \u00e1rea, respecto de la temporada anterior, ya demostr\u00f3 su valor en el incendio en la zona de Mall\u00edn Grande, donde gracias al helic\u00f3ptero con base en Cochrane y el que se encuentra en Coyhaique, se cont\u00f3 con una respuesta inicial oportuna.<\/p>\n<p style=\"font-weight: 400; text-align: justify;\">El delegado presidencial llam\u00f3 a la comunidad a tomar conciencia de la situaci\u00f3n de peligro que atraviesa la regi\u00f3n, a prop\u00f3sito de las condiciones clim\u00e1ticas propicias para la propagaci\u00f3n de los incendios forestales. \u201cLos incendios forestales se originan por causa humana. Si usted visualiza humo en cualquier parte del territorio, eso es un incendio forestal hasta que no se demuestre lo contrario, porque est\u00e1n prohibidas las quemas en nuestra regi\u00f3n. Hacemos un llamado a la prevenci\u00f3n, porque por mucho que tengamos recursos, el mejor incendio es el que no se produce\u201d, se\u00f1al\u00f3 el delegado.<\/p>\n<p style=\"font-weight: 400; text-align: justify;\">Las autoridades regionales presentes en el COGRID se\u00f1alaron que todas las instituciones est\u00e1n comprometidas con el trabajo de prevenci\u00f3n, para mantener a la comunidad regional en alerta frente a la amenaza de los incendios forestales.<\/p>\n<\/div><\/section><\/div>\n<div  style='height:50px' class='hr hr-invisible   avia-builder-el-6  el_after_av_one_full  el_before_av_social_share '><span class='hr-inner ' ><span class='hr-inner-style'><\/span><\/span><\/div>\n<div  class='av-social-sharing-box  avia-builder-el-7  el_after_av_hr  el_before_av_hr  '><div class='av-share-box'><h5 class='av-share-link-description av-no-toc '>Compartir esta noticia<\/h5><ul class='av-share-box-list noLightbox'><li class='av-share-link av-social-link-facebook' ><a target=\"_blank\" aria-label=\"Compartir en Facebook\" href='https:\/\/www.facebook.com\/sharer.php?u=https:\/\/radiorevelacionfm.cl\/?p=39085&#038;t=Altas%20temperaturas%20aumenta%20el%20riesgo%20de%20incendios%20forestales%20en%20la%20regi%C3%B3n%20de%20Ays%C3%A9n' aria-hidden='false' data-av_icon='\ue8f3' data-av_iconfont='entypo-fontello' title='' data-avia-related-tooltip='Compartir en Facebook' rel=\"noopener\"><span class='avia_hidden_link_text'>Compartir en Facebook<\/span><\/a><\/li><li class='av-share-link av-social-link-twitter' ><a target=\"_blank\" aria-label=\"Compartir en Twitter\" href='https:\/\/twitter.com\/share?text=Altas%20temperaturas%20aumenta%20el%20riesgo%20de%20incendios%20forestales%20en%20la%20regi%C3%B3n%20de%20Ays%C3%A9n&#038;url=https:\/\/radiorevelacionfm.cl\/?p=39085' aria-hidden='false' data-av_icon='\ue8f1' data-av_iconfont='entypo-fontello' title='' data-avia-related-tooltip='Compartir en Twitter' rel=\"noopener\"><span class='avia_hidden_link_text'>Compartir en Twitter<\/span><\/a><\/li><li class='av-share-link av-social-link-whatsapp' ><a target=\"_blank\" aria-label=\"Compartir en Whatsapp\" href='https:\/\/api.whatsapp.com\/send?text=https:\/\/radiorevelacionfm.cl\/?p=39085' aria-hidden='false' data-av_icon='\uf232' data-av_iconfont='entypo-fontello' title='' data-avia-related-tooltip='Compartir en Whatsapp' rel=\"noopener\"><span class='avia_hidden_link_text'>Compartir en Whatsapp<\/span><\/a><\/li><li class='av-share-link av-social-link-linkedin' ><a target=\"_blank\" aria-label=\"Compartir en LinkedIn\" href='https:\/\/linkedin.com\/shareArticle?mini=true&#038;title=Altas%20temperaturas%20aumenta%20el%20riesgo%20de%20incendios%20forestales%20en%20la%20regi%C3%B3n%20de%20Ays%C3%A9n&#038;url=https:\/\/radiorevelacionfm.cl\/?p=39085' aria-hidden='false' data-av_icon='\ue8fc' data-av_iconfont='entypo-fontello' title='' data-avia-related-tooltip='Compartir en LinkedIn' rel=\"noopener\"><span class='avia_hidden_link_text'>Compartir en LinkedIn<\/span><\/a><\/li><li class='av-share-link av-social-link-mail' ><a  aria-label=\"Compartir por correo\" href='mailto:?subject=Altas%20temperaturas%20aumenta%20el%20riesgo%20de%20incendios%20forestales%20en%20la%20regi%C3%B3n%20de%20Ays%C3%A9n&#038;body=https:\/\/radiorevelacionfm.cl\/?p=39085' aria-hidden='false' data-av_icon='\ue805' data-av_iconfont='entypo-fontello' title='' data-avia-related-tooltip='Compartir por correo'><span class='avia_hidden_link_text'>Compartir por correo<\/span><\/a><\/li><\/ul><\/div><\/div>\n<div  style='height:50px' class='hr hr-invisible   avia-builder-el-8  el_after_av_social_share  el_before_av_comments_list '><span class='hr-inner ' ><span class='hr-inner-style'><\/span><\/span><\/div>\n<div  class='av-buildercomment  av-blog-meta-html-info-disabled av-blog-meta-tag-disabled  '><\/div>\n","protected":false},"excerpt":{"rendered":"","protected":false},"author":1,"featured_media":39088,"comment_status":"open","ping_status":"open","sticky":false,"template":"","format":"standard","meta":{"footnotes":""},"categories":[38],"tags":[],"class_list":["post-39085","post","type-post","status-publish","format-standard","has-post-thumbnail","hentry","category-regional"],"jetpack_featured_media_url":"https:\/\/radiorevelacionfm.cl\/wp-content\/uploads\/2024\/01\/incendios4_optimized.jpg","_links":{"self":[{"href":"https:\/\/radiorevelacionfm.cl\/index.php?rest_route=\/wp\/v2\/posts\/39085","targetHints":{"allow":["GET"]}}],"collection":[{"href":"https:\/\/radiorevelacionfm.cl\/index.php?rest_route=\/wp\/v2\/posts"}],"about":[{"href":"https:\/\/radiorevelacionfm.cl\/index.php?rest_route=\/wp\/v2\/types\/post"}],"author":[{"embeddable":true,"href":"https:\/\/radiorevelacionfm.cl\/index.php?rest_route=\/wp\/v2\/users\/1"}],"replies":[{"embeddable":true,"href":"https:\/\/radiorevelacionfm.cl\/index.php?rest_route=%2Fwp%2Fv2%2Fcomments&post=39085"}],"version-history":[{"count":2,"href":"https:\/\/radiorevelacionfm.cl\/index.php?rest_route=\/wp\/v2\/posts\/39085\/revisions"}],"predecessor-version":[{"id":39089,"href":"https:\/\/radiorevelacionfm.cl\/index.php?rest_route=\/wp\/v2\/posts\/39085\/revisions\/39089"}],"wp:featuredmedia":[{"embeddable":true,"href":"https:\/\/radiorevelacionfm.cl\/index.php?rest_route=\/wp\/v2\/media\/39088"}],"wp:attachment":[{"href":"https:\/\/radiorevelacionfm.cl\/index.php?rest_route=%2Fwp%2Fv2%2Fmedia&parent=39085"}],"wp:term":[{"taxonomy":"category","embeddable":true,"href":"https:\/\/radiorevelacionfm.cl\/index.php?rest_route=%2Fwp%2Fv2%2Fcategories&post=39085"},{"taxonomy":"post_tag","embeddable":true,"href":"https:\/\/radiorevelacionfm.cl\/index.php?rest_route=%2Fwp%2Fv2%2Ftags&post=39085"}],"curies":[{"name":"wp","href":"https:\/\/api.w.org\/{rel}","templated":true}]}}