{"id":39082,"date":"2024-01-23T09:43:44","date_gmt":"2024-01-23T12:43:44","guid":{"rendered":"https:\/\/radiorevelacionfm.cl\/?p=39082"},"modified":"2024-01-23T09:55:43","modified_gmt":"2024-01-23T12:55:43","slug":"destacan-acuerdo-que-traera-el-primer-remolcador-electrico-de-latinoamerica-a-puerto-chacabuco","status":"publish","type":"post","link":"https:\/\/radiorevelacionfm.cl\/?p=39082","title":{"rendered":"Destacan acuerdo que traer\u00e1 el primer remolcador el\u00e9ctrico de Latinoam\u00e9rica a Puerto Chacabuco"},"content":{"rendered":"<div class=\"flex_column av_one_full  flex_column_div av-zero-column-padding first  avia-builder-el-0  el_before_av_one_full  avia-builder-el-first  \" style='border-radius:0px; '><div  class='avia-image-container  av-styling-    avia-builder-el-1  avia-builder-el-no-sibling  avia-align-center '  itemprop=\"image\" itemscope=\"itemscope\" itemtype=\"https:\/\/schema.org\/ImageObject\"  ><div class='avia-image-container-inner'><div class='avia-image-overlay-wrap'><img decoding=\"async\" class='wp-image-39083 avia-img-lazy-loading-not-39083 avia_image' src=\"https:\/\/radiorevelacionfm.cl\/wp-content\/uploads\/2024\/01\/remolcador-electrico-acuerdo-enap-768x512-1-1.jpg\" alt='' title='remolcador-electrico-acuerdo-enap-768x512 (1) (1)' height=\"600\" width=\"900\"  itemprop=\"thumbnailUrl\" srcset=\"https:\/\/radiorevelacionfm.cl\/wp-content\/uploads\/2024\/01\/remolcador-electrico-acuerdo-enap-768x512-1-1.jpg 900w, https:\/\/radiorevelacionfm.cl\/wp-content\/uploads\/2024\/01\/remolcador-electrico-acuerdo-enap-768x512-1-1-300x200.jpg 300w, https:\/\/radiorevelacionfm.cl\/wp-content\/uploads\/2024\/01\/remolcador-electrico-acuerdo-enap-768x512-1-1-768x512.jpg 768w, https:\/\/radiorevelacionfm.cl\/wp-content\/uploads\/2024\/01\/remolcador-electrico-acuerdo-enap-768x512-1-1-705x470.jpg 705w, https:\/\/radiorevelacionfm.cl\/wp-content\/uploads\/2024\/01\/remolcador-electrico-acuerdo-enap-768x512-1-1-450x300.jpg 450w, https:\/\/radiorevelacionfm.cl\/wp-content\/uploads\/2024\/01\/remolcador-electrico-acuerdo-enap-768x512-1-1-600x400.jpg 600w\" sizes=\"(max-width: 900px) 100vw, 900px\" \/><\/div><\/div><\/div><\/div>\n<div class=\"flex_column av_one_full  flex_column_div av-zero-column-padding first  avia-builder-el-2  el_after_av_one_full  el_before_av_one_full  column-top-margin\" style='border-radius:0px; '><section class=\"av_textblock_section \"  itemscope=\"itemscope\" itemtype=\"https:\/\/schema.org\/BlogPosting\" itemprop=\"blogPost\" ><div class='avia_textblock  '   itemprop=\"text\" ><p style=\"text-align: center;\"><span style=\"font-size: 18pt;\"><b>Destacan acuerdo que traer\u00e1 el primer remolcador el\u00e9ctrico de Latinoam\u00e9rica a Puerto Chacabuco<\/b><\/span><\/p>\n<div id=\"gtx-trans\" style=\"position: absolute; left: -50px; top: 4.31534px;\">\n<div class=\"gtx-trans-icon\"><\/div>\n<\/div>\n<\/div><\/section><\/div>\n<div class=\"flex_column av_one_full  flex_column_div av-zero-column-padding first  avia-builder-el-4  el_after_av_one_full  el_before_av_hr  column-top-margin\" style='border-radius:0px; '><section class=\"av_textblock_section \"  itemscope=\"itemscope\" itemtype=\"https:\/\/schema.org\/BlogPosting\" itemprop=\"blogPost\" ><div class='avia_textblock  '   itemprop=\"text\" ><p style=\"text-align: justify;\"><i>Alianza entre ENAP y SAAM permitir\u00e1 entrada en operaci\u00f3n de nave de apoyo para atraque y desatraque de embarcaciones en Ays\u00e9n.<\/i><\/p>\n<p class=\"v1Marcelo\" style=\"text-align: justify;\">El gerente general de Empresa Portuaria Chacabuco, Felipe Candia, destac\u00f3 el reciente acuerdo entre la Empresa Nacional del Petr\u00f3leo (ENAP) y SAAM Towage que permitir\u00e1 la pr\u00f3xima entrada en operaciones de un remolcador mar\u00edtimo el\u00e9ctrico en Puerto Chacabuco.<\/p>\n<p class=\"v1Marcelo\" style=\"text-align: justify;\">Este hito, que se concretar\u00e1 durante el segundo semestre de 2025, convertir\u00e1 a Chile y al puerto de la regi\u00f3n de Ays\u00e9n en los primeros en contar con un remolcador de ese tipo en Latinoam\u00e9rica.<\/p>\n<p class=\"v1Marcelo\" style=\"text-align: justify;\">\u201cSin duda este importante acuerdo entre ENAP y SAAM, que constituye un hito a nivel continental en materia de sustentabilidad en la industria mar\u00edtima-portuaria, tiene un gran simbolismo para nuestro Puerto Chacabuco, ubicado estrat\u00e9gicamente en la entrada a la Patagonia y que viene implementando una estrategia rumbo a la carbono neutralidad. Estos esfuerzos concretos desde el sector portuario ayudan a que el pa\u00eds cumpla sus compromisos ambientales de mediano y largo plazo\u201d, destac\u00f3 el ejecutivo.<\/p>\n<p class=\"v1Marcelo\" style=\"text-align: justify;\">Al alero de este compromiso, la nave de SAAM colaborar\u00e1 con el atraque y desatraque de embarcaciones de la compa\u00f1\u00eda petrolera, contribuyendo a reducir de forma significativa el ruido submarino y ambiental en la operaci\u00f3n sin emitir gases de efecto invernadero.<\/p>\n<p class=\"v1Marcelo\" style=\"text-align: justify;\">A trav\u00e9s de un comunicado, desde SAAM se valor\u00f3 la futura entrada en operaci\u00f3n del remolcador el\u00e9ctrico en Chacabuco, indicando que \u201ctenemos una relaci\u00f3n de larga data con ENAP y compartimos la visi\u00f3n de avanzar en materia de sostenibilidad, por lo que este acuerdo es un paso clave para abordar el desaf\u00edo com\u00fan del cambio clim\u00e1tico con acciones concretas para reducir las emisiones\u201d.<\/p>\n<p class=\"v1Marcelo\" style=\"text-align: justify;\">En la misma comunicaci\u00f3n, el Gobierno -a trav\u00e9s del ministro de Energ\u00eda, Diego Pardow- apreci\u00f3 esta alianza que permitir\u00e1 \u201ccontar con este servicio in\u00e9dito en Latinoam\u00e9rica, le permitir\u00e1 reducir las emisiones de su operaci\u00f3n, lo que va en l\u00ednea con el compromiso de nuestro pa\u00eds para avanzar hacia la carbono neutralidad al a\u00f1o 2050 o antes\u201d.<\/p>\n<\/div><\/section><\/div><div  style='height:50px' class='hr hr-invisible   avia-builder-el-6  el_after_av_one_full  el_before_av_social_share '><span class='hr-inner ' ><span class='hr-inner-style'><\/span><\/span><\/div><\/p>\n<div  class='av-social-sharing-box  avia-builder-el-7  el_after_av_hr  el_before_av_hr  '><div class='av-share-box'><h5 class='av-share-link-description av-no-toc '>Compartir esta noticia<\/h5><ul class='av-share-box-list noLightbox'><li class='av-share-link av-social-link-facebook' ><a target=\"_blank\" aria-label=\"Compartir en Facebook\" href='https:\/\/www.facebook.com\/sharer.php?u=https:\/\/radiorevelacionfm.cl\/?p=39082&#038;t=Destacan%20acuerdo%20que%20traer%C3%A1%20el%20primer%20remolcador%20el%C3%A9ctrico%20de%20Latinoam%C3%A9rica%20a%20Puerto%20Chacabuco' aria-hidden='false' data-av_icon='\ue8f3' data-av_iconfont='entypo-fontello' title='' data-avia-related-tooltip='Compartir en Facebook' rel=\"noopener\"><span class='avia_hidden_link_text'>Compartir en Facebook<\/span><\/a><\/li><li class='av-share-link av-social-link-twitter' ><a target=\"_blank\" aria-label=\"Compartir en Twitter\" href='https:\/\/twitter.com\/share?text=Destacan%20acuerdo%20que%20traer%C3%A1%20el%20primer%20remolcador%20el%C3%A9ctrico%20de%20Latinoam%C3%A9rica%20a%20Puerto%20Chacabuco&#038;url=https:\/\/radiorevelacionfm.cl\/?p=39082' aria-hidden='false' data-av_icon='\ue8f1' data-av_iconfont='entypo-fontello' title='' data-avia-related-tooltip='Compartir en Twitter' rel=\"noopener\"><span class='avia_hidden_link_text'>Compartir en Twitter<\/span><\/a><\/li><li class='av-share-link av-social-link-whatsapp' ><a target=\"_blank\" aria-label=\"Compartir en Whatsapp\" href='https:\/\/api.whatsapp.com\/send?text=https:\/\/radiorevelacionfm.cl\/?p=39082' aria-hidden='false' data-av_icon='\uf232' data-av_iconfont='entypo-fontello' title='' data-avia-related-tooltip='Compartir en Whatsapp' rel=\"noopener\"><span class='avia_hidden_link_text'>Compartir en Whatsapp<\/span><\/a><\/li><li class='av-share-link av-social-link-linkedin' ><a target=\"_blank\" aria-label=\"Compartir en LinkedIn\" href='https:\/\/linkedin.com\/shareArticle?mini=true&#038;title=Destacan%20acuerdo%20que%20traer%C3%A1%20el%20primer%20remolcador%20el%C3%A9ctrico%20de%20Latinoam%C3%A9rica%20a%20Puerto%20Chacabuco&#038;url=https:\/\/radiorevelacionfm.cl\/?p=39082' aria-hidden='false' data-av_icon='\ue8fc' data-av_iconfont='entypo-fontello' title='' data-avia-related-tooltip='Compartir en LinkedIn' rel=\"noopener\"><span class='avia_hidden_link_text'>Compartir en LinkedIn<\/span><\/a><\/li><li class='av-share-link av-social-link-mail' ><a  aria-label=\"Compartir por correo\" href='mailto:?subject=Destacan%20acuerdo%20que%20traer%C3%A1%20el%20primer%20remolcador%20el%C3%A9ctrico%20de%20Latinoam%C3%A9rica%20a%20Puerto%20Chacabuco&#038;body=https:\/\/radiorevelacionfm.cl\/?p=39082' aria-hidden='false' data-av_icon='\ue805' data-av_iconfont='entypo-fontello' title='' data-avia-related-tooltip='Compartir por correo'><span class='avia_hidden_link_text'>Compartir por correo<\/span><\/a><\/li><\/ul><\/div><\/div>\n<div  style='height:50px' class='hr hr-invisible   avia-builder-el-8  el_after_av_social_share  el_before_av_comments_list '><span class='hr-inner ' ><span class='hr-inner-style'><\/span><\/span><\/div>\n<div  class='av-buildercomment  av-blog-meta-html-info-disabled av-blog-meta-tag-disabled  '><\/div>\n","protected":false},"excerpt":{"rendered":"","protected":false},"author":1,"featured_media":39083,"comment_status":"open","ping_status":"open","sticky":false,"template":"","format":"standard","meta":{"footnotes":""},"categories":[38],"tags":[],"class_list":["post-39082","post","type-post","status-publish","format-standard","has-post-thumbnail","hentry","category-regional"],"jetpack_featured_media_url":"https:\/\/radiorevelacionfm.cl\/wp-content\/uploads\/2024\/01\/remolcador-electrico-acuerdo-enap-768x512-1-1.jpg","_links":{"self":[{"href":"https:\/\/radiorevelacionfm.cl\/index.php?rest_route=\/wp\/v2\/posts\/39082","targetHints":{"allow":["GET"]}}],"collection":[{"href":"https:\/\/radiorevelacionfm.cl\/index.php?rest_route=\/wp\/v2\/posts"}],"about":[{"href":"https:\/\/radiorevelacionfm.cl\/index.php?rest_route=\/wp\/v2\/types\/post"}],"author":[{"embeddable":true,"href":"https:\/\/radiorevelacionfm.cl\/index.php?rest_route=\/wp\/v2\/users\/1"}],"replies":[{"embeddable":true,"href":"https:\/\/radiorevelacionfm.cl\/index.php?rest_route=%2Fwp%2Fv2%2Fcomments&post=39082"}],"version-history":[{"count":2,"href":"https:\/\/radiorevelacionfm.cl\/index.php?rest_route=\/wp\/v2\/posts\/39082\/revisions"}],"predecessor-version":[{"id":39087,"href":"https:\/\/radiorevelacionfm.cl\/index.php?rest_route=\/wp\/v2\/posts\/39082\/revisions\/39087"}],"wp:featuredmedia":[{"embeddable":true,"href":"https:\/\/radiorevelacionfm.cl\/index.php?rest_route=\/wp\/v2\/media\/39083"}],"wp:attachment":[{"href":"https:\/\/radiorevelacionfm.cl\/index.php?rest_route=%2Fwp%2Fv2%2Fmedia&parent=39082"}],"wp:term":[{"taxonomy":"category","embeddable":true,"href":"https:\/\/radiorevelacionfm.cl\/index.php?rest_route=%2Fwp%2Fv2%2Fcategories&post=39082"},{"taxonomy":"post_tag","embeddable":true,"href":"https:\/\/radiorevelacionfm.cl\/index.php?rest_route=%2Fwp%2Fv2%2Ftags&post=39082"}],"curies":[{"name":"wp","href":"https:\/\/api.w.org\/{rel}","templated":true}]}}