{"id":39075,"date":"2024-01-22T18:06:26","date_gmt":"2024-01-22T21:06:26","guid":{"rendered":"https:\/\/radiorevelacionfm.cl\/?p=39075"},"modified":"2024-01-22T18:06:26","modified_gmt":"2024-01-22T21:06:26","slug":"conocido-pastor-evangelico-es-detenido-por-delito-de-estupro-en-coyhaique","status":"publish","type":"post","link":"https:\/\/radiorevelacionfm.cl\/?p=39075","title":{"rendered":"Conocido pastor evang\u00e9lico es detenido por delito de estupro en Coyhaique"},"content":{"rendered":"<div class=\"flex_column av_one_full  flex_column_div av-zero-column-padding first  avia-builder-el-0  el_before_av_one_full  avia-builder-el-first  \" style='border-radius:0px; '><div  class='avia-image-container  av-styling-    avia-builder-el-1  avia-builder-el-no-sibling  avia-align-center '  itemprop=\"image\" itemscope=\"itemscope\" itemtype=\"https:\/\/schema.org\/ImageObject\"  ><div class='avia-image-container-inner'><div class='avia-image-overlay-wrap'><img decoding=\"async\" class='wp-image-39076 avia-img-lazy-loading-not-39076 avia_image' src=\"https:\/\/radiorevelacionfm.cl\/wp-content\/uploads\/2024\/01\/PDI_MG_7384-1-1.jpg\" alt='' title='PDI_MG_7384 (1) (1)' height=\"600\" width=\"900\"  itemprop=\"thumbnailUrl\" srcset=\"https:\/\/radiorevelacionfm.cl\/wp-content\/uploads\/2024\/01\/PDI_MG_7384-1-1.jpg 900w, https:\/\/radiorevelacionfm.cl\/wp-content\/uploads\/2024\/01\/PDI_MG_7384-1-1-300x200.jpg 300w, https:\/\/radiorevelacionfm.cl\/wp-content\/uploads\/2024\/01\/PDI_MG_7384-1-1-768x512.jpg 768w, https:\/\/radiorevelacionfm.cl\/wp-content\/uploads\/2024\/01\/PDI_MG_7384-1-1-705x470.jpg 705w, https:\/\/radiorevelacionfm.cl\/wp-content\/uploads\/2024\/01\/PDI_MG_7384-1-1-450x300.jpg 450w, https:\/\/radiorevelacionfm.cl\/wp-content\/uploads\/2024\/01\/PDI_MG_7384-1-1-600x400.jpg 600w\" sizes=\"(max-width: 900px) 100vw, 900px\" \/><\/div><\/div><\/div><\/div>\n<div class=\"flex_column av_one_full  flex_column_div av-zero-column-padding first  avia-builder-el-2  el_after_av_one_full  el_before_av_one_full  column-top-margin\" style='border-radius:0px; '><section class=\"av_textblock_section \"  itemscope=\"itemscope\" itemtype=\"https:\/\/schema.org\/BlogPosting\" itemprop=\"blogPost\" ><div class='avia_textblock  '   itemprop=\"text\" ><p style=\"text-align: center;\"><strong><span style=\"font-size: 18pt;\">Conocido pastor evang\u00e9lico es detenido por delito de estupro en Coyhaique<\/span><\/strong><\/p>\n<div id=\"gtx-trans\" style=\"position: absolute; left: -50px; top: 4.31534px;\">\n<div class=\"gtx-trans-icon\"><\/div>\n<\/div>\n<\/div><\/section><\/div><div class=\"flex_column av_one_full  flex_column_div av-zero-column-padding first  avia-builder-el-4  el_after_av_one_full  el_before_av_hr  column-top-margin\" style='border-radius:0px; '><section class=\"av_textblock_section \"  itemscope=\"itemscope\" itemtype=\"https:\/\/schema.org\/BlogPosting\" itemprop=\"blogPost\" ><div class='avia_textblock  '   itemprop=\"text\" ><p style=\"text-align: justify;\">En un operativo liderado por la Brigada Investigadora de Delitos Sexuales Coyhaique (BRISEXCOY) de la PDI, se llev\u00f3 a cabo un procedimiento en flagrancia, que culmin\u00f3 con la detenci\u00f3n de un hombre de 51 a\u00f1os, por el delito de estupro. \u201cEn horas de la tarde (domingo), se acoge una denuncia por el delito de estupro, en favor de un adolescente de 16 a\u00f1os, en virtud de lo cual se realizaron las primeras diligencias, logrando identificar al imputado, quien fue detenido dentro del periodo de flagrancia\u201d, coment\u00f3 el comisario Juan Bustamante jefe (s) de la BRISEXCOY.<\/p>\n<p style=\"text-align: justify;\">Seg\u00fan la investigaci\u00f3n, la v\u00edctima de iniciales V.K.L.O., desde julio del a\u00f1o 2023 manten\u00eda una relaci\u00f3n con el imputado quien, se desempe\u00f1ar\u00eda como pastor de la iglesia \u00abHijos del Dios Vivo\u00bb.<\/p>\n<p style=\"text-align: justify;\">Dentro de las primeras diligencias, se traslad\u00f3 a la denunciante al centro asistencial para la realizaci\u00f3n de una pericia sexol\u00f3gica. Simult\u00e1neamente, detectives de la BRISEX recopilaron testimonios de testigos, obteniendo informaci\u00f3n sobre supuesto victimario quien, al ser informado de las acusaciones en su contra, ofreci\u00f3 una declaraci\u00f3n policial voluntaria, admitiendo cada uno de los hechos denunciados. \u201cAl tenor de la investigaci\u00f3n realizada, se logr\u00f3 establecer la din\u00e1mica de los hechos y el imputado fue puesto a disposici\u00f3n del Juzgado de Garant\u00eda de Coyhaique, siendo formalizado por el delito de estupro, otorg\u00e1ndose un plazo de investigaci\u00f3n de 60 d\u00edas, periodo dentro del cual el imputado permanecer\u00e1 en prisi\u00f3n preventiva\u201d, agreg\u00f3 el comisario Bustamante.<\/p>\n<p style=\"text-align: justify;\">Cabe se\u00f1alar que la persona denunciada, cuenta con dos denuncias m\u00e1s por delitos de connotaci\u00f3n sexual, las que fueron presentadas por otras v\u00edctimas con anterioridad.<\/p>\n<p style=\"text-align: justify;\"><strong>\u00a0<\/strong><\/p>\n<p style=\"text-align: justify;\"><strong>\u00a0<\/strong><\/p>\n<\/div><\/section><\/div><\/p>\n<div  style='height:50px' class='hr hr-invisible   avia-builder-el-6  el_after_av_one_full  el_before_av_social_share '><span class='hr-inner ' ><span class='hr-inner-style'><\/span><\/span><\/div>\n<div  class='av-social-sharing-box  avia-builder-el-7  el_after_av_hr  el_before_av_hr  '><div class='av-share-box'><h5 class='av-share-link-description av-no-toc '>Compartir esta noticia<\/h5><ul class='av-share-box-list noLightbox'><li class='av-share-link av-social-link-facebook' ><a target=\"_blank\" aria-label=\"Compartir en Facebook\" href='https:\/\/www.facebook.com\/sharer.php?u=https:\/\/radiorevelacionfm.cl\/?p=39075&#038;t=Conocido%20pastor%20evang%C3%A9lico%20es%20detenido%20por%20delito%20de%20estupro%20en%20Coyhaique' aria-hidden='false' data-av_icon='\ue8f3' data-av_iconfont='entypo-fontello' title='' data-avia-related-tooltip='Compartir en Facebook' rel=\"noopener\"><span class='avia_hidden_link_text'>Compartir en Facebook<\/span><\/a><\/li><li class='av-share-link av-social-link-twitter' ><a target=\"_blank\" aria-label=\"Compartir en Twitter\" href='https:\/\/twitter.com\/share?text=Conocido%20pastor%20evang%C3%A9lico%20es%20detenido%20por%20delito%20de%20estupro%20en%20Coyhaique&#038;url=https:\/\/radiorevelacionfm.cl\/?p=39075' aria-hidden='false' data-av_icon='\ue8f1' data-av_iconfont='entypo-fontello' title='' data-avia-related-tooltip='Compartir en Twitter' rel=\"noopener\"><span class='avia_hidden_link_text'>Compartir en Twitter<\/span><\/a><\/li><li class='av-share-link av-social-link-whatsapp' ><a target=\"_blank\" aria-label=\"Compartir en Whatsapp\" href='https:\/\/api.whatsapp.com\/send?text=https:\/\/radiorevelacionfm.cl\/?p=39075' aria-hidden='false' data-av_icon='\uf232' data-av_iconfont='entypo-fontello' title='' data-avia-related-tooltip='Compartir en Whatsapp' rel=\"noopener\"><span class='avia_hidden_link_text'>Compartir en Whatsapp<\/span><\/a><\/li><li class='av-share-link av-social-link-linkedin' ><a target=\"_blank\" aria-label=\"Compartir en LinkedIn\" href='https:\/\/linkedin.com\/shareArticle?mini=true&#038;title=Conocido%20pastor%20evang%C3%A9lico%20es%20detenido%20por%20delito%20de%20estupro%20en%20Coyhaique&#038;url=https:\/\/radiorevelacionfm.cl\/?p=39075' aria-hidden='false' data-av_icon='\ue8fc' data-av_iconfont='entypo-fontello' title='' data-avia-related-tooltip='Compartir en LinkedIn' rel=\"noopener\"><span class='avia_hidden_link_text'>Compartir en LinkedIn<\/span><\/a><\/li><li class='av-share-link av-social-link-mail' ><a  aria-label=\"Compartir por correo\" href='mailto:?subject=Conocido%20pastor%20evang%C3%A9lico%20es%20detenido%20por%20delito%20de%20estupro%20en%20Coyhaique&#038;body=https:\/\/radiorevelacionfm.cl\/?p=39075' aria-hidden='false' data-av_icon='\ue805' data-av_iconfont='entypo-fontello' title='' data-avia-related-tooltip='Compartir por correo'><span class='avia_hidden_link_text'>Compartir por correo<\/span><\/a><\/li><\/ul><\/div><\/div>\n<div  style='height:50px' class='hr hr-invisible   avia-builder-el-8  el_after_av_social_share  el_before_av_comments_list '><span class='hr-inner ' ><span class='hr-inner-style'><\/span><\/span><\/div>\n<div  class='av-buildercomment  av-blog-meta-html-info-disabled av-blog-meta-tag-disabled  '><\/div>\n","protected":false},"excerpt":{"rendered":"","protected":false},"author":1,"featured_media":39076,"comment_status":"open","ping_status":"open","sticky":false,"template":"","format":"standard","meta":{"footnotes":""},"categories":[36],"tags":[],"class_list":["post-39075","post","type-post","status-publish","format-standard","has-post-thumbnail","hentry","category-policial"],"jetpack_featured_media_url":"https:\/\/radiorevelacionfm.cl\/wp-content\/uploads\/2024\/01\/PDI_MG_7384-1-1.jpg","_links":{"self":[{"href":"https:\/\/radiorevelacionfm.cl\/index.php?rest_route=\/wp\/v2\/posts\/39075","targetHints":{"allow":["GET"]}}],"collection":[{"href":"https:\/\/radiorevelacionfm.cl\/index.php?rest_route=\/wp\/v2\/posts"}],"about":[{"href":"https:\/\/radiorevelacionfm.cl\/index.php?rest_route=\/wp\/v2\/types\/post"}],"author":[{"embeddable":true,"href":"https:\/\/radiorevelacionfm.cl\/index.php?rest_route=\/wp\/v2\/users\/1"}],"replies":[{"embeddable":true,"href":"https:\/\/radiorevelacionfm.cl\/index.php?rest_route=%2Fwp%2Fv2%2Fcomments&post=39075"}],"version-history":[{"count":2,"href":"https:\/\/radiorevelacionfm.cl\/index.php?rest_route=\/wp\/v2\/posts\/39075\/revisions"}],"predecessor-version":[{"id":39078,"href":"https:\/\/radiorevelacionfm.cl\/index.php?rest_route=\/wp\/v2\/posts\/39075\/revisions\/39078"}],"wp:featuredmedia":[{"embeddable":true,"href":"https:\/\/radiorevelacionfm.cl\/index.php?rest_route=\/wp\/v2\/media\/39076"}],"wp:attachment":[{"href":"https:\/\/radiorevelacionfm.cl\/index.php?rest_route=%2Fwp%2Fv2%2Fmedia&parent=39075"}],"wp:term":[{"taxonomy":"category","embeddable":true,"href":"https:\/\/radiorevelacionfm.cl\/index.php?rest_route=%2Fwp%2Fv2%2Fcategories&post=39075"},{"taxonomy":"post_tag","embeddable":true,"href":"https:\/\/radiorevelacionfm.cl\/index.php?rest_route=%2Fwp%2Fv2%2Ftags&post=39075"}],"curies":[{"name":"wp","href":"https:\/\/api.w.org\/{rel}","templated":true}]}}