{"id":39072,"date":"2024-01-22T17:14:49","date_gmt":"2024-01-22T20:14:49","guid":{"rendered":"https:\/\/radiorevelacionfm.cl\/?p=39072"},"modified":"2024-01-22T17:14:49","modified_gmt":"2024-01-22T20:14:49","slug":"mas-de-60-emprendedores-as-impulsan-sus-negocios-con-apoyo-del-fosis-en-coyhaique","status":"publish","type":"post","link":"https:\/\/radiorevelacionfm.cl\/?p=39072","title":{"rendered":"M\u00e1s de 60 emprendedores\/as impulsan sus negocios con apoyo del FOSIS en Coyhaique"},"content":{"rendered":"<div class=\"flex_column av_one_full  flex_column_div av-zero-column-padding first  avia-builder-el-0  el_before_av_one_full  avia-builder-el-first  \" style='border-radius:0px; '><div  class='avia-image-container  av-styling-    avia-builder-el-1  avia-builder-el-no-sibling  avia-align-center '  itemprop=\"image\" itemscope=\"itemscope\" itemtype=\"https:\/\/schema.org\/ImageObject\"  ><div class='avia-image-container-inner'><div class='avia-image-overlay-wrap'><img decoding=\"async\" class='wp-image-39073 avia-img-lazy-loading-not-39073 avia_image' src=\"https:\/\/radiorevelacionfm.cl\/wp-content\/uploads\/2024\/01\/1-2024-01-22t161351_optimized.829-1.jpg\" alt='' title='1---2024-01-22t161351_optimized.829-(1)' height=\"600\" width=\"1066\"  itemprop=\"thumbnailUrl\" srcset=\"https:\/\/radiorevelacionfm.cl\/wp-content\/uploads\/2024\/01\/1-2024-01-22t161351_optimized.829-1.jpg 1066w, https:\/\/radiorevelacionfm.cl\/wp-content\/uploads\/2024\/01\/1-2024-01-22t161351_optimized.829-1-300x169.jpg 300w, https:\/\/radiorevelacionfm.cl\/wp-content\/uploads\/2024\/01\/1-2024-01-22t161351_optimized.829-1-1030x580.jpg 1030w, https:\/\/radiorevelacionfm.cl\/wp-content\/uploads\/2024\/01\/1-2024-01-22t161351_optimized.829-1-768x432.jpg 768w, https:\/\/radiorevelacionfm.cl\/wp-content\/uploads\/2024\/01\/1-2024-01-22t161351_optimized.829-1-705x397.jpg 705w, https:\/\/radiorevelacionfm.cl\/wp-content\/uploads\/2024\/01\/1-2024-01-22t161351_optimized.829-1-450x253.jpg 450w, https:\/\/radiorevelacionfm.cl\/wp-content\/uploads\/2024\/01\/1-2024-01-22t161351_optimized.829-1-600x338.jpg 600w\" sizes=\"(max-width: 1066px) 100vw, 1066px\" \/><\/div><\/div><\/div><\/div><div class=\"flex_column av_one_full  flex_column_div av-zero-column-padding first  avia-builder-el-2  el_after_av_one_full  el_before_av_one_full  column-top-margin\" style='border-radius:0px; '><section class=\"av_textblock_section \"  itemscope=\"itemscope\" itemtype=\"https:\/\/schema.org\/BlogPosting\" itemprop=\"blogPost\" ><div class='avia_textblock  '   itemprop=\"text\" ><p style=\"text-align: center;\"><strong><span style=\"font-size: 18pt;\">M\u00e1s de 60 emprendedores\/as impulsan sus negocios con apoyo del FOSIS en Coyhaique<\/span><\/strong><\/p>\n<div id=\"gtx-trans\" style=\"position: absolute; left: -50px; top: 4.31534px;\">\n<div class=\"gtx-trans-icon\"><\/div>\n<\/div>\n<\/div><\/section><\/div><div class=\"flex_column av_one_full  flex_column_div av-zero-column-padding first  avia-builder-el-4  el_after_av_one_full  el_before_av_hr  column-top-margin\" style='border-radius:0px; '><section class=\"av_textblock_section \"  itemscope=\"itemscope\" itemtype=\"https:\/\/schema.org\/BlogPosting\" itemprop=\"blogPost\" ><div class='avia_textblock  '   itemprop=\"text\" ><p style=\"text-align: justify;\">El programa Emprendamos B\u00e1sico y Emprendamos Semilla para familias del Subsistema de Seguridades y Oportunidades cuentan con el financiamiento del Fondo de Solidaridad e Inversi\u00f3n Social, FOSIS, y en esta oportunidad permiti\u00f3 la intervenci\u00f3n de 62 personas de la comuna de Coyhaique, gracias al apoyo en la ejecuci\u00f3n de Chelenko Consultores.<\/p>\n<p style=\"text-align: justify;\">Los y las participantes pudieron fortalecer sus emprendimientos gracias a la capacitaci\u00f3n, asesor\u00eda t\u00e9cnica y el financiamiento de un plan de negocios, que permite a los usuarios y usuarias de estos programas adquirir herramientas, maquinaria e insumos para desarrollar sus negocios y aumentar sus ingresos.<\/p>\n<p style=\"text-align: justify;\">Judith Verdugo, artesana de Coyhaique y usuaria del programa Emprendamos B\u00e1sico, asegur\u00f3 que \u201ceste proyecto me ha permitido ampliarme un poco m\u00e1s en lo que estoy haciendo, las herramientas que me entregaron y lo que compramos me ha permitido mejorar bastante m\u00e1s en el trabajo en cuero, con una m\u00e1quina laser que me permite a mi avanzar y tener m\u00e1s productos para las ferias que vienen\u201d.<\/p>\n<p style=\"text-align: justify;\">La Directora Regional del FOSIS, Fernanda Leiva, destac\u00f3 que \u201cestamos muy contentos por estas dos ceremonias de cierre que tuvimos hoy, donde pudimos constatar el proceso que llevaron a cabo las emprendedoras y emprendedores, junto con la finalizaci\u00f3n de todas estas etapas, donde ellas y ellos lograron recibir herramientas, capacitaci\u00f3n y el financiamiento para apuntalar sus negocios en distintos niveles\u201d.<\/p>\n<p style=\"text-align: justify;\">Eliana Igor, trabaja en el rubro de la hojalater\u00eda y particip\u00f3 en el programa Emprendamos Semilla en Coyhaique. \u201cEs primera vez que quedo en estos programas, yo saqu\u00e9 una m\u00e1quina de soldar con la cual puedo hacer gorros soldados y parrillas tambi\u00e9n. Estoy s\u00faper contenta con lo que me dieron y aprend\u00ed a sacar las cuentas tambi\u00e9n, porque de repente uno vende as\u00ed sin muchos c\u00e1lculos. Muy contenta y agradecida por el FOSIS que me dio un gran apoyo con la maquinaria que me regalaron\u201d.<\/p>\n<p style=\"text-align: justify;\">La Seremi de Gobierno de Ays\u00e9n, Tatiana Pla, recalc\u00f3 que \u201ces muy importante y relevante para nosotros, como Gobierno del Presidente Gabriel Boric, apoyar al emprendimiento, sobre todo como hemos visto en esta oportunidad, principalmente mujeres. Vemos esta fuerza femenina siempre preocupada de generar m\u00e1s recursos para sus hogares, para darle una mejor calidad de vida a sus familias\u201d.<\/p>\n<p style=\"text-align: justify;\">Los programas de emprendimiento del FOSIS permiten aumentar y hacer m\u00e1s estable la generaci\u00f3n de ingresos, a trav\u00e9s del fortalecimiento de negocios, que se puede encontrar en distinto nivel de avance, desde una idea hasta la consolidaci\u00f3n de un emprendimiento que ya est\u00e1 en funcionamiento.<\/p>\n<\/div><\/section><\/div><div  style='height:50px' class='hr hr-invisible   avia-builder-el-6  el_after_av_one_full  el_before_av_social_share '><span class='hr-inner ' ><span class='hr-inner-style'><\/span><\/span><\/div><\/p>\n<div  class='av-social-sharing-box  avia-builder-el-7  el_after_av_hr  el_before_av_hr  '><div class='av-share-box'><h5 class='av-share-link-description av-no-toc '>Compartir esta noticia<\/h5><ul class='av-share-box-list noLightbox'><li class='av-share-link av-social-link-facebook' ><a target=\"_blank\" aria-label=\"Compartir en Facebook\" href='https:\/\/www.facebook.com\/sharer.php?u=https:\/\/radiorevelacionfm.cl\/?p=39072&#038;t=M%C3%A1s%20de%2060%20emprendedores%2Fas%20impulsan%20sus%20negocios%20con%20apoyo%20del%20FOSIS%20en%20Coyhaique' aria-hidden='false' data-av_icon='\ue8f3' data-av_iconfont='entypo-fontello' title='' data-avia-related-tooltip='Compartir en Facebook' rel=\"noopener\"><span class='avia_hidden_link_text'>Compartir en Facebook<\/span><\/a><\/li><li class='av-share-link av-social-link-twitter' ><a target=\"_blank\" aria-label=\"Compartir en Twitter\" href='https:\/\/twitter.com\/share?text=M%C3%A1s%20de%2060%20emprendedores%2Fas%20impulsan%20sus%20negocios%20con%20apoyo%20del%20FOSIS%20en%20Coyhaique&#038;url=https:\/\/radiorevelacionfm.cl\/?p=39072' aria-hidden='false' data-av_icon='\ue8f1' data-av_iconfont='entypo-fontello' title='' data-avia-related-tooltip='Compartir en Twitter' rel=\"noopener\"><span class='avia_hidden_link_text'>Compartir en Twitter<\/span><\/a><\/li><li class='av-share-link av-social-link-whatsapp' ><a target=\"_blank\" aria-label=\"Compartir en Whatsapp\" href='https:\/\/api.whatsapp.com\/send?text=https:\/\/radiorevelacionfm.cl\/?p=39072' aria-hidden='false' data-av_icon='\uf232' data-av_iconfont='entypo-fontello' title='' data-avia-related-tooltip='Compartir en Whatsapp' rel=\"noopener\"><span class='avia_hidden_link_text'>Compartir en Whatsapp<\/span><\/a><\/li><li class='av-share-link av-social-link-linkedin' ><a target=\"_blank\" aria-label=\"Compartir en LinkedIn\" href='https:\/\/linkedin.com\/shareArticle?mini=true&#038;title=M%C3%A1s%20de%2060%20emprendedores%2Fas%20impulsan%20sus%20negocios%20con%20apoyo%20del%20FOSIS%20en%20Coyhaique&#038;url=https:\/\/radiorevelacionfm.cl\/?p=39072' aria-hidden='false' data-av_icon='\ue8fc' data-av_iconfont='entypo-fontello' title='' data-avia-related-tooltip='Compartir en LinkedIn' rel=\"noopener\"><span class='avia_hidden_link_text'>Compartir en LinkedIn<\/span><\/a><\/li><li class='av-share-link av-social-link-mail' ><a  aria-label=\"Compartir por correo\" href='mailto:?subject=M%C3%A1s%20de%2060%20emprendedores%2Fas%20impulsan%20sus%20negocios%20con%20apoyo%20del%20FOSIS%20en%20Coyhaique&#038;body=https:\/\/radiorevelacionfm.cl\/?p=39072' aria-hidden='false' data-av_icon='\ue805' data-av_iconfont='entypo-fontello' title='' data-avia-related-tooltip='Compartir por correo'><span class='avia_hidden_link_text'>Compartir por correo<\/span><\/a><\/li><\/ul><\/div><\/div>\n<div  style='height:50px' class='hr hr-invisible   avia-builder-el-8  el_after_av_social_share  el_before_av_comments_list '><span class='hr-inner ' ><span class='hr-inner-style'><\/span><\/span><\/div>\n<div  class='av-buildercomment  av-blog-meta-html-info-disabled av-blog-meta-tag-disabled  '><\/div>\n","protected":false},"excerpt":{"rendered":"","protected":false},"author":1,"featured_media":39073,"comment_status":"open","ping_status":"open","sticky":false,"template":"","format":"standard","meta":{"footnotes":""},"categories":[38],"tags":[],"class_list":["post-39072","post","type-post","status-publish","format-standard","has-post-thumbnail","hentry","category-regional"],"jetpack_featured_media_url":"https:\/\/radiorevelacionfm.cl\/wp-content\/uploads\/2024\/01\/1-2024-01-22t161351_optimized.829-1.jpg","_links":{"self":[{"href":"https:\/\/radiorevelacionfm.cl\/index.php?rest_route=\/wp\/v2\/posts\/39072","targetHints":{"allow":["GET"]}}],"collection":[{"href":"https:\/\/radiorevelacionfm.cl\/index.php?rest_route=\/wp\/v2\/posts"}],"about":[{"href":"https:\/\/radiorevelacionfm.cl\/index.php?rest_route=\/wp\/v2\/types\/post"}],"author":[{"embeddable":true,"href":"https:\/\/radiorevelacionfm.cl\/index.php?rest_route=\/wp\/v2\/users\/1"}],"replies":[{"embeddable":true,"href":"https:\/\/radiorevelacionfm.cl\/index.php?rest_route=%2Fwp%2Fv2%2Fcomments&post=39072"}],"version-history":[{"count":1,"href":"https:\/\/radiorevelacionfm.cl\/index.php?rest_route=\/wp\/v2\/posts\/39072\/revisions"}],"predecessor-version":[{"id":39074,"href":"https:\/\/radiorevelacionfm.cl\/index.php?rest_route=\/wp\/v2\/posts\/39072\/revisions\/39074"}],"wp:featuredmedia":[{"embeddable":true,"href":"https:\/\/radiorevelacionfm.cl\/index.php?rest_route=\/wp\/v2\/media\/39073"}],"wp:attachment":[{"href":"https:\/\/radiorevelacionfm.cl\/index.php?rest_route=%2Fwp%2Fv2%2Fmedia&parent=39072"}],"wp:term":[{"taxonomy":"category","embeddable":true,"href":"https:\/\/radiorevelacionfm.cl\/index.php?rest_route=%2Fwp%2Fv2%2Fcategories&post=39072"},{"taxonomy":"post_tag","embeddable":true,"href":"https:\/\/radiorevelacionfm.cl\/index.php?rest_route=%2Fwp%2Fv2%2Ftags&post=39072"}],"curies":[{"name":"wp","href":"https:\/\/api.w.org\/{rel}","templated":true}]}}