{"id":39069,"date":"2024-01-24T10:30:43","date_gmt":"2024-01-24T13:30:43","guid":{"rendered":"https:\/\/radiorevelacionfm.cl\/?p=39069"},"modified":"2024-01-24T10:30:43","modified_gmt":"2024-01-24T13:30:43","slug":"empresa-electrica-realiza-llamado-a-disfrutar-de-un-verano-con-seguridad","status":"publish","type":"post","link":"https:\/\/radiorevelacionfm.cl\/?p=39069","title":{"rendered":"Empresa el\u00e9ctrica realiza llamado a disfrutar de un verano con seguridad"},"content":{"rendered":"<div class=\"flex_column av_one_full  flex_column_div av-zero-column-padding first  avia-builder-el-0  el_before_av_one_full  avia-builder-el-first  \" style='border-radius:0px; '><div  class='avia-image-container  av-styling-    avia-builder-el-1  avia-builder-el-no-sibling  avia-align-center '  itemprop=\"image\" itemscope=\"itemscope\" itemtype=\"https:\/\/schema.org\/ImageObject\"  ><div class='avia-image-container-inner'><div class='avia-image-overlay-wrap'><img decoding=\"async\" class='wp-image-39070 avia-img-lazy-loading-not-39070 avia_image' src=\"https:\/\/radiorevelacionfm.cl\/wp-content\/uploads\/2024\/01\/costumbrista-1_optimized.jpeg\" alt='' title='costumbrista-(1)_optimized' height=\"600\" width=\"1143\"  itemprop=\"thumbnailUrl\" srcset=\"https:\/\/radiorevelacionfm.cl\/wp-content\/uploads\/2024\/01\/costumbrista-1_optimized.jpeg 1143w, https:\/\/radiorevelacionfm.cl\/wp-content\/uploads\/2024\/01\/costumbrista-1_optimized-300x157.jpeg 300w, https:\/\/radiorevelacionfm.cl\/wp-content\/uploads\/2024\/01\/costumbrista-1_optimized-1030x541.jpeg 1030w, https:\/\/radiorevelacionfm.cl\/wp-content\/uploads\/2024\/01\/costumbrista-1_optimized-768x403.jpeg 768w, https:\/\/radiorevelacionfm.cl\/wp-content\/uploads\/2024\/01\/costumbrista-1_optimized-705x370.jpeg 705w, https:\/\/radiorevelacionfm.cl\/wp-content\/uploads\/2024\/01\/costumbrista-1_optimized-450x236.jpeg 450w, https:\/\/radiorevelacionfm.cl\/wp-content\/uploads\/2024\/01\/costumbrista-1_optimized-600x315.jpeg 600w\" sizes=\"(max-width: 1143px) 100vw, 1143px\" \/><\/div><\/div><\/div><\/div><div class=\"flex_column av_one_full  flex_column_div av-zero-column-padding first  avia-builder-el-2  el_after_av_one_full  el_before_av_one_full  column-top-margin\" style='border-radius:0px; '><section class=\"av_textblock_section \"  itemscope=\"itemscope\" itemtype=\"https:\/\/schema.org\/BlogPosting\" itemprop=\"blogPost\" ><div class='avia_textblock  '   itemprop=\"text\" ><p style=\"text-align: center;\"><strong><span style=\"font-size: 18pt;\">Empresa el\u00e9ctrica realiza llamado a disfrutar de un verano con seguridad<\/span><\/strong><\/p>\n<div id=\"gtx-trans\" style=\"position: absolute; left: -50px; top: 4.31534px;\">\n<div class=\"gtx-trans-icon\"><\/div>\n<\/div>\n<\/div><\/section><\/div><div class=\"flex_column av_one_full  flex_column_div av-zero-column-padding first  avia-builder-el-4  el_after_av_one_full  el_before_av_hr  column-top-margin\" style='border-radius:0px; '><section class=\"av_textblock_section \"  itemscope=\"itemscope\" itemtype=\"https:\/\/schema.org\/BlogPosting\" itemprop=\"blogPost\" ><div class='avia_textblock  '   itemprop=\"text\" ><p style=\"text-align: justify;\">Durante el periodo estival se desarrollan diversos festivales, ferias costumbristas y actividades art\u00edsticas en las distintas comunas de la\u00a0regi\u00f3n. Es por ello que desde la empresa el\u00e9ctrica realizaron un llamado para fomentar la seguridad, el autocuidado y el uso responsable, tanto de la electricidad, como de\u00a0artefactos certificados por la Superintendencia de Electricidad y Combustibles (SEC).<\/p>\n<p style=\"text-align: justify;\">Esta iniciativa busca entregar recomendaciones a las comunidades, organizaciones, vecinos y turistas para as\u00ed evitar accidentes y apagones durante dichos eventos.<\/p>\n<p style=\"text-align: justify;\">Patricio Raimilla, jefe de Servicio al Cliente de Edelaysen\u00a0se\u00f1al\u00f3 que \u201cesta iniciativa es parte de nuestra permanente preocupaci\u00f3n por seguridad de la comunidad y su bienestar, promoviendo acciones para\u00a0mantener la continuidad y calidad de nuestro servicio y, sobre todo, la seguridad de quienes trabajan y asisten a estos eventos masivos\u201d.<\/p>\n<p style=\"text-align: justify;\">\u201cEl llamado es siempre asesorarse por un instalador el\u00e9ctrico certificado por la SEC, ya que son ellos los expertos en dimensionar si el espacio escogido para la actividad cuenta con la instalaci\u00f3n el\u00e9ctrica adecuada o si es necesario tener un equipo de respaldo\u201d, enfatiz\u00f3 el ejecutivo, agregando que \u201ces muy importante conocer el requerimiento de potencia de energ\u00eda para el uso de equipos de sonido e iluminaci\u00f3n, y revisar las condiciones de la red el\u00e9ctrica para as\u00ed evaluar la capacidad de la red\u201d.<\/p>\n<p style=\"text-align: justify;\">En el caso de las ferias, Edelaysen\u00a0recomienda a sus organizadores que tomen acciones preventivas: considerar fichas t\u00e9cnicas para establecer la potencia que requerir\u00e1n todos los artefactos enchufados simult\u00e1neamente y tambi\u00e9n evitar\u00a0conectarse desde un domicilio a trav\u00e9s de un alargador, ya que es un riesgo de sobrecarga o electrocuci\u00f3n.<\/p>\n<p style=\"text-align: justify;\">Finalmente, el ejecutivo agreg\u00f3: \u201cPara que los vecinos tengan un espacio seguro de recreaci\u00f3n deben confirmar que las instalaciones el\u00e9ctricas se encuentren en condiciones adecuadas para dar soporte a la actividad\u201d.<\/p>\n<p style=\"text-align: justify;\"><em>\u00a0<\/em><\/p>\n<p style=\"text-align: justify;\"><strong>\u00a0<\/strong><\/p>\n<\/div><\/section><\/div><div  style='height:50px' class='hr hr-invisible   avia-builder-el-6  el_after_av_one_full  el_before_av_social_share '><span class='hr-inner ' ><span class='hr-inner-style'><\/span><\/span><\/div><\/p>\n<div  class='av-social-sharing-box  avia-builder-el-7  el_after_av_hr  el_before_av_hr  '><div class='av-share-box'><h5 class='av-share-link-description av-no-toc '>Compartir esta noticia<\/h5><ul class='av-share-box-list noLightbox'><li class='av-share-link av-social-link-facebook' ><a target=\"_blank\" aria-label=\"Compartir en Facebook\" href='https:\/\/www.facebook.com\/sharer.php?u=https:\/\/radiorevelacionfm.cl\/?p=39069&#038;t=Empresa%20el%C3%A9ctrica%20realiza%20llamado%20a%20disfrutar%20de%20un%20verano%20con%20seguridad' aria-hidden='false' data-av_icon='\ue8f3' data-av_iconfont='entypo-fontello' title='' data-avia-related-tooltip='Compartir en Facebook' rel=\"noopener\"><span class='avia_hidden_link_text'>Compartir en Facebook<\/span><\/a><\/li><li class='av-share-link av-social-link-twitter' ><a target=\"_blank\" aria-label=\"Compartir en Twitter\" href='https:\/\/twitter.com\/share?text=Empresa%20el%C3%A9ctrica%20realiza%20llamado%20a%20disfrutar%20de%20un%20verano%20con%20seguridad&#038;url=https:\/\/radiorevelacionfm.cl\/?p=39069' aria-hidden='false' data-av_icon='\ue8f1' data-av_iconfont='entypo-fontello' title='' data-avia-related-tooltip='Compartir en Twitter' rel=\"noopener\"><span class='avia_hidden_link_text'>Compartir en Twitter<\/span><\/a><\/li><li class='av-share-link av-social-link-whatsapp' ><a target=\"_blank\" aria-label=\"Compartir en Whatsapp\" href='https:\/\/api.whatsapp.com\/send?text=https:\/\/radiorevelacionfm.cl\/?p=39069' aria-hidden='false' data-av_icon='\uf232' data-av_iconfont='entypo-fontello' title='' data-avia-related-tooltip='Compartir en Whatsapp' rel=\"noopener\"><span class='avia_hidden_link_text'>Compartir en Whatsapp<\/span><\/a><\/li><li class='av-share-link av-social-link-linkedin' ><a target=\"_blank\" aria-label=\"Compartir en LinkedIn\" href='https:\/\/linkedin.com\/shareArticle?mini=true&#038;title=Empresa%20el%C3%A9ctrica%20realiza%20llamado%20a%20disfrutar%20de%20un%20verano%20con%20seguridad&#038;url=https:\/\/radiorevelacionfm.cl\/?p=39069' aria-hidden='false' data-av_icon='\ue8fc' data-av_iconfont='entypo-fontello' title='' data-avia-related-tooltip='Compartir en LinkedIn' rel=\"noopener\"><span class='avia_hidden_link_text'>Compartir en LinkedIn<\/span><\/a><\/li><li class='av-share-link av-social-link-mail' ><a  aria-label=\"Compartir por correo\" href='mailto:?subject=Empresa%20el%C3%A9ctrica%20realiza%20llamado%20a%20disfrutar%20de%20un%20verano%20con%20seguridad&#038;body=https:\/\/radiorevelacionfm.cl\/?p=39069' aria-hidden='false' data-av_icon='\ue805' data-av_iconfont='entypo-fontello' title='' data-avia-related-tooltip='Compartir por correo'><span class='avia_hidden_link_text'>Compartir por correo<\/span><\/a><\/li><\/ul><\/div><\/div>\n<div  style='height:50px' class='hr hr-invisible   avia-builder-el-8  el_after_av_social_share  el_before_av_comments_list '><span class='hr-inner ' ><span class='hr-inner-style'><\/span><\/span><\/div>\n<div  class='av-buildercomment  av-blog-meta-html-info-disabled av-blog-meta-tag-disabled  '><\/div>\n","protected":false},"excerpt":{"rendered":"","protected":false},"author":1,"featured_media":39070,"comment_status":"open","ping_status":"open","sticky":false,"template":"","format":"standard","meta":{"footnotes":""},"categories":[38],"tags":[],"class_list":["post-39069","post","type-post","status-publish","format-standard","has-post-thumbnail","hentry","category-regional"],"jetpack_featured_media_url":"https:\/\/radiorevelacionfm.cl\/wp-content\/uploads\/2024\/01\/costumbrista-1_optimized.jpeg","_links":{"self":[{"href":"https:\/\/radiorevelacionfm.cl\/index.php?rest_route=\/wp\/v2\/posts\/39069","targetHints":{"allow":["GET"]}}],"collection":[{"href":"https:\/\/radiorevelacionfm.cl\/index.php?rest_route=\/wp\/v2\/posts"}],"about":[{"href":"https:\/\/radiorevelacionfm.cl\/index.php?rest_route=\/wp\/v2\/types\/post"}],"author":[{"embeddable":true,"href":"https:\/\/radiorevelacionfm.cl\/index.php?rest_route=\/wp\/v2\/users\/1"}],"replies":[{"embeddable":true,"href":"https:\/\/radiorevelacionfm.cl\/index.php?rest_route=%2Fwp%2Fv2%2Fcomments&post=39069"}],"version-history":[{"count":1,"href":"https:\/\/radiorevelacionfm.cl\/index.php?rest_route=\/wp\/v2\/posts\/39069\/revisions"}],"predecessor-version":[{"id":39071,"href":"https:\/\/radiorevelacionfm.cl\/index.php?rest_route=\/wp\/v2\/posts\/39069\/revisions\/39071"}],"wp:featuredmedia":[{"embeddable":true,"href":"https:\/\/radiorevelacionfm.cl\/index.php?rest_route=\/wp\/v2\/media\/39070"}],"wp:attachment":[{"href":"https:\/\/radiorevelacionfm.cl\/index.php?rest_route=%2Fwp%2Fv2%2Fmedia&parent=39069"}],"wp:term":[{"taxonomy":"category","embeddable":true,"href":"https:\/\/radiorevelacionfm.cl\/index.php?rest_route=%2Fwp%2Fv2%2Fcategories&post=39069"},{"taxonomy":"post_tag","embeddable":true,"href":"https:\/\/radiorevelacionfm.cl\/index.php?rest_route=%2Fwp%2Fv2%2Ftags&post=39069"}],"curies":[{"name":"wp","href":"https:\/\/api.w.org\/{rel}","templated":true}]}}