{"id":39065,"date":"2024-01-22T15:40:33","date_gmt":"2024-01-22T18:40:33","guid":{"rendered":"https:\/\/radiorevelacionfm.cl\/?p=39065"},"modified":"2024-01-22T15:53:18","modified_gmt":"2024-01-22T18:53:18","slug":"detectives-detienen-a-dos-personas-por-robo-y-porte-de-elementos-para-cometer-delitos","status":"publish","type":"post","link":"https:\/\/radiorevelacionfm.cl\/?p=39065","title":{"rendered":"Detectives detienen a dos sujetos por robo y porte de elementos para cometer delitos"},"content":{"rendered":"<div class=\"flex_column av_one_full  flex_column_div av-zero-column-padding first  avia-builder-el-0  el_before_av_one_full  avia-builder-el-first  \" style='border-radius:0px; '><div  class='avia-image-container  av-styling-    avia-builder-el-1  avia-builder-el-no-sibling  avia-align-center '  itemprop=\"image\" itemscope=\"itemscope\" itemtype=\"https:\/\/schema.org\/ImageObject\"  ><div class='avia-image-container-inner'><div class='avia-image-overlay-wrap'><img decoding=\"async\" class='wp-image-39066 avia-img-lazy-loading-not-39066 avia_image' src=\"https:\/\/radiorevelacionfm.cl\/wp-content\/uploads\/2024\/01\/22-2-2107-1-1.jpg\" alt='' title='22-2-2107 (1) (1)' height=\"600\" width=\"900\"  itemprop=\"thumbnailUrl\" srcset=\"https:\/\/radiorevelacionfm.cl\/wp-content\/uploads\/2024\/01\/22-2-2107-1-1.jpg 900w, https:\/\/radiorevelacionfm.cl\/wp-content\/uploads\/2024\/01\/22-2-2107-1-1-300x200.jpg 300w, https:\/\/radiorevelacionfm.cl\/wp-content\/uploads\/2024\/01\/22-2-2107-1-1-768x512.jpg 768w, https:\/\/radiorevelacionfm.cl\/wp-content\/uploads\/2024\/01\/22-2-2107-1-1-705x470.jpg 705w, https:\/\/radiorevelacionfm.cl\/wp-content\/uploads\/2024\/01\/22-2-2107-1-1-450x300.jpg 450w, https:\/\/radiorevelacionfm.cl\/wp-content\/uploads\/2024\/01\/22-2-2107-1-1-600x400.jpg 600w\" sizes=\"(max-width: 900px) 100vw, 900px\" \/><\/div><\/div><\/div><\/div>\n<div class=\"flex_column av_one_full  flex_column_div av-zero-column-padding first  avia-builder-el-2  el_after_av_one_full  el_before_av_one_full  column-top-margin\" style='border-radius:0px; '><section class=\"av_textblock_section \"  itemscope=\"itemscope\" itemtype=\"https:\/\/schema.org\/BlogPosting\" itemprop=\"blogPost\" ><div class='avia_textblock  '   itemprop=\"text\" ><p style=\"text-align: center;\"><strong><span style=\"font-size: 18pt;\">Detectives detienen a dos sujetos por robo y porte de elementos para cometer delitos<\/span><\/strong><\/p>\n<div id=\"gtx-trans\" style=\"position: absolute; left: -50px; top: 4.31534px;\">\n<div class=\"gtx-trans-icon\"><\/div>\n<\/div>\n<\/div><\/section><\/div><div class=\"flex_column av_one_full  flex_column_div av-zero-column-padding first  avia-builder-el-4  el_after_av_one_full  el_before_av_hr  column-top-margin\" style='border-radius:0px; '><section class=\"av_textblock_section \"  itemscope=\"itemscope\" itemtype=\"https:\/\/schema.org\/BlogPosting\" itemprop=\"blogPost\" ><div class='avia_textblock  '   itemprop=\"text\" ><p style=\"text-align: justify;\">Detectives de la Agrupaci\u00f3n de Robos de Ancud (Bicrim Ancud), en conjunto las Brigadas de Robos Puerto Montt y Coyhaique, la Polic\u00eda Mar\u00edtima y en coordinaci\u00f3n con Sacfi del Ministerio P\u00fablico, lograron la detenci\u00f3n, durante las \u00faltimas horas, de dos hombres en el marco de una indagaci\u00f3n por el delito de Robo con Intimidaci\u00f3n, bajo la modalidad \u00absalida de banco\u00bb, hecho que habr\u00edan perpetrado en diferentes ciudades del pa\u00eds.<\/p>\n<p style=\"text-align: justify;\">De acuerdo a los antecedentes obtenidos, se acreditar\u00eda su participaci\u00f3n en il\u00edcitos cometidos en Ancud, donde le sustrajeron a una v\u00edctima $5.300.000 en dinero nacional y d\u00f3lares. Junto con ello en Coyhaique habr\u00edan robado $18.500.000, siendo detenidos cuando regresaban de cometer dicho il\u00edcito. \u201cEn virtud de diferentes diligencias investigativas, se logr\u00f3 establecer que el d\u00eda 18 de enero reci\u00e9n pasado, los imputados se encontraban en la comuna de Coyhaique, lugar donde cometieron el mismo il\u00edcito, sustray\u00e9ndole en esa oportunidad a su v\u00edctima una suma elevada de dinero que hab\u00eda recientemente retirado desde una entidad bancaria\u201d, coment\u00f3 el subprefecto Ra\u00fal Yola Gonz\u00e1lez, jefe subrogante de Brigada de Investigaci\u00f3n Criminal Ancud.<\/p>\n<p style=\"text-align: justify;\">Uno de los detenidos contaba con antecedentes por delitos similares.<\/p>\n<p style=\"text-align: justify;\">En el marco de un operativo, detectives incautaron dinero en efectivo (nacional y d\u00f3lares), 1 veh\u00edculo, 2 celulares, una m\u00e1quina pos, herramientas para realizar el il\u00edcito y vestimentas. \u201cCon estas diligencias se logr\u00f3 realizar un seguimiento, logrando solicitar las respectivas \u00f3rdenes de detenci\u00f3n, las cuales se materializaron en la comuna de Puerto Montt.\u00a0Oportunidad en la que se logr\u00f3 la incautaci\u00f3n de diversos elementos utilizados por los imputados para la comisi\u00f3n del delito\u201d, agreg\u00f3 el subprefecto.<\/p>\n<p style=\"text-align: justify;\">Ambos detenidos pasaron a control de detenci\u00f3n.<\/p>\n<\/div><\/section><\/div><\/p>\n<div  style='height:50px' class='hr hr-invisible   avia-builder-el-6  el_after_av_one_full  el_before_av_social_share '><span class='hr-inner ' ><span class='hr-inner-style'><\/span><\/span><\/div>\n<div  class='av-social-sharing-box  avia-builder-el-7  el_after_av_hr  el_before_av_hr  '><div class='av-share-box'><h5 class='av-share-link-description av-no-toc '>Compartir esta noticia<\/h5><ul class='av-share-box-list noLightbox'><li class='av-share-link av-social-link-facebook' ><a target=\"_blank\" aria-label=\"Compartir en Facebook\" href='https:\/\/www.facebook.com\/sharer.php?u=https:\/\/radiorevelacionfm.cl\/?p=39065&#038;t=Detectives%20detienen%20a%20dos%20sujetos%20por%20robo%20y%20porte%20de%20elementos%20para%20cometer%20delitos' aria-hidden='false' data-av_icon='\ue8f3' data-av_iconfont='entypo-fontello' title='' data-avia-related-tooltip='Compartir en Facebook' rel=\"noopener\"><span class='avia_hidden_link_text'>Compartir en Facebook<\/span><\/a><\/li><li class='av-share-link av-social-link-twitter' ><a target=\"_blank\" aria-label=\"Compartir en Twitter\" href='https:\/\/twitter.com\/share?text=Detectives%20detienen%20a%20dos%20sujetos%20por%20robo%20y%20porte%20de%20elementos%20para%20cometer%20delitos&#038;url=https:\/\/radiorevelacionfm.cl\/?p=39065' aria-hidden='false' data-av_icon='\ue8f1' data-av_iconfont='entypo-fontello' title='' data-avia-related-tooltip='Compartir en Twitter' rel=\"noopener\"><span class='avia_hidden_link_text'>Compartir en Twitter<\/span><\/a><\/li><li class='av-share-link av-social-link-whatsapp' ><a target=\"_blank\" aria-label=\"Compartir en Whatsapp\" href='https:\/\/api.whatsapp.com\/send?text=https:\/\/radiorevelacionfm.cl\/?p=39065' aria-hidden='false' data-av_icon='\uf232' data-av_iconfont='entypo-fontello' title='' data-avia-related-tooltip='Compartir en Whatsapp' rel=\"noopener\"><span class='avia_hidden_link_text'>Compartir en Whatsapp<\/span><\/a><\/li><li class='av-share-link av-social-link-linkedin' ><a target=\"_blank\" aria-label=\"Compartir en LinkedIn\" href='https:\/\/linkedin.com\/shareArticle?mini=true&#038;title=Detectives%20detienen%20a%20dos%20sujetos%20por%20robo%20y%20porte%20de%20elementos%20para%20cometer%20delitos&#038;url=https:\/\/radiorevelacionfm.cl\/?p=39065' aria-hidden='false' data-av_icon='\ue8fc' data-av_iconfont='entypo-fontello' title='' data-avia-related-tooltip='Compartir en LinkedIn' rel=\"noopener\"><span class='avia_hidden_link_text'>Compartir en LinkedIn<\/span><\/a><\/li><li class='av-share-link av-social-link-mail' ><a  aria-label=\"Compartir por correo\" href='mailto:?subject=Detectives%20detienen%20a%20dos%20sujetos%20por%20robo%20y%20porte%20de%20elementos%20para%20cometer%20delitos&#038;body=https:\/\/radiorevelacionfm.cl\/?p=39065' aria-hidden='false' data-av_icon='\ue805' data-av_iconfont='entypo-fontello' title='' data-avia-related-tooltip='Compartir por correo'><span class='avia_hidden_link_text'>Compartir por correo<\/span><\/a><\/li><\/ul><\/div><\/div>\n<div  style='height:50px' class='hr hr-invisible   avia-builder-el-8  el_after_av_social_share  el_before_av_comments_list '><span class='hr-inner ' ><span class='hr-inner-style'><\/span><\/span><\/div>\n<div  class='av-buildercomment  av-blog-meta-html-info-disabled av-blog-meta-tag-disabled  '><\/div>\n","protected":false},"excerpt":{"rendered":"","protected":false},"author":1,"featured_media":39066,"comment_status":"open","ping_status":"open","sticky":false,"template":"","format":"standard","meta":{"footnotes":""},"categories":[36],"tags":[],"class_list":["post-39065","post","type-post","status-publish","format-standard","has-post-thumbnail","hentry","category-policial"],"jetpack_featured_media_url":"https:\/\/radiorevelacionfm.cl\/wp-content\/uploads\/2024\/01\/22-2-2107-1-1.jpg","_links":{"self":[{"href":"https:\/\/radiorevelacionfm.cl\/index.php?rest_route=\/wp\/v2\/posts\/39065","targetHints":{"allow":["GET"]}}],"collection":[{"href":"https:\/\/radiorevelacionfm.cl\/index.php?rest_route=\/wp\/v2\/posts"}],"about":[{"href":"https:\/\/radiorevelacionfm.cl\/index.php?rest_route=\/wp\/v2\/types\/post"}],"author":[{"embeddable":true,"href":"https:\/\/radiorevelacionfm.cl\/index.php?rest_route=\/wp\/v2\/users\/1"}],"replies":[{"embeddable":true,"href":"https:\/\/radiorevelacionfm.cl\/index.php?rest_route=%2Fwp%2Fv2%2Fcomments&post=39065"}],"version-history":[{"count":2,"href":"https:\/\/radiorevelacionfm.cl\/index.php?rest_route=\/wp\/v2\/posts\/39065\/revisions"}],"predecessor-version":[{"id":39068,"href":"https:\/\/radiorevelacionfm.cl\/index.php?rest_route=\/wp\/v2\/posts\/39065\/revisions\/39068"}],"wp:featuredmedia":[{"embeddable":true,"href":"https:\/\/radiorevelacionfm.cl\/index.php?rest_route=\/wp\/v2\/media\/39066"}],"wp:attachment":[{"href":"https:\/\/radiorevelacionfm.cl\/index.php?rest_route=%2Fwp%2Fv2%2Fmedia&parent=39065"}],"wp:term":[{"taxonomy":"category","embeddable":true,"href":"https:\/\/radiorevelacionfm.cl\/index.php?rest_route=%2Fwp%2Fv2%2Fcategories&post=39065"},{"taxonomy":"post_tag","embeddable":true,"href":"https:\/\/radiorevelacionfm.cl\/index.php?rest_route=%2Fwp%2Fv2%2Ftags&post=39065"}],"curies":[{"name":"wp","href":"https:\/\/api.w.org\/{rel}","templated":true}]}}