{"id":39061,"date":"2024-01-22T22:16:01","date_gmt":"2024-01-23T01:16:01","guid":{"rendered":"https:\/\/radiorevelacionfm.cl\/?p=39061"},"modified":"2024-01-22T22:16:01","modified_gmt":"2024-01-23T01:16:01","slug":"slep-aysen-y-junji-firman-convenio-de-transferencia-de-10-jardines-infantiles-de-la-region","status":"publish","type":"post","link":"https:\/\/radiorevelacionfm.cl\/?p=39061","title":{"rendered":"SLEP Ays\u00e9n y Junji firman convenio de transferencia de 10 jardines infantiles de la regi\u00f3n"},"content":{"rendered":"<div class=\"flex_column av_one_full  flex_column_div av-zero-column-padding first  avia-builder-el-0  el_before_av_one_full  avia-builder-el-first  \" style='border-radius:0px; '><div  class='avia-image-container  av-styling-    avia-builder-el-1  avia-builder-el-no-sibling  avia-align-center '  itemprop=\"image\" itemscope=\"itemscope\" itemtype=\"https:\/\/schema.org\/ImageObject\"  ><div class='avia-image-container-inner'><div class='avia-image-overlay-wrap'><img decoding=\"async\" class='wp-image-39062 avia-img-lazy-loading-not-39062 avia_image' src=\"https:\/\/radiorevelacionfm.cl\/wp-content\/uploads\/2024\/01\/firma-3-1-1.jpg\" alt='' title='firma 3 (1) (1)' height=\"600\" width=\"829\"  itemprop=\"thumbnailUrl\" srcset=\"https:\/\/radiorevelacionfm.cl\/wp-content\/uploads\/2024\/01\/firma-3-1-1.jpg 829w, https:\/\/radiorevelacionfm.cl\/wp-content\/uploads\/2024\/01\/firma-3-1-1-300x217.jpg 300w, https:\/\/radiorevelacionfm.cl\/wp-content\/uploads\/2024\/01\/firma-3-1-1-768x556.jpg 768w, https:\/\/radiorevelacionfm.cl\/wp-content\/uploads\/2024\/01\/firma-3-1-1-705x510.jpg 705w, https:\/\/radiorevelacionfm.cl\/wp-content\/uploads\/2024\/01\/firma-3-1-1-450x326.jpg 450w, https:\/\/radiorevelacionfm.cl\/wp-content\/uploads\/2024\/01\/firma-3-1-1-600x434.jpg 600w\" sizes=\"(max-width: 829px) 100vw, 829px\" \/><\/div><\/div><\/div><\/div><div class=\"flex_column av_one_full  flex_column_div av-zero-column-padding first  avia-builder-el-2  el_after_av_one_full  el_before_av_one_full  column-top-margin\" style='border-radius:0px; '><section class=\"av_textblock_section \"  itemscope=\"itemscope\" itemtype=\"https:\/\/schema.org\/BlogPosting\" itemprop=\"blogPost\" ><div class='avia_textblock  '   itemprop=\"text\" ><p style=\"text-align: center;\"><strong><span style=\"font-size: 18pt;\">SLEP Ays\u00e9n y Junji firman convenio de transferencia de 10 jardines infantiles de la regi\u00f3n<\/span><\/strong><\/p>\n<div id=\"gtx-trans\" style=\"position: absolute; left: -50px; top: 4.31534px;\">\n<div class=\"gtx-trans-icon\"><\/div>\n<\/div>\n<\/div><\/section><\/div><div class=\"flex_column av_one_full  flex_column_div av-zero-column-padding first  avia-builder-el-4  el_after_av_one_full  el_before_av_hr  column-top-margin\" style='border-radius:0px; '><section class=\"av_textblock_section \"  itemscope=\"itemscope\" itemtype=\"https:\/\/schema.org\/BlogPosting\" itemprop=\"blogPost\" ><div class='avia_textblock  '   itemprop=\"text\" ><p style=\"text-align: justify;\">Como un importante hito para la Nueva Educaci\u00f3n P\u00fablica de Ays\u00e9n calific\u00f3 el director ejecutivo Sebasti\u00e1n Gonz\u00e1lez la firma de los convenios de transferencia de fondos desde la Junji hacia el SLEP Ays\u00e9n para la administraci\u00f3n de los 10 jardines VTF (V\u00eda Transferencia de Fondos), los que a partir de este a\u00f1o tendr\u00e1n como sostenedor a la nueva instituci\u00f3n educativa.<\/p>\n<p style=\"text-align: justify;\">En esta l\u00ednea Gonz\u00e1lez destac\u00f3 la importancia que adquiere la Educaci\u00f3n Parvularia para el servicio que lidera, consider\u00e1ndola como \u201cun pilar fundamental para el trabajo que queremos hacer\u201d, agregando al respecto que \u00a0\u201caqu\u00ed la proyecci\u00f3n es que primero podamos innovar con pr\u00e1cticas pedag\u00f3gicas que sean significativas para los ni\u00f1os y ni\u00f1as; un segundo aspecto tiene que ver con el mejoramiento de la infraestructura de los jardines infantiles VTF y en esta l\u00ednea hemos tenido reuniones con el equipo de Junji quienes nos han mostrado todas las posibilidades que tenemos para lograr el reconocimiento oficial y por \u00faltimo hemos conversado sobre la importancia de que la ciudadan\u00eda comprenda que los jardines infantiles no son solamente un centro de cuidados, sino que son un centro educativo y como tal \u00a0debemos darles ese valor\u201d.<\/p>\n<p style=\"text-align: justify;\">Para el director de Junji Ays\u00e9n Juan Eduardo Lorca \u201cla firma de este convenio es muy importante porque asegura la transferencia de fondos permitiendo de esta forma la continuidad del servicio educativo y tambi\u00e9n poner a disposici\u00f3n a todos nuestros equipos t\u00e9cnicos de Junji para seguir colaborando con la educaci\u00f3n p\u00fablica. Proyectamos un trabajo junto al SLEP sobre todo en aspectos t\u00e9cnico pedag\u00f3gicos a trav\u00e9s del traspaso de informaci\u00f3n, de seguir apoyando a las directoras de estos jardines pero tambi\u00e9n tenemos una fuerte alianza de trabajo con nuestra \u00e1rea de recursos f\u00edsicos financieros particularmente con el \u00e1rea de transferencias de fondos, donde no solamente se hacen las rendiciones sino que se asegura poder contar con los fondos necesarios para poder pagar remuneraciones y mantener operativo cada jard\u00edn infantil en nuestra regi\u00f3n\u201d.<\/p>\n<p style=\"text-align: justify;\">Es as\u00ed como a partir de este a\u00f1o, el SLEP Ays\u00e9n tendr\u00e1 la misi\u00f3n de administrar, pero tambi\u00e9n liderar los procesos educativos, de los 10 jardines VTF que hasta el a\u00f1o pasado eran administrados por los municipios de la regi\u00f3n. Para ello, equipos t\u00e9cnicos de ambas instituciones han mantenido constantes reuniones con el objetivo de poder trabajar en conjunto en este nuevo proceso, del cual cerca de 700 ni\u00f1os y ni\u00f1as del territorio formar\u00e1n parte. \u201cDesde el primer d\u00eda que creamos el servicio hemos desarrollado un trabajo cercano con Junji, a trav\u00e9s de constantes reuniones con los equipos t\u00e9cnicos para fijar un escenario futuro en la oferta educativa p\u00fablica de la regi\u00f3n\u201d, puntualiz\u00f3 el jefe superior del SLEP.<\/p>\n<p style=\"text-align: justify;\">Los 10 jardines infantiles VTF traspasados a la administraci\u00f3n del SLEP Ays\u00e9n son Futuro Austral, Aiken Yemel y Vallecitos de Ays\u00e9n de Coyhaique; Ays\u00e9n Chiquito, Ayelen Ruka y Arboliris de Ays\u00e9n; Los Corderitos de Lago Verde; Peque\u00f1os Caminantes de R\u00edo Ib\u00e1\u00f1ez; Mi Baker de Cochrane y Ciruelillo en Flor de Tortel, establecimientos educativos donde adem\u00e1s el pasado 2 de enero se realiz\u00f3 de manera paralela el hito de inicio de la educaci\u00f3n p\u00fablica en la regi\u00f3n de Ays\u00e9n.<\/p>\n<\/div><\/section><\/div><div  style='height:50px' class='hr hr-invisible   avia-builder-el-6  el_after_av_one_full  el_before_av_social_share '><span class='hr-inner ' ><span class='hr-inner-style'><\/span><\/span><\/div><\/p>\n<div  class='av-social-sharing-box  avia-builder-el-7  el_after_av_hr  el_before_av_hr  '><div class='av-share-box'><h5 class='av-share-link-description av-no-toc '>Compartir esta noticia<\/h5><ul class='av-share-box-list noLightbox'><li class='av-share-link av-social-link-facebook' ><a target=\"_blank\" aria-label=\"Compartir en Facebook\" href='https:\/\/www.facebook.com\/sharer.php?u=https:\/\/radiorevelacionfm.cl\/?p=39061&#038;t=SLEP%20Ays%C3%A9n%20y%20Junji%20firman%20convenio%20de%20transferencia%20de%2010%20jardines%20infantiles%20de%20la%20regi%C3%B3n' aria-hidden='false' data-av_icon='\ue8f3' data-av_iconfont='entypo-fontello' title='' data-avia-related-tooltip='Compartir en Facebook' rel=\"noopener\"><span class='avia_hidden_link_text'>Compartir en Facebook<\/span><\/a><\/li><li class='av-share-link av-social-link-twitter' ><a target=\"_blank\" aria-label=\"Compartir en Twitter\" href='https:\/\/twitter.com\/share?text=SLEP%20Ays%C3%A9n%20y%20Junji%20firman%20convenio%20de%20transferencia%20de%2010%20jardines%20infantiles%20de%20la%20regi%C3%B3n&#038;url=https:\/\/radiorevelacionfm.cl\/?p=39061' aria-hidden='false' data-av_icon='\ue8f1' data-av_iconfont='entypo-fontello' title='' data-avia-related-tooltip='Compartir en Twitter' rel=\"noopener\"><span class='avia_hidden_link_text'>Compartir en Twitter<\/span><\/a><\/li><li class='av-share-link av-social-link-whatsapp' ><a target=\"_blank\" aria-label=\"Compartir en Whatsapp\" href='https:\/\/api.whatsapp.com\/send?text=https:\/\/radiorevelacionfm.cl\/?p=39061' aria-hidden='false' data-av_icon='\uf232' data-av_iconfont='entypo-fontello' title='' data-avia-related-tooltip='Compartir en Whatsapp' rel=\"noopener\"><span class='avia_hidden_link_text'>Compartir en Whatsapp<\/span><\/a><\/li><li class='av-share-link av-social-link-linkedin' ><a target=\"_blank\" aria-label=\"Compartir en LinkedIn\" href='https:\/\/linkedin.com\/shareArticle?mini=true&#038;title=SLEP%20Ays%C3%A9n%20y%20Junji%20firman%20convenio%20de%20transferencia%20de%2010%20jardines%20infantiles%20de%20la%20regi%C3%B3n&#038;url=https:\/\/radiorevelacionfm.cl\/?p=39061' aria-hidden='false' data-av_icon='\ue8fc' data-av_iconfont='entypo-fontello' title='' data-avia-related-tooltip='Compartir en LinkedIn' rel=\"noopener\"><span class='avia_hidden_link_text'>Compartir en LinkedIn<\/span><\/a><\/li><li class='av-share-link av-social-link-mail' ><a  aria-label=\"Compartir por correo\" href='mailto:?subject=SLEP%20Ays%C3%A9n%20y%20Junji%20firman%20convenio%20de%20transferencia%20de%2010%20jardines%20infantiles%20de%20la%20regi%C3%B3n&#038;body=https:\/\/radiorevelacionfm.cl\/?p=39061' aria-hidden='false' data-av_icon='\ue805' data-av_iconfont='entypo-fontello' title='' data-avia-related-tooltip='Compartir por correo'><span class='avia_hidden_link_text'>Compartir por correo<\/span><\/a><\/li><\/ul><\/div><\/div>\n<div  style='height:50px' class='hr hr-invisible   avia-builder-el-8  el_after_av_social_share  el_before_av_comments_list '><span class='hr-inner ' ><span class='hr-inner-style'><\/span><\/span><\/div>\n<div  class='av-buildercomment  av-blog-meta-html-info-disabled av-blog-meta-tag-disabled  '><\/div>\n","protected":false},"excerpt":{"rendered":"","protected":false},"author":1,"featured_media":39062,"comment_status":"open","ping_status":"open","sticky":false,"template":"","format":"standard","meta":{"footnotes":""},"categories":[49],"tags":[],"class_list":["post-39061","post","type-post","status-publish","format-standard","has-post-thumbnail","hentry","category-educacion"],"jetpack_featured_media_url":"https:\/\/radiorevelacionfm.cl\/wp-content\/uploads\/2024\/01\/firma-3-1-1.jpg","_links":{"self":[{"href":"https:\/\/radiorevelacionfm.cl\/index.php?rest_route=\/wp\/v2\/posts\/39061","targetHints":{"allow":["GET"]}}],"collection":[{"href":"https:\/\/radiorevelacionfm.cl\/index.php?rest_route=\/wp\/v2\/posts"}],"about":[{"href":"https:\/\/radiorevelacionfm.cl\/index.php?rest_route=\/wp\/v2\/types\/post"}],"author":[{"embeddable":true,"href":"https:\/\/radiorevelacionfm.cl\/index.php?rest_route=\/wp\/v2\/users\/1"}],"replies":[{"embeddable":true,"href":"https:\/\/radiorevelacionfm.cl\/index.php?rest_route=%2Fwp%2Fv2%2Fcomments&post=39061"}],"version-history":[{"count":1,"href":"https:\/\/radiorevelacionfm.cl\/index.php?rest_route=\/wp\/v2\/posts\/39061\/revisions"}],"predecessor-version":[{"id":39063,"href":"https:\/\/radiorevelacionfm.cl\/index.php?rest_route=\/wp\/v2\/posts\/39061\/revisions\/39063"}],"wp:featuredmedia":[{"embeddable":true,"href":"https:\/\/radiorevelacionfm.cl\/index.php?rest_route=\/wp\/v2\/media\/39062"}],"wp:attachment":[{"href":"https:\/\/radiorevelacionfm.cl\/index.php?rest_route=%2Fwp%2Fv2%2Fmedia&parent=39061"}],"wp:term":[{"taxonomy":"category","embeddable":true,"href":"https:\/\/radiorevelacionfm.cl\/index.php?rest_route=%2Fwp%2Fv2%2Fcategories&post=39061"},{"taxonomy":"post_tag","embeddable":true,"href":"https:\/\/radiorevelacionfm.cl\/index.php?rest_route=%2Fwp%2Fv2%2Ftags&post=39061"}],"curies":[{"name":"wp","href":"https:\/\/api.w.org\/{rel}","templated":true}]}}