{"id":39058,"date":"2024-01-22T15:27:26","date_gmt":"2024-01-22T18:27:26","guid":{"rendered":"https:\/\/radiorevelacionfm.cl\/?p=39058"},"modified":"2024-01-22T15:27:26","modified_gmt":"2024-01-22T18:27:26","slug":"seremi-paulina-ruz-en-2023-entregamos-mas-de-400-viviendas-e-iniciamos-la-construccion-de-otras-250-en-diferentes-comunas-de-la-region","status":"publish","type":"post","link":"https:\/\/radiorevelacionfm.cl\/?p=39058","title":{"rendered":"Seremi Paulina Ruz: \u201cEn 2023 entregamos m\u00e1s de 400 viviendas e iniciamos la construcci\u00f3n de otras 250 en diferentes comunas de la regi\u00f3n\u201d"},"content":{"rendered":"<div class=\"flex_column av_one_full  flex_column_div av-zero-column-padding first  avia-builder-el-0  el_before_av_one_full  avia-builder-el-first  \" style='border-radius:0px; '><div  class='avia-image-container  av-styling-    avia-builder-el-1  avia-builder-el-no-sibling  avia-align-center '  itemprop=\"image\" itemscope=\"itemscope\" itemtype=\"https:\/\/schema.org\/ImageObject\"  ><div class='avia-image-container-inner'><div class='avia-image-overlay-wrap'><img decoding=\"async\" class='wp-image-39059 avia-img-lazy-loading-not-39059 avia_image' src=\"https:\/\/radiorevelacionfm.cl\/wp-content\/uploads\/2024\/01\/archivo-delegado-pr-y-seremi-entregan-viviendas-a-comite-no-tengo-casa-propia-de-puerto-aysen-2023-1_optimized.jpg\" alt='' title='archivo-delegado-pr-y-seremi-entregan-viviendas-a-comit\u00e9-no-tengo-casa-propia-de-puerto-ays\u00e9n-2023-(1)_optimized' height=\"600\" width=\"900\"  itemprop=\"thumbnailUrl\" srcset=\"https:\/\/radiorevelacionfm.cl\/wp-content\/uploads\/2024\/01\/archivo-delegado-pr-y-seremi-entregan-viviendas-a-comite-no-tengo-casa-propia-de-puerto-aysen-2023-1_optimized.jpg 900w, https:\/\/radiorevelacionfm.cl\/wp-content\/uploads\/2024\/01\/archivo-delegado-pr-y-seremi-entregan-viviendas-a-comite-no-tengo-casa-propia-de-puerto-aysen-2023-1_optimized-300x200.jpg 300w, https:\/\/radiorevelacionfm.cl\/wp-content\/uploads\/2024\/01\/archivo-delegado-pr-y-seremi-entregan-viviendas-a-comite-no-tengo-casa-propia-de-puerto-aysen-2023-1_optimized-768x512.jpg 768w, https:\/\/radiorevelacionfm.cl\/wp-content\/uploads\/2024\/01\/archivo-delegado-pr-y-seremi-entregan-viviendas-a-comite-no-tengo-casa-propia-de-puerto-aysen-2023-1_optimized-705x470.jpg 705w, https:\/\/radiorevelacionfm.cl\/wp-content\/uploads\/2024\/01\/archivo-delegado-pr-y-seremi-entregan-viviendas-a-comite-no-tengo-casa-propia-de-puerto-aysen-2023-1_optimized-450x300.jpg 450w, https:\/\/radiorevelacionfm.cl\/wp-content\/uploads\/2024\/01\/archivo-delegado-pr-y-seremi-entregan-viviendas-a-comite-no-tengo-casa-propia-de-puerto-aysen-2023-1_optimized-600x400.jpg 600w\" sizes=\"(max-width: 900px) 100vw, 900px\" \/><\/div><\/div><\/div><\/div><div class=\"flex_column av_one_full  flex_column_div av-zero-column-padding first  avia-builder-el-2  el_after_av_one_full  el_before_av_one_full  column-top-margin\" style='border-radius:0px; '><section class=\"av_textblock_section \"  itemscope=\"itemscope\" itemtype=\"https:\/\/schema.org\/BlogPosting\" itemprop=\"blogPost\" ><div class='avia_textblock  '   itemprop=\"text\" ><p style=\"text-align: center;\"><span style=\"font-size: 18pt;\"><strong>Seremi Paulina Ruz: \u201cEn 2023 entregamos m\u00e1s de 400 viviendas e iniciamos la construcci\u00f3n de otras 250 en diferentes comunas de la regi\u00f3n\u201d<\/strong><\/span><\/p>\n<div id=\"gtx-trans\" style=\"position: absolute; left: -50px; top: 4.31534px;\">\n<div class=\"gtx-trans-icon\"><\/div>\n<\/div>\n<\/div><\/section><\/div><div class=\"flex_column av_one_full  flex_column_div av-zero-column-padding first  avia-builder-el-4  el_after_av_one_full  el_before_av_hr  column-top-margin\" style='border-radius:0px; '><section class=\"av_textblock_section \"  itemscope=\"itemscope\" itemtype=\"https:\/\/schema.org\/BlogPosting\" itemprop=\"blogPost\" ><div class='avia_textblock  '   itemprop=\"text\" ><p style=\"text-align: justify;\">La Seremi de Vivienda y Urbanismo de la regi\u00f3n de Ays\u00e9n, Paulina Ruz Delfin, desminti\u00f3 la informaci\u00f3n publicada por algunos medios regionales que, haciendo referencia a un estudio de la Universidad de Talca, afirman que en la regi\u00f3n de Ays\u00e9n solo se habr\u00edan construido 33 viviendas sociales en 2023, lo que la sit\u00faa entre las cinco que tienen mayor d\u00e9ficit de viviendas sociales en el pa\u00eds.<\/p>\n<p style=\"text-align: justify;\">La autoridad sectorial lament\u00f3 la publicaci\u00f3n y difusi\u00f3n de informaci\u00f3n que no se condice con la realidad, sobre todo en un tema tan sensible como la construcci\u00f3n y entrega de soluciones habitacionales, ya que se trata de cifras que est\u00e1n totalmente desactualizadas, algo que pudo ser cotejado o corroborado f\u00e1cilmente con una solicitud o contacto directo con las autoridades regionales del sector.<\/p>\n<p style=\"text-align: justify;\">La Seremi Paulina Ruz aclar\u00f3 que el dato que se\u00f1ala que en la regi\u00f3n solo se habr\u00edan construido 33 viviendas durante 2023 es falso, ya que el a\u00f1o pasado se entregaron m\u00e1s de 400 viviendas para familias de diferentes comunas de la regi\u00f3n, entre ellas 43 viviendas del proyecto Canal Darwin de Coyhaique; 108 viviendas para los comit\u00e9s Calafate y Sue\u00f1o Patag\u00f3n, de Puerto Ays\u00e9n; 204 viviendas para los comit\u00e9s Amuyen 1 y 2 de Puerto Ays\u00e9n y 50 viviendas del comit\u00e9 No Tengo casa Propia de Puerto Ays\u00e9n, entre otras, todas ellas viviendas sin deuda construidas con subsidios del programa Fondo Solidario de Elecci\u00f3n de Vivienda (DS49).<\/p>\n<p style=\"text-align: justify;\">En complemento, precis\u00f3 la autoridad sectorial, durante el a\u00f1o 2023 se inici\u00f3 la construcci\u00f3n de m\u00e1s de 250 nuevas viviendas sociales, las que est\u00e1n en plena ejecuci\u00f3n y corresponden a 100 viviendas para las familias del comit\u00e9 Ruka Kim\u00fan, de Coyhaique; 96 viviendas para el comit\u00e9 Proyecto Joven, de Balmaceda y 59 casas para los integrantes del Comit\u00e9 Patagonia Alegre, de Puerto Chacabuco, esto sin considerar \u00a0proyectos y soluciones que se gestionaron con otros programas del Minvu, como el de Habitabilidad Rural o el Programa para sectores emergentes y medios (DS1).<\/p>\n<p style=\"text-align: justify;\">Es en base a estas cifras que hoy la regi\u00f3n de Ays\u00e9n presenta un porcentaje mayor al promedio nacional en lo que se refiere al cumplimiento de la meta trazada en el Plan de Emergencia Habitacional del Gobierno, ya que la meta es entregar mil 293 viviendas en los 4 a\u00f1os de Gobierno y al mes de diciembre de 2023 la regi\u00f3n suma 603 viviendas entregadas, lo que equivale a un avance del 46,6 por ciento. A eso se suman 708 viviendas en plena ejecuci\u00f3n y 213 viviendas de proyectos habitacionales que est\u00e1n por iniciar.<\/p>\n<p style=\"text-align: justify;\">Estos datos, que se han difundido varias veces en los medios regionales y locales, dan cuenta de lo errada y desactualizada que est\u00e1 la informaci\u00f3n difundida en los \u00faltimos d\u00edas por algunos medios locales, lo que lamentablemente provoca una desinformaci\u00f3n en la comunidad regional y nacional respecto de la gesti\u00f3n y el trabajo que se ha venido haciendo desde el sector Vivienda regional con los municipios, las entidades patrocinantes, las empresas y las mismas familias de la regi\u00f3n, organizadas en sus respectivos comit\u00e9s de vivienda.<\/p>\n<p style=\"text-align: justify;\">Tras esta aclaraci\u00f3n, la Seremi de Vivienda, Paulina Ruz, hizo un llamado a ser cuidadosos con el uso de la informaci\u00f3n, la que, en caso de dudas, puede ser corroborada con las autoridades del sector en base una pol\u00edtica de puertas abiertas que se ha mantenido en el tiempo desde el inicio del actual Gobierno.<\/p>\n<\/div><\/section><\/div><div  style='height:50px' class='hr hr-invisible   avia-builder-el-6  el_after_av_one_full  el_before_av_social_share '><span class='hr-inner ' ><span class='hr-inner-style'><\/span><\/span><\/div><\/p>\n<div  class='av-social-sharing-box  avia-builder-el-7  el_after_av_hr  el_before_av_hr  '><div class='av-share-box'><h5 class='av-share-link-description av-no-toc '>Compartir esta noticia<\/h5><ul class='av-share-box-list noLightbox'><li class='av-share-link av-social-link-facebook' ><a target=\"_blank\" aria-label=\"Compartir en Facebook\" href='https:\/\/www.facebook.com\/sharer.php?u=https:\/\/radiorevelacionfm.cl\/?p=39058&#038;t=Seremi%20Paulina%20Ruz%3A%20%E2%80%9CEn%202023%20entregamos%20m%C3%A1s%20de%20400%20viviendas%20e%20iniciamos%20la%20construcci%C3%B3n%20de%20otras%20250%20en%20diferentes%20comunas%20de%20la%20regi%C3%B3n%E2%80%9D' aria-hidden='false' data-av_icon='\ue8f3' data-av_iconfont='entypo-fontello' title='' data-avia-related-tooltip='Compartir en Facebook' rel=\"noopener\"><span class='avia_hidden_link_text'>Compartir en Facebook<\/span><\/a><\/li><li class='av-share-link av-social-link-twitter' ><a target=\"_blank\" aria-label=\"Compartir en Twitter\" href='https:\/\/twitter.com\/share?text=Seremi%20Paulina%20Ruz%3A%20%E2%80%9CEn%202023%20entregamos%20m%C3%A1s%20de%20400%20viviendas%20e%20iniciamos%20la%20construcci%C3%B3n%20de%20otras%20250%20en%20diferentes%20comunas%20de%20la%20regi%C3%B3n%E2%80%9D&#038;url=https:\/\/radiorevelacionfm.cl\/?p=39058' aria-hidden='false' data-av_icon='\ue8f1' data-av_iconfont='entypo-fontello' title='' data-avia-related-tooltip='Compartir en Twitter' rel=\"noopener\"><span class='avia_hidden_link_text'>Compartir en Twitter<\/span><\/a><\/li><li class='av-share-link av-social-link-whatsapp' ><a target=\"_blank\" aria-label=\"Compartir en Whatsapp\" href='https:\/\/api.whatsapp.com\/send?text=https:\/\/radiorevelacionfm.cl\/?p=39058' aria-hidden='false' data-av_icon='\uf232' data-av_iconfont='entypo-fontello' title='' data-avia-related-tooltip='Compartir en Whatsapp' rel=\"noopener\"><span class='avia_hidden_link_text'>Compartir en Whatsapp<\/span><\/a><\/li><li class='av-share-link av-social-link-linkedin' ><a target=\"_blank\" aria-label=\"Compartir en LinkedIn\" href='https:\/\/linkedin.com\/shareArticle?mini=true&#038;title=Seremi%20Paulina%20Ruz%3A%20%E2%80%9CEn%202023%20entregamos%20m%C3%A1s%20de%20400%20viviendas%20e%20iniciamos%20la%20construcci%C3%B3n%20de%20otras%20250%20en%20diferentes%20comunas%20de%20la%20regi%C3%B3n%E2%80%9D&#038;url=https:\/\/radiorevelacionfm.cl\/?p=39058' aria-hidden='false' data-av_icon='\ue8fc' data-av_iconfont='entypo-fontello' title='' data-avia-related-tooltip='Compartir en LinkedIn' rel=\"noopener\"><span class='avia_hidden_link_text'>Compartir en LinkedIn<\/span><\/a><\/li><li class='av-share-link av-social-link-mail' ><a  aria-label=\"Compartir por correo\" href='mailto:?subject=Seremi%20Paulina%20Ruz%3A%20%E2%80%9CEn%202023%20entregamos%20m%C3%A1s%20de%20400%20viviendas%20e%20iniciamos%20la%20construcci%C3%B3n%20de%20otras%20250%20en%20diferentes%20comunas%20de%20la%20regi%C3%B3n%E2%80%9D&#038;body=https:\/\/radiorevelacionfm.cl\/?p=39058' aria-hidden='false' data-av_icon='\ue805' data-av_iconfont='entypo-fontello' title='' data-avia-related-tooltip='Compartir por correo'><span class='avia_hidden_link_text'>Compartir por correo<\/span><\/a><\/li><\/ul><\/div><\/div>\n<div  style='height:50px' class='hr hr-invisible   avia-builder-el-8  el_after_av_social_share  el_before_av_comments_list '><span class='hr-inner ' ><span class='hr-inner-style'><\/span><\/span><\/div>\n<div  class='av-buildercomment  av-blog-meta-html-info-disabled av-blog-meta-tag-disabled  '><\/div>\n","protected":false},"excerpt":{"rendered":"","protected":false},"author":1,"featured_media":39059,"comment_status":"open","ping_status":"open","sticky":false,"template":"","format":"standard","meta":{"footnotes":""},"categories":[57],"tags":[],"class_list":["post-39058","post","type-post","status-publish","format-standard","has-post-thumbnail","hentry","category-vivienda"],"jetpack_featured_media_url":"https:\/\/radiorevelacionfm.cl\/wp-content\/uploads\/2024\/01\/archivo-delegado-pr-y-seremi-entregan-viviendas-a-comite-no-tengo-casa-propia-de-puerto-aysen-2023-1_optimized.jpg","_links":{"self":[{"href":"https:\/\/radiorevelacionfm.cl\/index.php?rest_route=\/wp\/v2\/posts\/39058","targetHints":{"allow":["GET"]}}],"collection":[{"href":"https:\/\/radiorevelacionfm.cl\/index.php?rest_route=\/wp\/v2\/posts"}],"about":[{"href":"https:\/\/radiorevelacionfm.cl\/index.php?rest_route=\/wp\/v2\/types\/post"}],"author":[{"embeddable":true,"href":"https:\/\/radiorevelacionfm.cl\/index.php?rest_route=\/wp\/v2\/users\/1"}],"replies":[{"embeddable":true,"href":"https:\/\/radiorevelacionfm.cl\/index.php?rest_route=%2Fwp%2Fv2%2Fcomments&post=39058"}],"version-history":[{"count":1,"href":"https:\/\/radiorevelacionfm.cl\/index.php?rest_route=\/wp\/v2\/posts\/39058\/revisions"}],"predecessor-version":[{"id":39060,"href":"https:\/\/radiorevelacionfm.cl\/index.php?rest_route=\/wp\/v2\/posts\/39058\/revisions\/39060"}],"wp:featuredmedia":[{"embeddable":true,"href":"https:\/\/radiorevelacionfm.cl\/index.php?rest_route=\/wp\/v2\/media\/39059"}],"wp:attachment":[{"href":"https:\/\/radiorevelacionfm.cl\/index.php?rest_route=%2Fwp%2Fv2%2Fmedia&parent=39058"}],"wp:term":[{"taxonomy":"category","embeddable":true,"href":"https:\/\/radiorevelacionfm.cl\/index.php?rest_route=%2Fwp%2Fv2%2Fcategories&post=39058"},{"taxonomy":"post_tag","embeddable":true,"href":"https:\/\/radiorevelacionfm.cl\/index.php?rest_route=%2Fwp%2Fv2%2Ftags&post=39058"}],"curies":[{"name":"wp","href":"https:\/\/api.w.org\/{rel}","templated":true}]}}