{"id":39055,"date":"2024-01-22T13:37:17","date_gmt":"2024-01-22T16:37:17","guid":{"rendered":"https:\/\/radiorevelacionfm.cl\/?p=39055"},"modified":"2024-01-22T14:09:16","modified_gmt":"2024-01-22T17:09:16","slug":"federacion-gremial-agropecuaria-forestal-aysen-patagonia-verde-se-reactiva-con-nueva-directiva","status":"publish","type":"post","link":"https:\/\/radiorevelacionfm.cl\/?p=39055","title":{"rendered":"Federaci\u00f3n Gremial Agropecuaria Forestal Ays\u00e9n Patagonia Verde se reactiva con nueva directiva"},"content":{"rendered":"<div class=\"flex_column av_one_full  flex_column_div av-zero-column-padding first  avia-builder-el-0  el_before_av_one_full  avia-builder-el-first  \" style='border-radius:0px; '><div  class='avia-image-container  av-styling-    avia-builder-el-1  avia-builder-el-no-sibling  avia-align-center '  itemprop=\"image\" itemscope=\"itemscope\" itemtype=\"https:\/\/schema.org\/ImageObject\"  ><div class='avia-image-container-inner'><div class='avia-image-overlay-wrap'><img decoding=\"async\" class='wp-image-39056 avia-img-lazy-loading-not-39056 avia_image' src=\"https:\/\/radiorevelacionfm.cl\/wp-content\/uploads\/2024\/01\/IMG_20240119_145708-1-1.jpg\" alt='' title='IMG_20240119_145708 (1) (1)' height=\"600\" width=\"1064\"  itemprop=\"thumbnailUrl\" srcset=\"https:\/\/radiorevelacionfm.cl\/wp-content\/uploads\/2024\/01\/IMG_20240119_145708-1-1.jpg 1064w, https:\/\/radiorevelacionfm.cl\/wp-content\/uploads\/2024\/01\/IMG_20240119_145708-1-1-300x169.jpg 300w, https:\/\/radiorevelacionfm.cl\/wp-content\/uploads\/2024\/01\/IMG_20240119_145708-1-1-1030x581.jpg 1030w, https:\/\/radiorevelacionfm.cl\/wp-content\/uploads\/2024\/01\/IMG_20240119_145708-1-1-768x433.jpg 768w, https:\/\/radiorevelacionfm.cl\/wp-content\/uploads\/2024\/01\/IMG_20240119_145708-1-1-705x398.jpg 705w, https:\/\/radiorevelacionfm.cl\/wp-content\/uploads\/2024\/01\/IMG_20240119_145708-1-1-450x254.jpg 450w, https:\/\/radiorevelacionfm.cl\/wp-content\/uploads\/2024\/01\/IMG_20240119_145708-1-1-600x338.jpg 600w\" sizes=\"(max-width: 1064px) 100vw, 1064px\" \/><\/div><\/div><\/div><\/div>\n<div class=\"flex_column av_one_full  flex_column_div av-zero-column-padding first  avia-builder-el-2  el_after_av_one_full  el_before_av_one_full  column-top-margin\" style='border-radius:0px; '><section class=\"av_textblock_section \"  itemscope=\"itemscope\" itemtype=\"https:\/\/schema.org\/BlogPosting\" itemprop=\"blogPost\" ><div class='avia_textblock  '   itemprop=\"text\" ><p style=\"text-align: center;\"><strong><span style=\"font-size: 18pt;\">Federaci\u00f3n Gremial Agropecuaria Forestal Ays\u00e9n Patagonia Verde se reactiva con nueva directiva<\/span><\/strong><\/p>\n<div id=\"gtx-trans\" style=\"position: absolute; left: -50px; top: 4.31534px;\">\n<div class=\"gtx-trans-icon\"><\/div>\n<\/div>\n<\/div><\/section><\/div>\n<div class=\"flex_column av_one_full  flex_column_div av-zero-column-padding first  avia-builder-el-4  el_after_av_one_full  el_before_av_hr  column-top-margin\" style='border-radius:0px; '><section class=\"av_textblock_section \"  itemscope=\"itemscope\" itemtype=\"https:\/\/schema.org\/BlogPosting\" itemprop=\"blogPost\" ><div class='avia_textblock  '   itemprop=\"text\" ><p style=\"text-align: justify;\">El pasado viernes 19 de enero 2024 en dependencias del Campus Lillo de la Universidad de Ays\u00e9n, Coyhaique, capital regional, concurrieron dirigentes de base de la <strong>Federaci\u00f3n Gremial Agropecuaria y Forestal Ays\u00e9n Patagonia Verde (FEGAFAPV) <\/strong>provenientes de distintos sectores de la regi\u00f3n de Ays\u00e9n, a objeto de reactivar la federaci\u00f3n constituyendo la nueva directiva que ser\u00e1 prontamente oficializada ante el Ministerio de Econom\u00eda, Fomento y Turismo.<\/p>\n<p style=\"text-align: justify;\">La Federaci\u00f3n Regional est\u00e1 conformada por unidades bases, como Asociaciones Gremiales, Cooperativas y Comit\u00e9s Campesinos. Su fundaci\u00f3n data desde el a\u00f1o 2014, logra por tanto representaci\u00f3n de las cuatro provincias de la regi\u00f3n de Ays\u00e9n, agrupando a 10 organizaciones campesinas y convoca a 350 asociados\/as, con una alta participaci\u00f3n de mujeres rurales.<\/p>\n<p style=\"text-align: justify;\">El directorio fue actualizado, reemplazando dos cargos, el que qued\u00f3 conformado por los se\u00f1ores\/as: Di\u00f3genes Cay\u00fan como presidente; Jos\u00e9 Torres como vicepresidente; Erika Gonz\u00e1lez, secretaria; An\u00edbal Retamal, tesorero; Alejandra Carrillo, directora; y Marcelo Sanhueza, Ingeniero Forestal, acad\u00e9mico y jefe de carrera de Ingenier\u00eda Forestal de la Universidad de Ays\u00e9n. \u00a0De esta forma la Federaci\u00f3n Campesina resuelve situaci\u00f3n pendiente para su normal funcionamiento.<\/p>\n<p style=\"text-align: justify;\">Di\u00f3genes Cay\u00fan se refiere a que los objetivos de la Federaci\u00f3n Campesina, se relacionan con representaci\u00f3n de los intereses comunes de los\/las campesinos\/as, la difusi\u00f3n de las actividades com\u00fan en la materia silvoagropecuaria de peque\u00f1a escala, como tambi\u00e9n robustecer la instituci\u00f3n en todos los \u00e1mbitos. Agradece el apoyo de la Universidad de Ays\u00e9n, poniendo en valor la visi\u00f3n que tienen los campesinos hacia los\/las ingenieros\/as forestales, profesionales que tienen las capacidades para aportar en su desarrollo gremial, en el \u00e1mbito t\u00e9cnico y en materia silvoagropecuaria. El principal acuerdo tomado, fue la b\u00fasqueda de financiamiento y revisi\u00f3n de instrumentos del estado, para poder implementar su gesti\u00f3n a nivel regional y nacional.<\/p>\n<p style=\"text-align: justify;\">Para Marcelo Sanhueza Ulloa, es muy relevante el posicionamiento de la Universidad de Ays\u00e9n como asesores de la Federaci\u00f3n, dado a su amplia representaci\u00f3n con m\u00e1s 350 unidades productivas, abriendo la senda y vinculando al cuerpo acad\u00e9mico, en actividades de docencia, vinculaci\u00f3n con el medio e investigaci\u00f3n para los\/as campesinos silvoagropecuarios de Ays\u00e9n, lo que puede desarrollar una sinergia en ambas instancias, adem\u00e1s de potenciar aspectos de admisi\u00f3n para futuros procesos.<\/p>\n<p style=\"text-align: justify;\">Dentro de las pr\u00f3ximas actividades que se planean desarrollar est\u00e1 la participaci\u00f3n de sus bases y socios en actividades como consejos asesores regionales, agrupaciones ind\u00edgenas, instancias nacionales y latinoamericanas, as\u00ed como la presencia en seminarios y congresos presentando la necesidad de las bases ante \u00a0instancias de investigaci\u00f3n y fomento, as\u00ed como el constante trabajo con autoridades nacionales y regionales, y comisiones tem\u00e1ticas en las diversas c\u00e1maras para plantear sus requerimientos en diferentes proyectos de ley en el \u00e1mbito silvoagropecuario. Se espera avanzar en la reducci\u00f3n de las brechas, para lograr\u00a0 reales\u00a0 cambios de\u00a0 desarrollo\u00a0 en\u00a0 la\u00a0 vida y\u00a0 bienestar\u00a0 de\u00a0 los\u00a0 campesinos\u00a0 en zonas remotas como es nuestra regi\u00f3n de Ays\u00e9n.<\/p>\n<p style=\"text-align: justify;\"><u>Componen la federaci\u00f3n<\/u><\/p>\n<ul style=\"text-align: justify;\">\n<li>Asociaci\u00f3n Gremial de Agricultores y Ganaderos de la bajada de Puerto Ib\u00e1\u00f1ez;<\/li>\n<li>Asociaci\u00f3n Agr\u00edcola y Ganadera Los R\u00edos de Bah\u00eda Murta;<\/li>\n<li>Asociaci\u00f3n Gremial Agr\u00edcola, Ganadera y Forestal de R\u00edo Ib\u00e1\u00f1ez<\/li>\n<li>Asociaci\u00f3n Gremial Agr\u00edcola y Ganadera El Portezuelo de R\u00edo Tranquilo<\/li>\n<li>Asociaci\u00f3n Gremial de Campesinos El Desaf\u00edo de Villa O\u2019Higgins<\/li>\n<li>Comit\u00e9 Campesino Las Confluencias de Villa Ma\u00f1ihuales<\/li>\n<li>Comit\u00e9 Campesino Lago Lapparent del sector de Villa Castillo<\/li>\n<li>Asociaci\u00f3n Gremial de Mujeres Campesinas de la regi\u00f3n de Ays\u00e9n<\/li>\n<li>Comit\u00e9 Campesino de Panguilemu en Coyhaique<\/li>\n<li>Cooperativa Campesina Ays\u00e9n Patagonia Verde Limitada<\/li>\n<\/ul>\n<\/div><\/section><\/div><div  style='height:50px' class='hr hr-invisible   avia-builder-el-6  el_after_av_one_full  el_before_av_social_share '><span class='hr-inner ' ><span class='hr-inner-style'><\/span><\/span><\/div><\/p>\n<div  class='av-social-sharing-box  avia-builder-el-7  el_after_av_hr  el_before_av_hr  '><div class='av-share-box'><h5 class='av-share-link-description av-no-toc '>Compartir esta noticia<\/h5><ul class='av-share-box-list noLightbox'><li class='av-share-link av-social-link-facebook' ><a target=\"_blank\" aria-label=\"Compartir en Facebook\" href='https:\/\/www.facebook.com\/sharer.php?u=https:\/\/radiorevelacionfm.cl\/?p=39055&#038;t=Federaci%C3%B3n%20Gremial%20Agropecuaria%20Forestal%20Ays%C3%A9n%20Patagonia%20Verde%20se%20reactiva%20con%20nueva%20directiva' aria-hidden='false' data-av_icon='\ue8f3' data-av_iconfont='entypo-fontello' title='' data-avia-related-tooltip='Compartir en Facebook' rel=\"noopener\"><span class='avia_hidden_link_text'>Compartir en Facebook<\/span><\/a><\/li><li class='av-share-link av-social-link-twitter' ><a target=\"_blank\" aria-label=\"Compartir en Twitter\" href='https:\/\/twitter.com\/share?text=Federaci%C3%B3n%20Gremial%20Agropecuaria%20Forestal%20Ays%C3%A9n%20Patagonia%20Verde%20se%20reactiva%20con%20nueva%20directiva&#038;url=https:\/\/radiorevelacionfm.cl\/?p=39055' aria-hidden='false' data-av_icon='\ue8f1' data-av_iconfont='entypo-fontello' title='' data-avia-related-tooltip='Compartir en Twitter' rel=\"noopener\"><span class='avia_hidden_link_text'>Compartir en Twitter<\/span><\/a><\/li><li class='av-share-link av-social-link-whatsapp' ><a target=\"_blank\" aria-label=\"Compartir en Whatsapp\" href='https:\/\/api.whatsapp.com\/send?text=https:\/\/radiorevelacionfm.cl\/?p=39055' aria-hidden='false' data-av_icon='\uf232' data-av_iconfont='entypo-fontello' title='' data-avia-related-tooltip='Compartir en Whatsapp' rel=\"noopener\"><span class='avia_hidden_link_text'>Compartir en Whatsapp<\/span><\/a><\/li><li class='av-share-link av-social-link-linkedin' ><a target=\"_blank\" aria-label=\"Compartir en LinkedIn\" href='https:\/\/linkedin.com\/shareArticle?mini=true&#038;title=Federaci%C3%B3n%20Gremial%20Agropecuaria%20Forestal%20Ays%C3%A9n%20Patagonia%20Verde%20se%20reactiva%20con%20nueva%20directiva&#038;url=https:\/\/radiorevelacionfm.cl\/?p=39055' aria-hidden='false' data-av_icon='\ue8fc' data-av_iconfont='entypo-fontello' title='' data-avia-related-tooltip='Compartir en LinkedIn' rel=\"noopener\"><span class='avia_hidden_link_text'>Compartir en LinkedIn<\/span><\/a><\/li><li class='av-share-link av-social-link-mail' ><a  aria-label=\"Compartir por correo\" href='mailto:?subject=Federaci%C3%B3n%20Gremial%20Agropecuaria%20Forestal%20Ays%C3%A9n%20Patagonia%20Verde%20se%20reactiva%20con%20nueva%20directiva&#038;body=https:\/\/radiorevelacionfm.cl\/?p=39055' aria-hidden='false' data-av_icon='\ue805' data-av_iconfont='entypo-fontello' title='' data-avia-related-tooltip='Compartir por correo'><span class='avia_hidden_link_text'>Compartir por correo<\/span><\/a><\/li><\/ul><\/div><\/div>\n<div  style='height:50px' class='hr hr-invisible   avia-builder-el-8  el_after_av_social_share  el_before_av_comments_list '><span class='hr-inner ' ><span class='hr-inner-style'><\/span><\/span><\/div>\n<div  class='av-buildercomment  av-blog-meta-html-info-disabled av-blog-meta-tag-disabled  '><\/div>\n","protected":false},"excerpt":{"rendered":"","protected":false},"author":1,"featured_media":39056,"comment_status":"open","ping_status":"open","sticky":false,"template":"","format":"standard","meta":{"footnotes":""},"categories":[38],"tags":[],"class_list":["post-39055","post","type-post","status-publish","format-standard","has-post-thumbnail","hentry","category-regional"],"jetpack_featured_media_url":"https:\/\/radiorevelacionfm.cl\/wp-content\/uploads\/2024\/01\/IMG_20240119_145708-1-1.jpg","_links":{"self":[{"href":"https:\/\/radiorevelacionfm.cl\/index.php?rest_route=\/wp\/v2\/posts\/39055","targetHints":{"allow":["GET"]}}],"collection":[{"href":"https:\/\/radiorevelacionfm.cl\/index.php?rest_route=\/wp\/v2\/posts"}],"about":[{"href":"https:\/\/radiorevelacionfm.cl\/index.php?rest_route=\/wp\/v2\/types\/post"}],"author":[{"embeddable":true,"href":"https:\/\/radiorevelacionfm.cl\/index.php?rest_route=\/wp\/v2\/users\/1"}],"replies":[{"embeddable":true,"href":"https:\/\/radiorevelacionfm.cl\/index.php?rest_route=%2Fwp%2Fv2%2Fcomments&post=39055"}],"version-history":[{"count":2,"href":"https:\/\/radiorevelacionfm.cl\/index.php?rest_route=\/wp\/v2\/posts\/39055\/revisions"}],"predecessor-version":[{"id":39064,"href":"https:\/\/radiorevelacionfm.cl\/index.php?rest_route=\/wp\/v2\/posts\/39055\/revisions\/39064"}],"wp:featuredmedia":[{"embeddable":true,"href":"https:\/\/radiorevelacionfm.cl\/index.php?rest_route=\/wp\/v2\/media\/39056"}],"wp:attachment":[{"href":"https:\/\/radiorevelacionfm.cl\/index.php?rest_route=%2Fwp%2Fv2%2Fmedia&parent=39055"}],"wp:term":[{"taxonomy":"category","embeddable":true,"href":"https:\/\/radiorevelacionfm.cl\/index.php?rest_route=%2Fwp%2Fv2%2Fcategories&post=39055"},{"taxonomy":"post_tag","embeddable":true,"href":"https:\/\/radiorevelacionfm.cl\/index.php?rest_route=%2Fwp%2Fv2%2Ftags&post=39055"}],"curies":[{"name":"wp","href":"https:\/\/api.w.org\/{rel}","templated":true}]}}