{"id":39049,"date":"2024-01-22T12:34:19","date_gmt":"2024-01-22T15:34:19","guid":{"rendered":"https:\/\/radiorevelacionfm.cl\/?p=39049"},"modified":"2024-01-22T12:34:19","modified_gmt":"2024-01-22T15:34:19","slug":"abren-inscripciones-para-que-organizaciones-postulen-al-fondo-8-del-gobierno-regional-aysen","status":"publish","type":"post","link":"https:\/\/radiorevelacionfm.cl\/?p=39049","title":{"rendered":"Abren inscripciones para que organizaciones postulen al fondo 8% del Gobierno Regional Ays\u00e9n"},"content":{"rendered":"<div class=\"flex_column av_one_full  flex_column_div av-zero-column-padding first  avia-builder-el-0  el_before_av_one_full  avia-builder-el-first  \" style='border-radius:0px; '><div  class='avia-image-container  av-styling-    avia-builder-el-1  avia-builder-el-no-sibling  avia-align-center '  itemprop=\"image\" itemscope=\"itemscope\" itemtype=\"https:\/\/schema.org\/ImageObject\"  ><div class='avia-image-container-inner'><div class='avia-image-overlay-wrap'><img decoding=\"async\" class='wp-image-39050 avia-img-lazy-loading-not-39050 avia_image' src=\"https:\/\/radiorevelacionfm.cl\/wp-content\/uploads\/2024\/01\/8-28_optimized.jpg\" alt='' title='8-(28)_optimized' height=\"600\" width=\"800\"  itemprop=\"thumbnailUrl\" srcset=\"https:\/\/radiorevelacionfm.cl\/wp-content\/uploads\/2024\/01\/8-28_optimized.jpg 800w, https:\/\/radiorevelacionfm.cl\/wp-content\/uploads\/2024\/01\/8-28_optimized-300x225.jpg 300w, https:\/\/radiorevelacionfm.cl\/wp-content\/uploads\/2024\/01\/8-28_optimized-768x576.jpg 768w, https:\/\/radiorevelacionfm.cl\/wp-content\/uploads\/2024\/01\/8-28_optimized-705x529.jpg 705w, https:\/\/radiorevelacionfm.cl\/wp-content\/uploads\/2024\/01\/8-28_optimized-450x338.jpg 450w, https:\/\/radiorevelacionfm.cl\/wp-content\/uploads\/2024\/01\/8-28_optimized-600x450.jpg 600w\" sizes=\"(max-width: 800px) 100vw, 800px\" \/><\/div><\/div><\/div><\/div><div class=\"flex_column av_one_full  flex_column_div av-zero-column-padding first  avia-builder-el-2  el_after_av_one_full  el_before_av_one_full  column-top-margin\" style='border-radius:0px; '><section class=\"av_textblock_section \"  itemscope=\"itemscope\" itemtype=\"https:\/\/schema.org\/BlogPosting\" itemprop=\"blogPost\" ><div class='avia_textblock  '   itemprop=\"text\" ><p style=\"text-align: center;\"><strong><span style=\"font-size: 18pt;\">Abren inscripciones para que organizaciones postulen al fondo 8% del Gobierno Regional Ays\u00e9n <\/span><\/strong><\/p>\n<div id=\"gtx-trans\" style=\"position: absolute; left: -50px; top: 4.31534px;\">\n<div class=\"gtx-trans-icon\"><\/div>\n<\/div>\n<\/div><\/section><\/div><div class=\"flex_column av_one_full  flex_column_div av-zero-column-padding first  avia-builder-el-4  el_after_av_one_full  el_before_av_hr  column-top-margin\" style='border-radius:0px; '><section class=\"av_textblock_section \"  itemscope=\"itemscope\" itemtype=\"https:\/\/schema.org\/BlogPosting\" itemprop=\"blogPost\" ><div class='avia_textblock  '   itemprop=\"text\" ><p style=\"text-align: justify;\">Este lunes, y hasta el jueves 29 de febrero, est\u00e1 disponible el proceso de inscripci\u00f3n para que organizaciones postulen al 8% Fondo Nacional de Desarrollo Regional (FNDR), donde se permite financiar todo tipo de iniciativas de sociales, estudios y programas de los sectores de inversi\u00f3n p\u00fablica establecidos en la legislaci\u00f3n vigente, que permitan solucionar necesidades de car\u00e1cter general.<\/p>\n<p style=\"text-align: justify;\">\u201cPara nosotros como Gobierno Regional de Ays\u00e9n, la apertura del concurso 8% FNDR es un hito tremendamente relevante. Toda vez que son los \u00fanicos fondos que podemos destinar para trabajar con las organizaciones sociales, que son las fuerzas vivas finalmente de nuestra comunidad\u201d, dijo la Gobernadora Regional, Andrea Mac\u00edas Palma.<\/p>\n<p style=\"text-align: justify;\">Durante el 2023 el Gobierno Regional de Ays\u00e9n, con el apoyo del Consejo Regional, financi\u00f3 a 379 organizaciones de todo el territorio, lo que se traduce en 400 iniciativas.<\/p>\n<p style=\"text-align: justify;\">El instructivo vigente para este 2024 agrega nuevas actividades que pueden ser financiadas como, por ejemplo, actividades de alto impacto regional, que en forma conjunta y coordinada con otras entidades &#8211; tanto privadas como p\u00fablicas-\u00a0 apoyen y proyecten el desarrollo art\u00edstico &#8211; cultural de la Regi\u00f3n de Ays\u00e9n.<\/p>\n<p style=\"text-align: justify;\">Adem\u00e1s, el documento establece que las organizaciones sociales que postulen a este fondo deben estar inscritas en el \u201cRegistro de las Personas Jur\u00eddicas Receptoras de Fondos P\u00fablicos\u201d. <strong>(https:\/\/www.goreaysen.cl\/controls\/neochannels\/neo_ch314\/neochn314.asp)<\/strong><\/p>\n<p style=\"text-align: justify;\">Otras de las modificaciones del instructivo es que se modifica el concepto de equidad de g\u00e9nero por enfoque de g\u00e9nero. Tambi\u00e9n se indica que las postulaciones en formato papel s\u00f3lo se admitir\u00e1n para localidades aisladas.<\/p>\n<p style=\"text-align: justify;\">\u201cLa Divisi\u00f3n de Desarrollo Social y Humano se encuentra realizando capacitaciones de manera permanente y tambi\u00e9n a solicitud de organizaciones para poder facilitar que sean las propias organizaciones las que administran sus recursos y de esa forma, evitar tambi\u00e9n que aparezcan terceros, que en ocasiones pueden ser inescrupulosos. Evitando as\u00ed un mal uso de los recursos y que efectivamente estos logren sus objetivos, que es llegar a la organizaci\u00f3n social\u201d, manifest\u00f3 Mac\u00edas.<\/p>\n<p style=\"text-align: justify;\">Un equipo del Gobierno Regional realizar\u00e1 este lunes 22 de enero la primera capacitaci\u00f3n a organizaciones en Cerro Castillo y Puerto Ib\u00e1\u00f1ez. Las jornadas seguir\u00e1n durante toda la semana en distintas comunas de la Regi\u00f3n de Ays\u00e9n.<\/p>\n<p style=\"text-align: justify;\">En las comunas de Ays\u00e9n (30 de enero) y Coyhaique (31 de enero) las capacitaciones se realizar\u00e1n de forma masiva. Los lugares y horarios los podr\u00e1n revisar en las redes sociales del Gobierno Regional y tambi\u00e9n del Consejo.<\/p>\n<\/div><\/section><\/div><div  style='height:50px' class='hr hr-invisible   avia-builder-el-6  el_after_av_one_full  el_before_av_social_share '><span class='hr-inner ' ><span class='hr-inner-style'><\/span><\/span><\/div><\/p>\n<div  class='av-social-sharing-box  avia-builder-el-7  el_after_av_hr  el_before_av_hr  '><div class='av-share-box'><h5 class='av-share-link-description av-no-toc '>Compartir esta noticia<\/h5><ul class='av-share-box-list noLightbox'><li class='av-share-link av-social-link-facebook' ><a target=\"_blank\" aria-label=\"Compartir en Facebook\" href='https:\/\/www.facebook.com\/sharer.php?u=https:\/\/radiorevelacionfm.cl\/?p=39049&#038;t=Abren%20inscripciones%20para%20que%20organizaciones%20postulen%20al%20fondo%208%25%20del%20Gobierno%20Regional%20Ays%C3%A9n' aria-hidden='false' data-av_icon='\ue8f3' data-av_iconfont='entypo-fontello' title='' data-avia-related-tooltip='Compartir en Facebook' rel=\"noopener\"><span class='avia_hidden_link_text'>Compartir en Facebook<\/span><\/a><\/li><li class='av-share-link av-social-link-twitter' ><a target=\"_blank\" aria-label=\"Compartir en Twitter\" href='https:\/\/twitter.com\/share?text=Abren%20inscripciones%20para%20que%20organizaciones%20postulen%20al%20fondo%208%25%20del%20Gobierno%20Regional%20Ays%C3%A9n&#038;url=https:\/\/radiorevelacionfm.cl\/?p=39049' aria-hidden='false' data-av_icon='\ue8f1' data-av_iconfont='entypo-fontello' title='' data-avia-related-tooltip='Compartir en Twitter' rel=\"noopener\"><span class='avia_hidden_link_text'>Compartir en Twitter<\/span><\/a><\/li><li class='av-share-link av-social-link-whatsapp' ><a target=\"_blank\" aria-label=\"Compartir en Whatsapp\" href='https:\/\/api.whatsapp.com\/send?text=https:\/\/radiorevelacionfm.cl\/?p=39049' aria-hidden='false' data-av_icon='\uf232' data-av_iconfont='entypo-fontello' title='' data-avia-related-tooltip='Compartir en Whatsapp' rel=\"noopener\"><span class='avia_hidden_link_text'>Compartir en Whatsapp<\/span><\/a><\/li><li class='av-share-link av-social-link-linkedin' ><a target=\"_blank\" aria-label=\"Compartir en LinkedIn\" href='https:\/\/linkedin.com\/shareArticle?mini=true&#038;title=Abren%20inscripciones%20para%20que%20organizaciones%20postulen%20al%20fondo%208%25%20del%20Gobierno%20Regional%20Ays%C3%A9n&#038;url=https:\/\/radiorevelacionfm.cl\/?p=39049' aria-hidden='false' data-av_icon='\ue8fc' data-av_iconfont='entypo-fontello' title='' data-avia-related-tooltip='Compartir en LinkedIn' rel=\"noopener\"><span class='avia_hidden_link_text'>Compartir en LinkedIn<\/span><\/a><\/li><li class='av-share-link av-social-link-mail' ><a  aria-label=\"Compartir por correo\" href='mailto:?subject=Abren%20inscripciones%20para%20que%20organizaciones%20postulen%20al%20fondo%208%25%20del%20Gobierno%20Regional%20Ays%C3%A9n&#038;body=https:\/\/radiorevelacionfm.cl\/?p=39049' aria-hidden='false' data-av_icon='\ue805' data-av_iconfont='entypo-fontello' title='' data-avia-related-tooltip='Compartir por correo'><span class='avia_hidden_link_text'>Compartir por correo<\/span><\/a><\/li><\/ul><\/div><\/div>\n<div  style='height:50px' class='hr hr-invisible   avia-builder-el-8  el_after_av_social_share  el_before_av_comments_list '><span class='hr-inner ' ><span class='hr-inner-style'><\/span><\/span><\/div>\n<div  class='av-buildercomment  av-blog-meta-html-info-disabled av-blog-meta-tag-disabled  '><\/div>\n","protected":false},"excerpt":{"rendered":"","protected":false},"author":1,"featured_media":39050,"comment_status":"open","ping_status":"open","sticky":false,"template":"","format":"standard","meta":{"footnotes":""},"categories":[38],"tags":[],"class_list":["post-39049","post","type-post","status-publish","format-standard","has-post-thumbnail","hentry","category-regional"],"jetpack_featured_media_url":"https:\/\/radiorevelacionfm.cl\/wp-content\/uploads\/2024\/01\/8-28_optimized.jpg","_links":{"self":[{"href":"https:\/\/radiorevelacionfm.cl\/index.php?rest_route=\/wp\/v2\/posts\/39049","targetHints":{"allow":["GET"]}}],"collection":[{"href":"https:\/\/radiorevelacionfm.cl\/index.php?rest_route=\/wp\/v2\/posts"}],"about":[{"href":"https:\/\/radiorevelacionfm.cl\/index.php?rest_route=\/wp\/v2\/types\/post"}],"author":[{"embeddable":true,"href":"https:\/\/radiorevelacionfm.cl\/index.php?rest_route=\/wp\/v2\/users\/1"}],"replies":[{"embeddable":true,"href":"https:\/\/radiorevelacionfm.cl\/index.php?rest_route=%2Fwp%2Fv2%2Fcomments&post=39049"}],"version-history":[{"count":1,"href":"https:\/\/radiorevelacionfm.cl\/index.php?rest_route=\/wp\/v2\/posts\/39049\/revisions"}],"predecessor-version":[{"id":39051,"href":"https:\/\/radiorevelacionfm.cl\/index.php?rest_route=\/wp\/v2\/posts\/39049\/revisions\/39051"}],"wp:featuredmedia":[{"embeddable":true,"href":"https:\/\/radiorevelacionfm.cl\/index.php?rest_route=\/wp\/v2\/media\/39050"}],"wp:attachment":[{"href":"https:\/\/radiorevelacionfm.cl\/index.php?rest_route=%2Fwp%2Fv2%2Fmedia&parent=39049"}],"wp:term":[{"taxonomy":"category","embeddable":true,"href":"https:\/\/radiorevelacionfm.cl\/index.php?rest_route=%2Fwp%2Fv2%2Fcategories&post=39049"},{"taxonomy":"post_tag","embeddable":true,"href":"https:\/\/radiorevelacionfm.cl\/index.php?rest_route=%2Fwp%2Fv2%2Ftags&post=39049"}],"curies":[{"name":"wp","href":"https:\/\/api.w.org\/{rel}","templated":true}]}}