{"id":39046,"date":"2024-01-22T11:01:37","date_gmt":"2024-01-22T14:01:37","guid":{"rendered":"https:\/\/radiorevelacionfm.cl\/?p=39046"},"modified":"2024-01-22T11:01:37","modified_gmt":"2024-01-22T14:01:37","slug":"artistas-coyhaiquinos-juan-mouras-y-jaime-uribe-estaran-presentes-en-semanas-musicales-de-frutillar-2024","status":"publish","type":"post","link":"https:\/\/radiorevelacionfm.cl\/?p=39046","title":{"rendered":"Artistas coyhaiquinos Juan Mouras y Jaime Uribe estar\u00e1n presentes en Semanas Musicales de Frutillar 2024"},"content":{"rendered":"<div class=\"flex_column av_one_full  flex_column_div av-zero-column-padding first  avia-builder-el-0  el_before_av_one_full  avia-builder-el-first  \" style='border-radius:0px; '><div  class='avia-image-container  av-styling-    avia-builder-el-1  avia-builder-el-no-sibling  avia-align-center '  itemprop=\"image\" itemscope=\"itemscope\" itemtype=\"https:\/\/schema.org\/ImageObject\"  ><div class='avia-image-container-inner'><div class='avia-image-overlay-wrap'><img decoding=\"async\" class='wp-image-39047 avia-img-lazy-loading-not-39047 avia_image' src=\"https:\/\/radiorevelacionfm.cl\/wp-content\/uploads\/2024\/01\/1_optimized.-juan-mouras-jaime-uribe-fusiOn-latinoamericana-1-1.jpg\" alt='' title='1_optimized.-juan-mouras-jaime-uribe-fusi\u00d3n-latinoamericana-(1) (1)' height=\"600\" width=\"1018\"  itemprop=\"thumbnailUrl\" srcset=\"https:\/\/radiorevelacionfm.cl\/wp-content\/uploads\/2024\/01\/1_optimized.-juan-mouras-jaime-uribe-fusiOn-latinoamericana-1-1.jpg 1018w, https:\/\/radiorevelacionfm.cl\/wp-content\/uploads\/2024\/01\/1_optimized.-juan-mouras-jaime-uribe-fusiOn-latinoamericana-1-1-300x177.jpg 300w, https:\/\/radiorevelacionfm.cl\/wp-content\/uploads\/2024\/01\/1_optimized.-juan-mouras-jaime-uribe-fusiOn-latinoamericana-1-1-768x453.jpg 768w, https:\/\/radiorevelacionfm.cl\/wp-content\/uploads\/2024\/01\/1_optimized.-juan-mouras-jaime-uribe-fusiOn-latinoamericana-1-1-705x416.jpg 705w, https:\/\/radiorevelacionfm.cl\/wp-content\/uploads\/2024\/01\/1_optimized.-juan-mouras-jaime-uribe-fusiOn-latinoamericana-1-1-450x265.jpg 450w, https:\/\/radiorevelacionfm.cl\/wp-content\/uploads\/2024\/01\/1_optimized.-juan-mouras-jaime-uribe-fusiOn-latinoamericana-1-1-600x354.jpg 600w\" sizes=\"(max-width: 1018px) 100vw, 1018px\" \/><\/div><\/div><\/div><\/div><div class=\"flex_column av_one_full  flex_column_div av-zero-column-padding first  avia-builder-el-2  el_after_av_one_full  el_before_av_one_full  column-top-margin\" style='border-radius:0px; '><section class=\"av_textblock_section \"  itemscope=\"itemscope\" itemtype=\"https:\/\/schema.org\/BlogPosting\" itemprop=\"blogPost\" ><div class='avia_textblock  '   itemprop=\"text\" ><p style=\"text-align: center;\"><strong><span style=\"font-size: 18pt;\">Artistas coyhaiquinos Juan Mouras y Jaime Uribe estar\u00e1n presentes en Semanas Musicales de Frutillar 2024<\/span><\/strong><\/p>\n<div id=\"gtx-trans\" style=\"position: absolute; left: -50px; top: 4.31534px;\">\n<div class=\"gtx-trans-icon\"><\/div>\n<\/div>\n<\/div><\/section><\/div><div class=\"flex_column av_one_full  flex_column_div av-zero-column-padding first  avia-builder-el-4  el_after_av_one_full  el_before_av_hr  column-top-margin\" style='border-radius:0px; '><section class=\"av_textblock_section \"  itemscope=\"itemscope\" itemtype=\"https:\/\/schema.org\/BlogPosting\" itemprop=\"blogPost\" ><div class='avia_textblock  '   itemprop=\"text\" ><p style=\"text-align: justify;\">En el marco de Semanas Musicales de Frutillar 2024, el d\u00fao de guitarras de Juan Mouras y Jaime Uribe, de Coyhaique, presentar\u00e1n un hermoso y novedoso programa que refleja el trabajo y b\u00fasqueda sonora de m\u00e1s de 15 a\u00f1os, con arreglos que unen la tradici\u00f3n de la guitarra cl\u00e1sica con nuestras ra\u00edces chilenas y latinoamericanas en fusi\u00f3n con elementos del jazz y bossa nova.<\/p>\n<p style=\"text-align: justify;\">Seg\u00fan explica Juan Mouras, la trayectoria del d\u00fao se remonta desde hace 15 a\u00f1os, y explica que \u201ccon Jaime fuimos d\u00e1ndonos cuenta que el repertorio cl\u00e1sico que yo tocaba y la visi\u00f3n cl\u00e1sica de las obras de ra\u00edz folcl\u00f3rica latinoamericana pod\u00edan tener una contraparte que la aproximara m\u00e1s a la ra\u00edz, as\u00ed es que comenzamos a tocar arreglos para valses peruanos, otros m\u00e1s cercanos al joropo, que es el vals venezolano e incorporamos valses chilotes. Ah\u00ed nos dimos cuenta que el folclore Latinoamericano es tan rico y variado que requiere una especializaci\u00f3n muy grande, por lo que desde entonces hemos estado buscando nuestras ra\u00edces\u201d.<\/p>\n<p style=\"text-align: justify;\"><strong>Programa <\/strong><\/p>\n<p style=\"text-align: justify;\">El D\u00fao Juan Mouras comienza su concierto en Frutillar con la ejecuci\u00f3n de piezas propias, que nacieron de esta necesidad de adentrarse en el alma latinoamericana, con un chamam\u00e9 argentino, compuesto por Mouras para 2 guitarras, luego una milonga y una tonada chilena. \u201cLe tengo mucho cari\u00f1o a estas composiciones porque yo no vengo del mundo folcl\u00f3rico, sino del \u00e1mbito cl\u00e1sico y aqu\u00ed me encuentro con este destacado int\u00e9rprete Jaime Uribe, con quien tendemos un puente entre estos dos mundos\u201d.<\/p>\n<p style=\"text-align: justify;\">Luego transportar\u00e1n a los asistentes a Brasil, con el atrayente y siempre novedoso tico tico. Siguen composiciones de Antonio Lauro, afamado guitarrista y compositor venezolano, cuyos valses son parte de la literatura mundial de la guitarra. \u201cTenemos arreglos de sus valses incorporando la idea de que est\u00e1n muy cercanos al ritmo del joropo y tambi\u00e9n al instrumento t\u00edpico venezolano, el cuatro.\u201d Y para finalizar se contemplan otras obras que son arreglos de tango y valses peruanos, que hacen un contrapunto en el programa muy variado y atractivo.<\/p>\n<p style=\"text-align: justify;\">El concierto del D\u00fao Juan Mouras, agendado para el martes 30 de enero a las 12.00 hrs., invita de esta forma a conocer y disfrutar al p\u00fablico asistente con esta sonoridad a dos guitarras que representa un puente y un encuentro entre la m\u00fasica cl\u00e1sica y folcl\u00f3rica latinoamericana.<\/p>\n<p style=\"text-align: justify;\">Para conocer m\u00e1s detalles de la programaci\u00f3n y venta de entradas los invitamos a ingresar a la p\u00e1gina web de la corporaci\u00f3n: www.semanasmusicales.cl, o bien contactar a boleteria@semanasmusicales.cl<\/p>\n<\/div><\/section><\/div><div  style='height:50px' class='hr hr-invisible   avia-builder-el-6  el_after_av_one_full  el_before_av_social_share '><span class='hr-inner ' ><span class='hr-inner-style'><\/span><\/span><\/div><\/p>\n<div  class='av-social-sharing-box  avia-builder-el-7  el_after_av_hr  el_before_av_hr  '><div class='av-share-box'><h5 class='av-share-link-description av-no-toc '>Compartir esta noticia<\/h5><ul class='av-share-box-list noLightbox'><li class='av-share-link av-social-link-facebook' ><a target=\"_blank\" aria-label=\"Compartir en Facebook\" href='https:\/\/www.facebook.com\/sharer.php?u=https:\/\/radiorevelacionfm.cl\/?p=39046&#038;t=Artistas%20coyhaiquinos%20Juan%20Mouras%20y%20Jaime%20Uribe%20estar%C3%A1n%20presentes%20en%20Semanas%20Musicales%20de%20Frutillar%202024' aria-hidden='false' data-av_icon='\ue8f3' data-av_iconfont='entypo-fontello' title='' data-avia-related-tooltip='Compartir en Facebook' rel=\"noopener\"><span class='avia_hidden_link_text'>Compartir en Facebook<\/span><\/a><\/li><li class='av-share-link av-social-link-twitter' ><a target=\"_blank\" aria-label=\"Compartir en Twitter\" href='https:\/\/twitter.com\/share?text=Artistas%20coyhaiquinos%20Juan%20Mouras%20y%20Jaime%20Uribe%20estar%C3%A1n%20presentes%20en%20Semanas%20Musicales%20de%20Frutillar%202024&#038;url=https:\/\/radiorevelacionfm.cl\/?p=39046' aria-hidden='false' data-av_icon='\ue8f1' data-av_iconfont='entypo-fontello' title='' data-avia-related-tooltip='Compartir en Twitter' rel=\"noopener\"><span class='avia_hidden_link_text'>Compartir en Twitter<\/span><\/a><\/li><li class='av-share-link av-social-link-whatsapp' ><a target=\"_blank\" aria-label=\"Compartir en Whatsapp\" href='https:\/\/api.whatsapp.com\/send?text=https:\/\/radiorevelacionfm.cl\/?p=39046' aria-hidden='false' data-av_icon='\uf232' data-av_iconfont='entypo-fontello' title='' data-avia-related-tooltip='Compartir en Whatsapp' rel=\"noopener\"><span class='avia_hidden_link_text'>Compartir en Whatsapp<\/span><\/a><\/li><li class='av-share-link av-social-link-linkedin' ><a target=\"_blank\" aria-label=\"Compartir en LinkedIn\" href='https:\/\/linkedin.com\/shareArticle?mini=true&#038;title=Artistas%20coyhaiquinos%20Juan%20Mouras%20y%20Jaime%20Uribe%20estar%C3%A1n%20presentes%20en%20Semanas%20Musicales%20de%20Frutillar%202024&#038;url=https:\/\/radiorevelacionfm.cl\/?p=39046' aria-hidden='false' data-av_icon='\ue8fc' data-av_iconfont='entypo-fontello' title='' data-avia-related-tooltip='Compartir en LinkedIn' rel=\"noopener\"><span class='avia_hidden_link_text'>Compartir en LinkedIn<\/span><\/a><\/li><li class='av-share-link av-social-link-mail' ><a  aria-label=\"Compartir por correo\" href='mailto:?subject=Artistas%20coyhaiquinos%20Juan%20Mouras%20y%20Jaime%20Uribe%20estar%C3%A1n%20presentes%20en%20Semanas%20Musicales%20de%20Frutillar%202024&#038;body=https:\/\/radiorevelacionfm.cl\/?p=39046' aria-hidden='false' data-av_icon='\ue805' data-av_iconfont='entypo-fontello' title='' data-avia-related-tooltip='Compartir por correo'><span class='avia_hidden_link_text'>Compartir por correo<\/span><\/a><\/li><\/ul><\/div><\/div>\n<div  style='height:50px' class='hr hr-invisible   avia-builder-el-8  el_after_av_social_share  el_before_av_comments_list '><span class='hr-inner ' ><span class='hr-inner-style'><\/span><\/span><\/div>\n<div  class='av-buildercomment  av-blog-meta-html-info-disabled av-blog-meta-tag-disabled  '><\/div>\n","protected":false},"excerpt":{"rendered":"","protected":false},"author":1,"featured_media":39047,"comment_status":"open","ping_status":"open","sticky":false,"template":"","format":"standard","meta":{"footnotes":""},"categories":[43],"tags":[],"class_list":["post-39046","post","type-post","status-publish","format-standard","has-post-thumbnail","hentry","category-musica"],"jetpack_featured_media_url":"https:\/\/radiorevelacionfm.cl\/wp-content\/uploads\/2024\/01\/1_optimized.-juan-mouras-jaime-uribe-fusiOn-latinoamericana-1-1.jpg","_links":{"self":[{"href":"https:\/\/radiorevelacionfm.cl\/index.php?rest_route=\/wp\/v2\/posts\/39046","targetHints":{"allow":["GET"]}}],"collection":[{"href":"https:\/\/radiorevelacionfm.cl\/index.php?rest_route=\/wp\/v2\/posts"}],"about":[{"href":"https:\/\/radiorevelacionfm.cl\/index.php?rest_route=\/wp\/v2\/types\/post"}],"author":[{"embeddable":true,"href":"https:\/\/radiorevelacionfm.cl\/index.php?rest_route=\/wp\/v2\/users\/1"}],"replies":[{"embeddable":true,"href":"https:\/\/radiorevelacionfm.cl\/index.php?rest_route=%2Fwp%2Fv2%2Fcomments&post=39046"}],"version-history":[{"count":1,"href":"https:\/\/radiorevelacionfm.cl\/index.php?rest_route=\/wp\/v2\/posts\/39046\/revisions"}],"predecessor-version":[{"id":39048,"href":"https:\/\/radiorevelacionfm.cl\/index.php?rest_route=\/wp\/v2\/posts\/39046\/revisions\/39048"}],"wp:featuredmedia":[{"embeddable":true,"href":"https:\/\/radiorevelacionfm.cl\/index.php?rest_route=\/wp\/v2\/media\/39047"}],"wp:attachment":[{"href":"https:\/\/radiorevelacionfm.cl\/index.php?rest_route=%2Fwp%2Fv2%2Fmedia&parent=39046"}],"wp:term":[{"taxonomy":"category","embeddable":true,"href":"https:\/\/radiorevelacionfm.cl\/index.php?rest_route=%2Fwp%2Fv2%2Fcategories&post=39046"},{"taxonomy":"post_tag","embeddable":true,"href":"https:\/\/radiorevelacionfm.cl\/index.php?rest_route=%2Fwp%2Fv2%2Ftags&post=39046"}],"curies":[{"name":"wp","href":"https:\/\/api.w.org\/{rel}","templated":true}]}}