{"id":39042,"date":"2024-01-21T22:03:47","date_gmt":"2024-01-22T01:03:47","guid":{"rendered":"https:\/\/radiorevelacionfm.cl\/?p=39042"},"modified":"2024-01-21T22:03:47","modified_gmt":"2024-01-22T01:03:47","slug":"ya-es-ley-la-norma-que-fortalece-legislacion-contra-el-acoso-sexual-laboral-y-violencia-en-el-trabajo-conocida-como-ley-karin","status":"publish","type":"post","link":"https:\/\/radiorevelacionfm.cl\/?p=39042","title":{"rendered":"Ya es Ley la norma que fortalece legislaci\u00f3n contra el acoso sexual, laboral y violencia en el trabajo conocida como \u00abLey Karin\u00bb"},"content":{"rendered":"<div class=\"flex_column av_one_full  flex_column_div av-zero-column-padding first  avia-builder-el-0  el_before_av_one_full  avia-builder-el-first  \" style='border-radius:0px; '><div  class='avia-image-container  av-styling-    avia-builder-el-1  avia-builder-el-no-sibling  avia-align-center '  itemprop=\"image\" itemscope=\"itemscope\" itemtype=\"https:\/\/schema.org\/ImageObject\"  ><div class='avia-image-container-inner'><div class='avia-image-overlay-wrap'><img decoding=\"async\" class='wp-image-39043 avia-img-lazy-loading-not-39043 avia_image' src=\"https:\/\/radiorevelacionfm.cl\/wp-content\/uploads\/2024\/01\/seremis_mintrabymujeryeqg_1-1_optimized.jpg\" alt='' title='seremis_mintrabymujeryeqg_1-(1)_optimized' height=\"600\" width=\"918\"  itemprop=\"thumbnailUrl\" srcset=\"https:\/\/radiorevelacionfm.cl\/wp-content\/uploads\/2024\/01\/seremis_mintrabymujeryeqg_1-1_optimized.jpg 918w, https:\/\/radiorevelacionfm.cl\/wp-content\/uploads\/2024\/01\/seremis_mintrabymujeryeqg_1-1_optimized-300x196.jpg 300w, https:\/\/radiorevelacionfm.cl\/wp-content\/uploads\/2024\/01\/seremis_mintrabymujeryeqg_1-1_optimized-768x502.jpg 768w, https:\/\/radiorevelacionfm.cl\/wp-content\/uploads\/2024\/01\/seremis_mintrabymujeryeqg_1-1_optimized-705x461.jpg 705w, https:\/\/radiorevelacionfm.cl\/wp-content\/uploads\/2024\/01\/seremis_mintrabymujeryeqg_1-1_optimized-450x294.jpg 450w, https:\/\/radiorevelacionfm.cl\/wp-content\/uploads\/2024\/01\/seremis_mintrabymujeryeqg_1-1_optimized-600x392.jpg 600w\" sizes=\"(max-width: 918px) 100vw, 918px\" \/><\/div><\/div><\/div><\/div><div class=\"flex_column av_one_full  flex_column_div av-zero-column-padding first  avia-builder-el-2  el_after_av_one_full  el_before_av_one_full  column-top-margin\" style='border-radius:0px; '><section class=\"av_textblock_section \"  itemscope=\"itemscope\" itemtype=\"https:\/\/schema.org\/BlogPosting\" itemprop=\"blogPost\" ><div class='avia_textblock  '   itemprop=\"text\" ><div style=\"text-align: center;\"><span style=\"font-size: 18pt;\"><b>Ya es Ley la norma que fortalece legislaci\u00f3n contra el acoso sexual, laboral y violencia en el trabajo conocida como \u00abLey Karin\u00bb<\/b><\/span><\/div>\n<div><\/div>\n<div id=\"gtx-trans\" style=\"position: absolute; left: -50px; top: 4.31534px;\">\n<div class=\"gtx-trans-icon\"><\/div>\n<\/div>\n<\/div><\/section><\/div><div class=\"flex_column av_one_full  flex_column_div av-zero-column-padding first  avia-builder-el-4  el_after_av_one_full  el_before_av_hr  column-top-margin\" style='border-radius:0px; '><section class=\"av_textblock_section \"  itemscope=\"itemscope\" itemtype=\"https:\/\/schema.org\/BlogPosting\" itemprop=\"blogPost\" ><div class='avia_textblock  '   itemprop=\"text\" ><p style=\"text-align: justify;\"><em>Autoridades de Trabajo y Previsi\u00f3n Social y de Mujer y equidad de G\u00e9nero destacaron la importancia de la iniciativa, teniendo en cuenta que la Direcci\u00f3n del Trabajo de Ays\u00e9n recibi\u00f3 entre el 2021 y septiembre 2023 recibi\u00f3 65 denuncias presuntivas de acoso laboral y 10 de acoso sexual.<\/em><\/p>\n<p style=\"text-align: justify;\">El lunes 14 de enero 2024 se public\u00f3 en el Diario Oficial la ley 21.643 la ley que modifica el C\u00f3digo del Trabajo en materia de prevenci\u00f3n, investigaci\u00f3n y sanci\u00f3n del acoso laboral, sexual y violencia en el trabajo, m\u00e1s conocida como Ley Karin.<\/p>\n<p style=\"text-align: justify;\">La Seremi de Mujer y Equidad de G\u00e9nero, Andrea M\u00e9ndez, sostuvo que \u00abEsta ley modifica el C\u00f3digo del Trabajo en materia de prevenci\u00f3n, investigaci\u00f3n y sanci\u00f3n del acoso laboral y sexual. Viene a esclarecer qu\u00e9 es el maltrato en el trabajo, el acoso sexual, el abuso y la discriminaci\u00f3n por distintos motivos. Adem\u00e1s, define c\u00f3mo deben ser los procedimientos para investigar. Desde el Ministerio de la Mujer y Equidad de G\u00e9nero promovemos la prevenci\u00f3n y el abordaje digno de las experiencias de violencia en todos los espacios en que transitan las mujeres, por ello valoramos enormemente esta nueva normativa\u00bb, afirm\u00f3.<\/p>\n<p style=\"text-align: justify;\">Como \u00abun gran avance en materia laboral\u00bb sostuvo el Seremi de Trabajo y Previsi\u00f3n Social, Rodrigo D\u00edaz Cordaro la ley 21.643, \u00abComo Gobierno estamos avanzando en distintas l\u00edneas en el mundo del trabajo y la ratificaci\u00f3n del Convenio del Convenio 190 de la Organizaci\u00f3n Internacional del Trabajo (OIT) para la erradicaci\u00f3n de la violencia y el acoso en los espacios laborales, que nuestro pa\u00eds ratific\u00f3 el 8 de marzo de 2023 y la nueva Ley Karin, que busca apoyar su implementaci\u00f3n, son cruciales para realizar prevenci\u00f3n, una investigaci\u00f3n efectiva y oportuna y sancionar estos hechos\u00bb, mencion\u00f3.<\/p>\n<p style=\"text-align: justify;\">Con respecto a cifras en nuestra Regi\u00f3n de Ays\u00e9n, el Seremi D\u00edaz Cordaro detall\u00f3, \u00abLa Direcci\u00f3n del Trabajo Ays\u00e9n \u2013 a trav\u00e9s de sus Inspecciones del Trabajo-\u00a0entre el 2021 y septiembre 2023 recibi\u00f3 65 denuncias presuntivas de acoso laboral y 10 denuncias presuntivas de acoso\u00a0sexual, todas las cuales fueron en el \u00e1mbito privado. Queremos destacar que la Ley Karin se aplica tanto en el \u00e1mbito laboral privado,\u00a0como en el sector p\u00fablico y municipal, incluyendo medidas de protecci\u00f3n y apoyo sicol\u00f3gico en favor de las y los denunciantes. Esperamos durante el primer semestre realizar un seminario junto a la ANEF, CUT y la Direcci\u00f3n del Trabajo, para conversar los detalles de esta importante ley y difundir sus implicancias, ya que busca reivindicar el vivir y trabajar con tranquilidad y seguridad, creando conciencia y mecanismos de protecci\u00f3n y prevenci\u00f3n\u00bb, finaliz\u00f3 el Seremi de Trabajo y Previsi\u00f3n Social.<\/p>\n<p style=\"text-align: justify;\">El Ejecutivo patrocin\u00f3 el proyecto de ley presentado originalmente por la diputada \u00c9rika Olivera e ingres\u00f3 indicaciones al mismo, ampliando su alcance con diversas medidas para la erradicaci\u00f3n del acoso sexual, laboral y la violencia en el trabajo, tanto en el sector privado como en el p\u00fablico.<\/p>\n<p style=\"text-align: justify;\">La Ley Karin reconoce a la funcionaria p\u00fablica de la salud Karin Salgado. La t\u00e9cnico\u00a0en enfermer\u00eda de nivel superior (TENS), v\u00edctima de acoso en su trabajo, quien se quit\u00f3 la vida en el a\u00f1o 2019.<\/p>\n<p style=\"text-align: justify;\"><b><u>Contenido de la Ley Karin<\/u><\/b><u><\/u><\/p>\n<p style=\"text-align: justify;\">En concordancia con el Convenio 190 de la OIT sobre violencia y acoso en el trabajo, la legislaci\u00f3n establece, como obligaci\u00f3n de las empresas y de los \u00f3rganos del Estado, un protocolo de prevenci\u00f3n del acoso laboral y\/o sexual y la violencia en el trabajo, reforzando un enfoque preventivo que estaba ausente en la regulaci\u00f3n. Adem\u00e1s, instaura mejores procesos de investigaci\u00f3n del acoso sexual y se incorporan a la regulaci\u00f3n las conductas de acoso laboral y la violencia en el trabajo.<\/p>\n<p style=\"text-align: justify;\">Al mismo tiempo, se refuerza el rol de la Direcci\u00f3n del Trabajo (DT) y de la Contralor\u00eda General de la Rep\u00fablica en los correspondientes procedimientos de investigaci\u00f3n, con el objetivo de dar garant\u00edas a los y las denunciantes.<\/p>\n<p style=\"text-align: justify;\">Adem\u00e1s, incluye normas\u00a0relativas al derecho que les asiste a los trabajadores para que el empleador implemente protocolos de prevenci\u00f3n de acoso laboral, sexual y violencia en el trabajo, estableciendo medidas referidas a resguardo de la privacidad y la honra de todos los involucrados en los procedimientos de investigaci\u00f3n.<\/p>\n<p style=\"text-align: justify;\">Tambi\u00e9n establece que las relaciones laborales deber\u00e1n siempre fundarse en un trato libre de violencia, ser compatibles con la dignidad de la persona y con perspectiva de g\u00e9nero, lo que implicar\u00e1 la adopci\u00f3n de medidas tendientes a promover la igualdad y erradicar la discriminaci\u00f3n de g\u00e9nero.<\/p>\n<p style=\"text-align: justify;\">Cabe detallar que la Ley\u00a021.643, conocida como Ley Karin,\u00a0entrar\u00e1 en vigencia en seis meses m\u00e1s.<\/p>\n<\/div><\/section><\/div><div  style='height:50px' class='hr hr-invisible   avia-builder-el-6  el_after_av_one_full  el_before_av_social_share '><span class='hr-inner ' ><span class='hr-inner-style'><\/span><\/span><\/div><\/p>\n<div  class='av-social-sharing-box  avia-builder-el-7  el_after_av_hr  el_before_av_hr  '><div class='av-share-box'><h5 class='av-share-link-description av-no-toc '>Compartir esta noticia<\/h5><ul class='av-share-box-list noLightbox'><li class='av-share-link av-social-link-facebook' ><a target=\"_blank\" aria-label=\"Compartir en Facebook\" href='https:\/\/www.facebook.com\/sharer.php?u=https:\/\/radiorevelacionfm.cl\/?p=39042&#038;t=Ya%20es%20Ley%20la%20norma%20que%20fortalece%20legislaci%C3%B3n%20contra%20el%20acoso%20sexual%2C%20laboral%20y%20violencia%20en%20el%20trabajo%20conocida%20como%20%C2%ABLey%20Karin%C2%BB' aria-hidden='false' data-av_icon='\ue8f3' data-av_iconfont='entypo-fontello' title='' data-avia-related-tooltip='Compartir en Facebook' rel=\"noopener\"><span class='avia_hidden_link_text'>Compartir en Facebook<\/span><\/a><\/li><li class='av-share-link av-social-link-twitter' ><a target=\"_blank\" aria-label=\"Compartir en Twitter\" href='https:\/\/twitter.com\/share?text=Ya%20es%20Ley%20la%20norma%20que%20fortalece%20legislaci%C3%B3n%20contra%20el%20acoso%20sexual%2C%20laboral%20y%20violencia%20en%20el%20trabajo%20conocida%20como%20%C2%ABLey%20Karin%C2%BB&#038;url=https:\/\/radiorevelacionfm.cl\/?p=39042' aria-hidden='false' data-av_icon='\ue8f1' data-av_iconfont='entypo-fontello' title='' data-avia-related-tooltip='Compartir en Twitter' rel=\"noopener\"><span class='avia_hidden_link_text'>Compartir en Twitter<\/span><\/a><\/li><li class='av-share-link av-social-link-whatsapp' ><a target=\"_blank\" aria-label=\"Compartir en Whatsapp\" href='https:\/\/api.whatsapp.com\/send?text=https:\/\/radiorevelacionfm.cl\/?p=39042' aria-hidden='false' data-av_icon='\uf232' data-av_iconfont='entypo-fontello' title='' data-avia-related-tooltip='Compartir en Whatsapp' rel=\"noopener\"><span class='avia_hidden_link_text'>Compartir en Whatsapp<\/span><\/a><\/li><li class='av-share-link av-social-link-linkedin' ><a target=\"_blank\" aria-label=\"Compartir en LinkedIn\" href='https:\/\/linkedin.com\/shareArticle?mini=true&#038;title=Ya%20es%20Ley%20la%20norma%20que%20fortalece%20legislaci%C3%B3n%20contra%20el%20acoso%20sexual%2C%20laboral%20y%20violencia%20en%20el%20trabajo%20conocida%20como%20%C2%ABLey%20Karin%C2%BB&#038;url=https:\/\/radiorevelacionfm.cl\/?p=39042' aria-hidden='false' data-av_icon='\ue8fc' data-av_iconfont='entypo-fontello' title='' data-avia-related-tooltip='Compartir en LinkedIn' rel=\"noopener\"><span class='avia_hidden_link_text'>Compartir en LinkedIn<\/span><\/a><\/li><li class='av-share-link av-social-link-mail' ><a  aria-label=\"Compartir por correo\" href='mailto:?subject=Ya%20es%20Ley%20la%20norma%20que%20fortalece%20legislaci%C3%B3n%20contra%20el%20acoso%20sexual%2C%20laboral%20y%20violencia%20en%20el%20trabajo%20conocida%20como%20%C2%ABLey%20Karin%C2%BB&#038;body=https:\/\/radiorevelacionfm.cl\/?p=39042' aria-hidden='false' data-av_icon='\ue805' data-av_iconfont='entypo-fontello' title='' data-avia-related-tooltip='Compartir por correo'><span class='avia_hidden_link_text'>Compartir por correo<\/span><\/a><\/li><\/ul><\/div><\/div>\n<div  style='height:50px' class='hr hr-invisible   avia-builder-el-8  el_after_av_social_share  el_before_av_comments_list '><span class='hr-inner ' ><span class='hr-inner-style'><\/span><\/span><\/div>\n<div  class='av-buildercomment  av-blog-meta-html-info-disabled av-blog-meta-tag-disabled  '><\/div>\n","protected":false},"excerpt":{"rendered":"","protected":false},"author":1,"featured_media":39043,"comment_status":"open","ping_status":"open","sticky":false,"template":"","format":"standard","meta":{"footnotes":""},"categories":[56],"tags":[],"class_list":["post-39042","post","type-post","status-publish","format-standard","has-post-thumbnail","hentry","category-trabajo"],"jetpack_featured_media_url":"https:\/\/radiorevelacionfm.cl\/wp-content\/uploads\/2024\/01\/seremis_mintrabymujeryeqg_1-1_optimized.jpg","_links":{"self":[{"href":"https:\/\/radiorevelacionfm.cl\/index.php?rest_route=\/wp\/v2\/posts\/39042","targetHints":{"allow":["GET"]}}],"collection":[{"href":"https:\/\/radiorevelacionfm.cl\/index.php?rest_route=\/wp\/v2\/posts"}],"about":[{"href":"https:\/\/radiorevelacionfm.cl\/index.php?rest_route=\/wp\/v2\/types\/post"}],"author":[{"embeddable":true,"href":"https:\/\/radiorevelacionfm.cl\/index.php?rest_route=\/wp\/v2\/users\/1"}],"replies":[{"embeddable":true,"href":"https:\/\/radiorevelacionfm.cl\/index.php?rest_route=%2Fwp%2Fv2%2Fcomments&post=39042"}],"version-history":[{"count":1,"href":"https:\/\/radiorevelacionfm.cl\/index.php?rest_route=\/wp\/v2\/posts\/39042\/revisions"}],"predecessor-version":[{"id":39044,"href":"https:\/\/radiorevelacionfm.cl\/index.php?rest_route=\/wp\/v2\/posts\/39042\/revisions\/39044"}],"wp:featuredmedia":[{"embeddable":true,"href":"https:\/\/radiorevelacionfm.cl\/index.php?rest_route=\/wp\/v2\/media\/39043"}],"wp:attachment":[{"href":"https:\/\/radiorevelacionfm.cl\/index.php?rest_route=%2Fwp%2Fv2%2Fmedia&parent=39042"}],"wp:term":[{"taxonomy":"category","embeddable":true,"href":"https:\/\/radiorevelacionfm.cl\/index.php?rest_route=%2Fwp%2Fv2%2Fcategories&post=39042"},{"taxonomy":"post_tag","embeddable":true,"href":"https:\/\/radiorevelacionfm.cl\/index.php?rest_route=%2Fwp%2Fv2%2Ftags&post=39042"}],"curies":[{"name":"wp","href":"https:\/\/api.w.org\/{rel}","templated":true}]}}