{"id":39039,"date":"2024-01-21T21:52:04","date_gmt":"2024-01-22T00:52:04","guid":{"rendered":"https:\/\/radiorevelacionfm.cl\/?p=39039"},"modified":"2024-01-21T21:52:04","modified_gmt":"2024-01-22T00:52:04","slug":"agrupaysen-releva-la-importancia-del-ordenamiento-territorial-del-borde-costero-y-exige-reformas-en-la-gestion-para-un-desarrollo-sostenible","status":"publish","type":"post","link":"https:\/\/radiorevelacionfm.cl\/?p=39039","title":{"rendered":"AGRUPAYSEN releva la importancia del ordenamiento territorial del Borde Costero y exige reformas en la gesti\u00f3n para un desarrollo sostenible"},"content":{"rendered":"<div class=\"flex_column av_one_full  flex_column_div av-zero-column-padding first  avia-builder-el-0  el_before_av_one_full  avia-builder-el-first  \" style='border-radius:0px; '><div  class='avia-image-container  av-styling-    avia-builder-el-1  avia-builder-el-no-sibling  avia-align-center '  itemprop=\"image\" itemscope=\"itemscope\" itemtype=\"https:\/\/schema.org\/ImageObject\"  ><div class='avia-image-container-inner'><div class='avia-image-overlay-wrap'><img decoding=\"async\" class='wp-image-39040 avia-img-lazy-loading-not-39040 avia_image' src=\"https:\/\/radiorevelacionfm.cl\/wp-content\/uploads\/2024\/01\/005-1-1.jpeg\" alt='' title='005 (1) (1)' height=\"600\" width=\"1069\"  itemprop=\"thumbnailUrl\" srcset=\"https:\/\/radiorevelacionfm.cl\/wp-content\/uploads\/2024\/01\/005-1-1.jpeg 1069w, https:\/\/radiorevelacionfm.cl\/wp-content\/uploads\/2024\/01\/005-1-1-300x168.jpeg 300w, https:\/\/radiorevelacionfm.cl\/wp-content\/uploads\/2024\/01\/005-1-1-1030x578.jpeg 1030w, https:\/\/radiorevelacionfm.cl\/wp-content\/uploads\/2024\/01\/005-1-1-768x431.jpeg 768w, https:\/\/radiorevelacionfm.cl\/wp-content\/uploads\/2024\/01\/005-1-1-705x396.jpeg 705w, https:\/\/radiorevelacionfm.cl\/wp-content\/uploads\/2024\/01\/005-1-1-450x253.jpeg 450w, https:\/\/radiorevelacionfm.cl\/wp-content\/uploads\/2024\/01\/005-1-1-600x337.jpeg 600w\" sizes=\"(max-width: 1069px) 100vw, 1069px\" \/><\/div><\/div><\/div><\/div><div class=\"flex_column av_one_full  flex_column_div av-zero-column-padding first  avia-builder-el-2  el_after_av_one_full  el_before_av_one_full  column-top-margin\" style='border-radius:0px; '><section class=\"av_textblock_section \"  itemscope=\"itemscope\" itemtype=\"https:\/\/schema.org\/BlogPosting\" itemprop=\"blogPost\" ><div class='avia_textblock  '   itemprop=\"text\" ><p style=\"text-align: center;\"><strong><span style=\"font-size: 18pt;\">AGRUPAYSEN releva la importancia del ordenamiento territorial del Borde Costero y exige reformas en la gesti\u00f3n para un desarrollo sostenible<\/span><\/strong><\/p>\n<div id=\"gtx-trans\" style=\"position: absolute; left: -50px; top: 4.31534px;\">\n<div class=\"gtx-trans-icon\"><\/div>\n<\/div>\n<\/div><\/section><\/div><div class=\"flex_column av_one_full  flex_column_div av-zero-column-padding first  avia-builder-el-4  el_after_av_one_full  el_before_av_hr  column-top-margin\" style='border-radius:0px; '><section class=\"av_textblock_section \"  itemscope=\"itemscope\" itemtype=\"https:\/\/schema.org\/BlogPosting\" itemprop=\"blogPost\" ><div class='avia_textblock  '   itemprop=\"text\" ><p style=\"text-align: justify;\">En una reciente intervenci\u00f3n en el Consejo Regional de Ays\u00e9n, destacadas figuras del sector salmonero, pesquero artesanal y de prestadores de servicios del sur austral de Chile han manifestado su profunda preocupaci\u00f3n y exigido cambios significativos en la Comisi\u00f3n Regional del Uso del Borde Costero (CRUBC).<\/p>\n<p style=\"text-align: justify;\">Claudio Carrasco, Bi\u00f3logo Marino y representante de AGRUPAYSEN, enfatiz\u00f3 la relevancia de la CRUBC en una regi\u00f3n con un maritorio extenso y una econom\u00eda fuertemente ligada al litoral. Carrasco expres\u00f3 su preocupaci\u00f3n y descontento con la actual gesti\u00f3n de la comisi\u00f3n, se\u00f1alando desequilibrio en la participaci\u00f3n de los sectores p\u00fablico-privado y ausencia de soporte t\u00e9cnico-profesional para insumar y apoyar el funcionamiento de la comisi\u00f3n. Remarc\u00f3 que: \u201cM\u00e1s all\u00e1 de las contingencias actuales asociadas a las solicitudes de Espacios Costeros Marinos Pueblos Originarios (ECMPO) en tr\u00e1mite, la CRUBC, necesidad de una mayor participaci\u00f3n y representatividad del sector privado, enfatizando la importancia de un enfoque a largo plazo y la inclusi\u00f3n de una Oficina T\u00e9cnica permanente, como se indica en el decreto presidencial, dado que las materias que se abordan son multisectoriales y complejas, y las decesiones tomadas tiene impactos directos en el desarrollo del borde costero de la Regi\u00f3n, para sus m\u00faltiples sectores y actividades, por ende se debe abordar de forma profesional y responsable\u201d.<\/p>\n<p style=\"text-align: justify;\">Por su parte, la consejera regional Mar\u00eda Loreta Villegas critic\u00f3 duramente la operaci\u00f3n de la CRUBC, acusando negligencias en su reglamentaci\u00f3n y composici\u00f3n. Villegas destac\u00f3 la urgencia de involucrar activamente a los gremios en las sesiones y en las mesas t\u00e9cnicas lideradas por el gobierno regional, haciendo hincapi\u00e9 en la importancia de las decisiones de la comisi\u00f3n, que impactan directamente en las concesiones mar\u00edtimas y los espacios costeros y mar\u00edtimos, incluidos los de pueblos originarios.<\/p>\n<p style=\"text-align: justify;\">Finalmente, el presidente del gremio de prestadores de servicios acu\u00edcolas de la regi\u00f3n de Ays\u00e9n, AGRUPAYSEN, Misael Ruiz, intervino para reforzar estas preocupaciones, se\u00f1alando: \u00abla participaci\u00f3n del sector privado en la CRUBC no es solo un derecho, sino una necesidad cr\u00edtica para el desarrollo sostenible de nuestra regi\u00f3n. No podemos permitir que se sigan tomando decisiones sin el conocimiento y experiencia de quienes vivimos y trabajamos en el borde costero. Es hora de un cambio real, y AGRUPAYSEN est\u00e1 aqu\u00ed para asegurar que ese cambio suceda.\u00bb<\/p>\n<p style=\"text-align: justify;\">Estas declaraciones resaltan una creciente tensi\u00f3n entre los representantes de los sectores productivos y las autoridades regionales, poniendo de manifiesto la necesidad de un di\u00e1logo m\u00e1s inclusivo y efectivo para el futuro de la regi\u00f3n de Ays\u00e9n. La comunidad espera respuestas concretas y acciones por parte de la CRUBC y las autoridades regionales para abordar estas preocupaciones urgentes.<\/p>\n<\/div><\/section><\/div><div  style='height:50px' class='hr hr-invisible   avia-builder-el-6  el_after_av_one_full  el_before_av_social_share '><span class='hr-inner ' ><span class='hr-inner-style'><\/span><\/span><\/div><\/p>\n<div  class='av-social-sharing-box  avia-builder-el-7  el_after_av_hr  el_before_av_hr  '><div class='av-share-box'><h5 class='av-share-link-description av-no-toc '>Compartir esta noticia<\/h5><ul class='av-share-box-list noLightbox'><li class='av-share-link av-social-link-facebook' ><a target=\"_blank\" aria-label=\"Compartir en Facebook\" href='https:\/\/www.facebook.com\/sharer.php?u=https:\/\/radiorevelacionfm.cl\/?p=39039&#038;t=AGRUPAYSEN%20releva%20la%20importancia%20del%20ordenamiento%20territorial%20del%20Borde%20Costero%20y%20exige%20reformas%20en%20la%20gesti%C3%B3n%20para%20un%20desarrollo%20sostenible' aria-hidden='false' data-av_icon='\ue8f3' data-av_iconfont='entypo-fontello' title='' data-avia-related-tooltip='Compartir en Facebook' rel=\"noopener\"><span class='avia_hidden_link_text'>Compartir en Facebook<\/span><\/a><\/li><li class='av-share-link av-social-link-twitter' ><a target=\"_blank\" aria-label=\"Compartir en Twitter\" href='https:\/\/twitter.com\/share?text=AGRUPAYSEN%20releva%20la%20importancia%20del%20ordenamiento%20territorial%20del%20Borde%20Costero%20y%20exige%20reformas%20en%20la%20gesti%C3%B3n%20para%20un%20desarrollo%20sostenible&#038;url=https:\/\/radiorevelacionfm.cl\/?p=39039' aria-hidden='false' data-av_icon='\ue8f1' data-av_iconfont='entypo-fontello' title='' data-avia-related-tooltip='Compartir en Twitter' rel=\"noopener\"><span class='avia_hidden_link_text'>Compartir en Twitter<\/span><\/a><\/li><li class='av-share-link av-social-link-whatsapp' ><a target=\"_blank\" aria-label=\"Compartir en Whatsapp\" href='https:\/\/api.whatsapp.com\/send?text=https:\/\/radiorevelacionfm.cl\/?p=39039' aria-hidden='false' data-av_icon='\uf232' data-av_iconfont='entypo-fontello' title='' data-avia-related-tooltip='Compartir en Whatsapp' rel=\"noopener\"><span class='avia_hidden_link_text'>Compartir en Whatsapp<\/span><\/a><\/li><li class='av-share-link av-social-link-linkedin' ><a target=\"_blank\" aria-label=\"Compartir en LinkedIn\" href='https:\/\/linkedin.com\/shareArticle?mini=true&#038;title=AGRUPAYSEN%20releva%20la%20importancia%20del%20ordenamiento%20territorial%20del%20Borde%20Costero%20y%20exige%20reformas%20en%20la%20gesti%C3%B3n%20para%20un%20desarrollo%20sostenible&#038;url=https:\/\/radiorevelacionfm.cl\/?p=39039' aria-hidden='false' data-av_icon='\ue8fc' data-av_iconfont='entypo-fontello' title='' data-avia-related-tooltip='Compartir en LinkedIn' rel=\"noopener\"><span class='avia_hidden_link_text'>Compartir en LinkedIn<\/span><\/a><\/li><li class='av-share-link av-social-link-mail' ><a  aria-label=\"Compartir por correo\" href='mailto:?subject=AGRUPAYSEN%20releva%20la%20importancia%20del%20ordenamiento%20territorial%20del%20Borde%20Costero%20y%20exige%20reformas%20en%20la%20gesti%C3%B3n%20para%20un%20desarrollo%20sostenible&#038;body=https:\/\/radiorevelacionfm.cl\/?p=39039' aria-hidden='false' data-av_icon='\ue805' data-av_iconfont='entypo-fontello' title='' data-avia-related-tooltip='Compartir por correo'><span class='avia_hidden_link_text'>Compartir por correo<\/span><\/a><\/li><\/ul><\/div><\/div>\n<div  style='height:50px' class='hr hr-invisible   avia-builder-el-8  el_after_av_social_share  el_before_av_comments_list '><span class='hr-inner ' ><span class='hr-inner-style'><\/span><\/span><\/div>\n<div  class='av-buildercomment  av-blog-meta-html-info-disabled av-blog-meta-tag-disabled  '><\/div>\n","protected":false},"excerpt":{"rendered":"","protected":false},"author":1,"featured_media":39040,"comment_status":"open","ping_status":"open","sticky":false,"template":"","format":"standard","meta":{"footnotes":""},"categories":[38],"tags":[],"class_list":["post-39039","post","type-post","status-publish","format-standard","has-post-thumbnail","hentry","category-regional"],"jetpack_featured_media_url":"https:\/\/radiorevelacionfm.cl\/wp-content\/uploads\/2024\/01\/005-1-1.jpeg","_links":{"self":[{"href":"https:\/\/radiorevelacionfm.cl\/index.php?rest_route=\/wp\/v2\/posts\/39039","targetHints":{"allow":["GET"]}}],"collection":[{"href":"https:\/\/radiorevelacionfm.cl\/index.php?rest_route=\/wp\/v2\/posts"}],"about":[{"href":"https:\/\/radiorevelacionfm.cl\/index.php?rest_route=\/wp\/v2\/types\/post"}],"author":[{"embeddable":true,"href":"https:\/\/radiorevelacionfm.cl\/index.php?rest_route=\/wp\/v2\/users\/1"}],"replies":[{"embeddable":true,"href":"https:\/\/radiorevelacionfm.cl\/index.php?rest_route=%2Fwp%2Fv2%2Fcomments&post=39039"}],"version-history":[{"count":1,"href":"https:\/\/radiorevelacionfm.cl\/index.php?rest_route=\/wp\/v2\/posts\/39039\/revisions"}],"predecessor-version":[{"id":39041,"href":"https:\/\/radiorevelacionfm.cl\/index.php?rest_route=\/wp\/v2\/posts\/39039\/revisions\/39041"}],"wp:featuredmedia":[{"embeddable":true,"href":"https:\/\/radiorevelacionfm.cl\/index.php?rest_route=\/wp\/v2\/media\/39040"}],"wp:attachment":[{"href":"https:\/\/radiorevelacionfm.cl\/index.php?rest_route=%2Fwp%2Fv2%2Fmedia&parent=39039"}],"wp:term":[{"taxonomy":"category","embeddable":true,"href":"https:\/\/radiorevelacionfm.cl\/index.php?rest_route=%2Fwp%2Fv2%2Fcategories&post=39039"},{"taxonomy":"post_tag","embeddable":true,"href":"https:\/\/radiorevelacionfm.cl\/index.php?rest_route=%2Fwp%2Fv2%2Ftags&post=39039"}],"curies":[{"name":"wp","href":"https:\/\/api.w.org\/{rel}","templated":true}]}}