{"id":39036,"date":"2024-01-21T21:42:23","date_gmt":"2024-01-22T00:42:23","guid":{"rendered":"https:\/\/radiorevelacionfm.cl\/?p=39036"},"modified":"2024-01-21T21:42:23","modified_gmt":"2024-01-22T00:42:23","slug":"en-un-27-han-aumentado-controles-de-fiscalizacion-de-transportes-por-temporada-estival","status":"publish","type":"post","link":"https:\/\/radiorevelacionfm.cl\/?p=39036","title":{"rendered":"En un 27% han aumentado controles de Fiscalizaci\u00f3n de Transportes por temporada estival"},"content":{"rendered":"<div class=\"flex_column av_one_full  flex_column_div av-zero-column-padding first  avia-builder-el-0  el_before_av_one_full  avia-builder-el-first  \" style='border-radius:0px; '><div  class='avia-image-container  av-styling-    avia-builder-el-1  avia-builder-el-no-sibling  avia-align-center '  itemprop=\"image\" itemscope=\"itemscope\" itemtype=\"https:\/\/schema.org\/ImageObject\"  ><div class='avia-image-container-inner'><div class='avia-image-overlay-wrap'><img decoding=\"async\" class='wp-image-39037 avia-img-lazy-loading-not-39037 avia_image' src=\"https:\/\/radiorevelacionfm.cl\/wp-content\/uploads\/2024\/01\/DSC_7165-1-1.jpg\" alt='' title='DSC_7165 (1) (1)' height=\"600\" width=\"903\"  itemprop=\"thumbnailUrl\" srcset=\"https:\/\/radiorevelacionfm.cl\/wp-content\/uploads\/2024\/01\/DSC_7165-1-1.jpg 903w, https:\/\/radiorevelacionfm.cl\/wp-content\/uploads\/2024\/01\/DSC_7165-1-1-300x199.jpg 300w, https:\/\/radiorevelacionfm.cl\/wp-content\/uploads\/2024\/01\/DSC_7165-1-1-768x510.jpg 768w, https:\/\/radiorevelacionfm.cl\/wp-content\/uploads\/2024\/01\/DSC_7165-1-1-705x468.jpg 705w, https:\/\/radiorevelacionfm.cl\/wp-content\/uploads\/2024\/01\/DSC_7165-1-1-450x299.jpg 450w, https:\/\/radiorevelacionfm.cl\/wp-content\/uploads\/2024\/01\/DSC_7165-1-1-600x399.jpg 600w\" sizes=\"(max-width: 903px) 100vw, 903px\" \/><\/div><\/div><\/div><\/div><div class=\"flex_column av_one_full  flex_column_div av-zero-column-padding first  avia-builder-el-2  el_after_av_one_full  el_before_av_one_full  column-top-margin\" style='border-radius:0px; '><section class=\"av_textblock_section \"  itemscope=\"itemscope\" itemtype=\"https:\/\/schema.org\/BlogPosting\" itemprop=\"blogPost\" ><div class='avia_textblock  '   itemprop=\"text\" ><p style=\"text-align: center;\"><strong><span style=\"font-size: 18pt;\">En un 27% han aumentado controles de Fiscalizaci\u00f3n de Transportes por temporada estival<\/span><\/strong><\/p>\n<div id=\"gtx-trans\" style=\"position: absolute; left: -50px; top: 4.31534px;\">\n<div class=\"gtx-trans-icon\"><\/div>\n<\/div>\n<\/div><\/section><\/div><div class=\"flex_column av_one_full  flex_column_div av-zero-column-padding first  avia-builder-el-4  el_after_av_one_full  el_before_av_hr  column-top-margin\" style='border-radius:0px; '><section class=\"av_textblock_section \"  itemscope=\"itemscope\" itemtype=\"https:\/\/schema.org\/BlogPosting\" itemprop=\"blogPost\" ><div class='avia_textblock  '   itemprop=\"text\" ><p style=\"font-weight: 400; text-align: justify;\"><em>Desde la seremi de Transportes el llamado a los turistas y viajeros de la regi\u00f3n es a preferir el transporte formal, el cual ofrece mayores garant\u00edas para la seguridad y calidad del servicio.<\/em><\/p>\n<p style=\"font-weight: 400; text-align: justify;\">Mediante distintos operativos de fiscalizaci\u00f3n realizados con diversas entidades el seremiTT Hans Zimmermann y el equipo regional del Programa Nacional de Fiscalizaci\u00f3n se han sumado a diversos controles en ruta, \u00a0destinadas a velar por distintos aspectos de la seguridad, ante el aumento de personas que visitan la regi\u00f3n por la temporada tur\u00edstica, registr\u00e1ndose hasta la fecha un total de 817 controles, un 27,86% m\u00e1s que la cifra registrada el 2023 a la fecha (639 controles).<\/p>\n<p style=\"font-weight: 400; text-align: justify;\">Para lograr este objetivo \u00a0ha sido esencial el trabajo conjunto, en donde destaca la alianza con entidades afines como la Coordinaci\u00f3n Regional de Seguridad P\u00fablica, Carabineros, Aduana y Autoridad Mar\u00edtima, con quienes se han realizado operativos en v\u00eda p\u00fablica, a bordo de barcazas y en transporte de carga.<\/p>\n<p style=\"font-weight: 400; text-align: justify;\">Desde el Ministerio de Transportes el seremi Hans Zimmermann explic\u00f3 que el control en el transporte de pasajeros ha sido el \u00e9nfasis del trabajo de inspecci\u00f3n en ruta. \u201cSabemos que la afluencia de turistas en nuestra regi\u00f3n implica un aumento en los desplazamientos hacia los sectores tur\u00edsticos, y en ese contexto, en el marco del Plan Verano Seguro, hacemos el llamado a los turistas y a los visitantes de nuestra regi\u00f3n a preferir los servicios de transporte formal. A poder informarse, a poder planificar sus viajes y as\u00ed prevenir cualquier tipo de inconveniente que pudiese causarles malestar o incurrir en alg\u00fan tipo de falta\u201d, recalc\u00f3.<\/p>\n<p style=\"font-weight: 400; text-align: justify;\">La directora de la Coordinaci\u00f3n Regional de Seguridad P\u00fablica, Camila Covarrubias reforz\u00f3 que desde la Subsecretar\u00eda de Prevenci\u00f3n del Delito se est\u00e1 poniendo \u00e9nfasis en un Plan Nacional de Fiscalizaci\u00f3n. \u00c9ste contempla la coordinaci\u00f3n de las polic\u00edas para prevenir actos contra la ley \u00a0y tambi\u00e9n operativos conjuntos con el MTT: \u201cHemos lanzado el Plan Nacional de Fiscalizaci\u00f3n en el a\u00f1o 2024, en el que trabajaremos en conjunto con distintas instituciones para estar presentes en el territorio e ir fiscalizando de acuerdo a hitos calendarios o de acuerdo a las necesidades de la regi\u00f3n y generando mayor co pamiento policial para prevenir los delitos, las violencias e incidividades en nuestro territorio. Esto es parte del Plan Nacional de Fiscalizaci\u00f3n que tiene como objetivo ampliar en un 25% m\u00e1s de fiscalizaciones a lo largo de la regi\u00f3n\u201d.<\/p>\n<\/div><\/section><\/div><div  style='height:50px' class='hr hr-invisible   avia-builder-el-6  el_after_av_one_full  el_before_av_social_share '><span class='hr-inner ' ><span class='hr-inner-style'><\/span><\/span><\/div><\/p>\n<div  class='av-social-sharing-box  avia-builder-el-7  el_after_av_hr  el_before_av_hr  '><div class='av-share-box'><h5 class='av-share-link-description av-no-toc '>Compartir esta noticia<\/h5><ul class='av-share-box-list noLightbox'><li class='av-share-link av-social-link-facebook' ><a target=\"_blank\" aria-label=\"Compartir en Facebook\" href='https:\/\/www.facebook.com\/sharer.php?u=https:\/\/radiorevelacionfm.cl\/?p=39036&#038;t=En%20un%2027%25%20han%20aumentado%20controles%20de%20Fiscalizaci%C3%B3n%20de%20Transportes%20por%20temporada%20estival' aria-hidden='false' data-av_icon='\ue8f3' data-av_iconfont='entypo-fontello' title='' data-avia-related-tooltip='Compartir en Facebook' rel=\"noopener\"><span class='avia_hidden_link_text'>Compartir en Facebook<\/span><\/a><\/li><li class='av-share-link av-social-link-twitter' ><a target=\"_blank\" aria-label=\"Compartir en Twitter\" href='https:\/\/twitter.com\/share?text=En%20un%2027%25%20han%20aumentado%20controles%20de%20Fiscalizaci%C3%B3n%20de%20Transportes%20por%20temporada%20estival&#038;url=https:\/\/radiorevelacionfm.cl\/?p=39036' aria-hidden='false' data-av_icon='\ue8f1' data-av_iconfont='entypo-fontello' title='' data-avia-related-tooltip='Compartir en Twitter' rel=\"noopener\"><span class='avia_hidden_link_text'>Compartir en Twitter<\/span><\/a><\/li><li class='av-share-link av-social-link-whatsapp' ><a target=\"_blank\" aria-label=\"Compartir en Whatsapp\" href='https:\/\/api.whatsapp.com\/send?text=https:\/\/radiorevelacionfm.cl\/?p=39036' aria-hidden='false' data-av_icon='\uf232' data-av_iconfont='entypo-fontello' title='' data-avia-related-tooltip='Compartir en Whatsapp' rel=\"noopener\"><span class='avia_hidden_link_text'>Compartir en Whatsapp<\/span><\/a><\/li><li class='av-share-link av-social-link-linkedin' ><a target=\"_blank\" aria-label=\"Compartir en LinkedIn\" href='https:\/\/linkedin.com\/shareArticle?mini=true&#038;title=En%20un%2027%25%20han%20aumentado%20controles%20de%20Fiscalizaci%C3%B3n%20de%20Transportes%20por%20temporada%20estival&#038;url=https:\/\/radiorevelacionfm.cl\/?p=39036' aria-hidden='false' data-av_icon='\ue8fc' data-av_iconfont='entypo-fontello' title='' data-avia-related-tooltip='Compartir en LinkedIn' rel=\"noopener\"><span class='avia_hidden_link_text'>Compartir en LinkedIn<\/span><\/a><\/li><li class='av-share-link av-social-link-mail' ><a  aria-label=\"Compartir por correo\" href='mailto:?subject=En%20un%2027%25%20han%20aumentado%20controles%20de%20Fiscalizaci%C3%B3n%20de%20Transportes%20por%20temporada%20estival&#038;body=https:\/\/radiorevelacionfm.cl\/?p=39036' aria-hidden='false' data-av_icon='\ue805' data-av_iconfont='entypo-fontello' title='' data-avia-related-tooltip='Compartir por correo'><span class='avia_hidden_link_text'>Compartir por correo<\/span><\/a><\/li><\/ul><\/div><\/div>\n<div  style='height:50px' class='hr hr-invisible   avia-builder-el-8  el_after_av_social_share  el_before_av_comments_list '><span class='hr-inner ' ><span class='hr-inner-style'><\/span><\/span><\/div>\n<div  class='av-buildercomment  av-blog-meta-html-info-disabled av-blog-meta-tag-disabled  '><\/div>\n","protected":false},"excerpt":{"rendered":"","protected":false},"author":1,"featured_media":39037,"comment_status":"open","ping_status":"open","sticky":false,"template":"","format":"standard","meta":{"footnotes":""},"categories":[59],"tags":[],"class_list":["post-39036","post","type-post","status-publish","format-standard","has-post-thumbnail","hentry","category-transporte"],"jetpack_featured_media_url":"https:\/\/radiorevelacionfm.cl\/wp-content\/uploads\/2024\/01\/DSC_7165-1-1.jpg","_links":{"self":[{"href":"https:\/\/radiorevelacionfm.cl\/index.php?rest_route=\/wp\/v2\/posts\/39036","targetHints":{"allow":["GET"]}}],"collection":[{"href":"https:\/\/radiorevelacionfm.cl\/index.php?rest_route=\/wp\/v2\/posts"}],"about":[{"href":"https:\/\/radiorevelacionfm.cl\/index.php?rest_route=\/wp\/v2\/types\/post"}],"author":[{"embeddable":true,"href":"https:\/\/radiorevelacionfm.cl\/index.php?rest_route=\/wp\/v2\/users\/1"}],"replies":[{"embeddable":true,"href":"https:\/\/radiorevelacionfm.cl\/index.php?rest_route=%2Fwp%2Fv2%2Fcomments&post=39036"}],"version-history":[{"count":1,"href":"https:\/\/radiorevelacionfm.cl\/index.php?rest_route=\/wp\/v2\/posts\/39036\/revisions"}],"predecessor-version":[{"id":39038,"href":"https:\/\/radiorevelacionfm.cl\/index.php?rest_route=\/wp\/v2\/posts\/39036\/revisions\/39038"}],"wp:featuredmedia":[{"embeddable":true,"href":"https:\/\/radiorevelacionfm.cl\/index.php?rest_route=\/wp\/v2\/media\/39037"}],"wp:attachment":[{"href":"https:\/\/radiorevelacionfm.cl\/index.php?rest_route=%2Fwp%2Fv2%2Fmedia&parent=39036"}],"wp:term":[{"taxonomy":"category","embeddable":true,"href":"https:\/\/radiorevelacionfm.cl\/index.php?rest_route=%2Fwp%2Fv2%2Fcategories&post=39036"},{"taxonomy":"post_tag","embeddable":true,"href":"https:\/\/radiorevelacionfm.cl\/index.php?rest_route=%2Fwp%2Fv2%2Ftags&post=39036"}],"curies":[{"name":"wp","href":"https:\/\/api.w.org\/{rel}","templated":true}]}}