{"id":39025,"date":"2024-01-19T17:53:42","date_gmt":"2024-01-19T20:53:42","guid":{"rendered":"https:\/\/radiorevelacionfm.cl\/?p=39025"},"modified":"2024-01-19T17:53:42","modified_gmt":"2024-01-19T20:53:42","slug":"la-seleccion-de-coyhaique-prepara-las-maletas-para-el-nacional-de-peumo-2024","status":"publish","type":"post","link":"https:\/\/radiorevelacionfm.cl\/?p=39025","title":{"rendered":"La selecci\u00f3n de Coyhaique prepara las maletas para el Nacional de Peumo 2024"},"content":{"rendered":"<div class=\"flex_column av_one_full  flex_column_div av-zero-column-padding first  avia-builder-el-0  el_before_av_one_full  avia-builder-el-first  \" style='border-radius:0px; '><div  class='avia-image-container  av-styling-    avia-builder-el-1  avia-builder-el-no-sibling  avia-align-center '  itemprop=\"image\" itemscope=\"itemscope\" itemtype=\"https:\/\/schema.org\/ImageObject\"  ><div class='avia-image-container-inner'><div class='avia-image-overlay-wrap'><img decoding=\"async\" class='wp-image-39026 avia-img-lazy-loading-not-39026 avia_image' src=\"https:\/\/radiorevelacionfm.cl\/wp-content\/uploads\/2024\/01\/img_7013-1_optimized.jpg\" alt='' title='img_7013-(1)_optimized' height=\"600\" width=\"901\"  itemprop=\"thumbnailUrl\" srcset=\"https:\/\/radiorevelacionfm.cl\/wp-content\/uploads\/2024\/01\/img_7013-1_optimized.jpg 901w, https:\/\/radiorevelacionfm.cl\/wp-content\/uploads\/2024\/01\/img_7013-1_optimized-300x200.jpg 300w, https:\/\/radiorevelacionfm.cl\/wp-content\/uploads\/2024\/01\/img_7013-1_optimized-768x511.jpg 768w, https:\/\/radiorevelacionfm.cl\/wp-content\/uploads\/2024\/01\/img_7013-1_optimized-705x469.jpg 705w, https:\/\/radiorevelacionfm.cl\/wp-content\/uploads\/2024\/01\/img_7013-1_optimized-450x300.jpg 450w, https:\/\/radiorevelacionfm.cl\/wp-content\/uploads\/2024\/01\/img_7013-1_optimized-600x400.jpg 600w\" sizes=\"(max-width: 901px) 100vw, 901px\" \/><\/div><\/div><\/div><\/div><div class=\"flex_column av_one_full  flex_column_div av-zero-column-padding first  avia-builder-el-2  el_after_av_one_full  el_before_av_one_full  column-top-margin\" style='border-radius:0px; '><section class=\"av_textblock_section \"  itemscope=\"itemscope\" itemtype=\"https:\/\/schema.org\/BlogPosting\" itemprop=\"blogPost\" ><div class='avia_textblock  '   itemprop=\"text\" ><p style=\"text-align: center;\"><strong><span style=\"font-size: 18pt;\">La selecci\u00f3n de Coyhaique prepara las maletas para el Nacional de Peumo 2024<\/span><\/strong><\/p>\n<div id=\"gtx-trans\" style=\"position: absolute; left: -50px; top: 4.31534px;\">\n<div class=\"gtx-trans-icon\"><\/div>\n<\/div>\n<\/div><\/section><\/div><div class=\"flex_column av_one_full  flex_column_div av-zero-column-padding first  avia-builder-el-4  el_after_av_one_full  el_before_av_hr  column-top-margin\" style='border-radius:0px; '><section class=\"av_textblock_section \"  itemscope=\"itemscope\" itemtype=\"https:\/\/schema.org\/BlogPosting\" itemprop=\"blogPost\" ><div class='avia_textblock  '   itemprop=\"text\" ><p style=\"text-align: justify;\"><em>Despu\u00e9s de 10 a\u00f1os la selecci\u00f3n de f\u00fatbol masculina de Coyhaique, volver\u00e1 a participar de una competici\u00f3n nacional, por lo tanto, esperan poder marcar este hito con una prometedora participaci\u00f3n.<\/em><\/p>\n<p style=\"text-align: justify;\">Luego de varias semanas de entrenamiento, la selecci\u00f3n de Coyhaique masculina ya alista los \u00faltimos preparativos para su experiencia en el Nacional de F\u00fatbol Amateur a jugarse en la regi\u00f3n de O\u2019Higgins entre los d\u00edas 23 de enero al 3 de febrero.<\/p>\n<p style=\"text-align: justify;\">Gracias a la victoria de 5 a 2 en la serie contra la selecci\u00f3n de Chile Chico, jugada el a\u00f1o pasado, los coyhaiquinos podr\u00e1n participar, luego de no haber podido clasificar desde hace 10 a\u00f1os. En esta ocasi\u00f3n el nacional se realizar\u00e1 en Peumo, Regi\u00f3n de O\u2019Higgins.<\/p>\n<p style=\"text-align: justify;\">Los representantes ayseninos se encuentran en el grupo C, junto con Algarrobo (Valpara\u00edso), Lagunillas (Bio-Bio) y Castro (Los Lagos).<\/p>\n<p style=\"text-align: justify;\">El entrenador de la selecci\u00f3n H\u00e9ctor Leiva, coment\u00f3 sobre la dificultad latente de los equipos de la zona. \u201cPara nosotros pasar a una segunda fase ser\u00eda como un gran premio, porque realmente por el tema laboral no se puede entrenar bien, como trabajan no se pueden juntar todos\u201d, se\u00f1ala.<\/p>\n<p style=\"text-align: justify;\">Adem\u00e1s menciona que: \u201cNo es como m\u00e1s al norte, all\u00e1 tiene la opci\u00f3n de jugar todo el a\u00f1o, tienen donde echar mano, tienen equipos por todos lados. Sin ir m\u00e1s lejos, en Castro, la regi\u00f3n se eliminan doce asociaciones, ac\u00e1 se compiten tres\u201d.<\/p>\n<p style=\"text-align: justify;\">Aun as\u00ed y con las dificultades, el equipo se esfuerza para entrenar con todo el plantel, por la pasi\u00f3n que le tienen al juego. Dicen estar claros en su forma de desempe\u00f1arse en la cancha, as\u00ed lo hacen saber el entrenador y su ayudante t\u00e9cnico Carlos \u00c1lvarez.<\/p>\n<p style=\"text-align: justify;\">\u201cEl equipo encontr\u00f3 afianzamiento de juego y el sistema ya lo tenemos definido, los cambios siempre son puesto por puesto, entonces ahora lo que hemos hecho es tener harto f\u00fatbol. Ahora, el deseo siempre est\u00e1, uno donde vaya a competir siempre va a estar la aspiraci\u00f3n de pasar a la otra fase, no hay que verlo tan lejano. La ilusi\u00f3n del equipo y el cuerpo t\u00e9cnico est\u00e1 intacta, para eso estamos ac\u00e1, si no crey\u00e9ramos en esto nos hubi\u00e9ramos quedado en la casa\u201d, expres\u00f3 \u00c1lvarez<\/p>\n<p style=\"text-align: justify;\">Mat\u00edas Zurita (27), capit\u00e1n de la selecci\u00f3n, habl\u00f3 de c\u00f3mo se sienten de cara al nacional. \u201cNosotros venimos entrenando casi todo el a\u00f1o pasado, ganamos las eliminatorias y la verdad es que la base de futbolistas es casi la misma, entre 12 a 13 jugadores se han mantenido\u201d, dijo.<\/p>\n<p style=\"text-align: justify;\">\u201cAunque tambi\u00e9n han cambiado algunos nombres, algunas piezas que no van a poder estar en el nacional, lo bueno es que a tiempo dijeron que no podr\u00edan estar, as\u00ed que hubo opci\u00f3n de buscar jugadores. As\u00ed que, luego de terminar el regional tuvimos refuerzos de Puerto Ays\u00e9n, por lo que hemos tenido ya un mes y medio donde hemos tenido entrenamiento con los chiquillos de Ays\u00e9n, as\u00ed que ese ha sido el fin este \u00faltimo tiempo, poder afiatarnos con ellos\u201d, concret\u00f3 el capit\u00e1n Zurita.<\/p>\n<p style=\"text-align: justify;\">Por su parte, Jos\u00e9 Co\u00f1uecar (25), refuerzo de Puerto Ays\u00e9n, sabe que \u00e9l y sus compa\u00f1eros tiene un fuerte compromiso al ser llamados a esta selecci\u00f3n. \u201cLo ideal es dar una buena cara en el nacional, o sea, yo m\u00e1s que nada me llam\u00f3 la selecci\u00f3n, pero esto viene a representar a la regi\u00f3n entera y a todas sus asociaciones de f\u00fatbol, entonces nosotros felices de venir a aportar, representar a la regi\u00f3n y a toda su gente\u201d, coment\u00f3 el joven futbolista.<\/p>\n<p style=\"text-align: justify;\">El conjunto regional viajar\u00e1 el lunes 22 y empezar\u00e1n el ruedo en el torneo el mi\u00e9rcoles 24 contra la selecci\u00f3n proveniente del Bio-Bio a las 20:30 hrs, el viernes 26 enfrentar\u00e1n a los isle\u00f1os de Castro a la misma hora y el domingo 28 contra los de la quinta regi\u00f3n a las 17:30 hrs.<\/p>\n<\/div><\/section><\/div><div  style='height:50px' class='hr hr-invisible   avia-builder-el-6  el_after_av_one_full  el_before_av_social_share '><span class='hr-inner ' ><span class='hr-inner-style'><\/span><\/span><\/div><\/p>\n<div  class='av-social-sharing-box  avia-builder-el-7  el_after_av_hr  el_before_av_hr  '><div class='av-share-box'><h5 class='av-share-link-description av-no-toc '>Compartir esta noticia<\/h5><ul class='av-share-box-list noLightbox'><li class='av-share-link av-social-link-facebook' ><a target=\"_blank\" aria-label=\"Compartir en Facebook\" href='https:\/\/www.facebook.com\/sharer.php?u=https:\/\/radiorevelacionfm.cl\/?p=39025&#038;t=La%20selecci%C3%B3n%20de%20Coyhaique%20prepara%20las%20maletas%20para%20el%20Nacional%20de%20Peumo%202024' aria-hidden='false' data-av_icon='\ue8f3' data-av_iconfont='entypo-fontello' title='' data-avia-related-tooltip='Compartir en Facebook' rel=\"noopener\"><span class='avia_hidden_link_text'>Compartir en Facebook<\/span><\/a><\/li><li class='av-share-link av-social-link-twitter' ><a target=\"_blank\" aria-label=\"Compartir en Twitter\" href='https:\/\/twitter.com\/share?text=La%20selecci%C3%B3n%20de%20Coyhaique%20prepara%20las%20maletas%20para%20el%20Nacional%20de%20Peumo%202024&#038;url=https:\/\/radiorevelacionfm.cl\/?p=39025' aria-hidden='false' data-av_icon='\ue8f1' data-av_iconfont='entypo-fontello' title='' data-avia-related-tooltip='Compartir en Twitter' rel=\"noopener\"><span class='avia_hidden_link_text'>Compartir en Twitter<\/span><\/a><\/li><li class='av-share-link av-social-link-whatsapp' ><a target=\"_blank\" aria-label=\"Compartir en Whatsapp\" href='https:\/\/api.whatsapp.com\/send?text=https:\/\/radiorevelacionfm.cl\/?p=39025' aria-hidden='false' data-av_icon='\uf232' data-av_iconfont='entypo-fontello' title='' data-avia-related-tooltip='Compartir en Whatsapp' rel=\"noopener\"><span class='avia_hidden_link_text'>Compartir en Whatsapp<\/span><\/a><\/li><li class='av-share-link av-social-link-linkedin' ><a target=\"_blank\" aria-label=\"Compartir en LinkedIn\" href='https:\/\/linkedin.com\/shareArticle?mini=true&#038;title=La%20selecci%C3%B3n%20de%20Coyhaique%20prepara%20las%20maletas%20para%20el%20Nacional%20de%20Peumo%202024&#038;url=https:\/\/radiorevelacionfm.cl\/?p=39025' aria-hidden='false' data-av_icon='\ue8fc' data-av_iconfont='entypo-fontello' title='' data-avia-related-tooltip='Compartir en LinkedIn' rel=\"noopener\"><span class='avia_hidden_link_text'>Compartir en LinkedIn<\/span><\/a><\/li><li class='av-share-link av-social-link-mail' ><a  aria-label=\"Compartir por correo\" href='mailto:?subject=La%20selecci%C3%B3n%20de%20Coyhaique%20prepara%20las%20maletas%20para%20el%20Nacional%20de%20Peumo%202024&#038;body=https:\/\/radiorevelacionfm.cl\/?p=39025' aria-hidden='false' data-av_icon='\ue805' data-av_iconfont='entypo-fontello' title='' data-avia-related-tooltip='Compartir por correo'><span class='avia_hidden_link_text'>Compartir por correo<\/span><\/a><\/li><\/ul><\/div><\/div>\n<div  style='height:50px' class='hr hr-invisible   avia-builder-el-8  el_after_av_social_share  el_before_av_comments_list '><span class='hr-inner ' ><span class='hr-inner-style'><\/span><\/span><\/div>\n<div  class='av-buildercomment  av-blog-meta-html-info-disabled av-blog-meta-tag-disabled  '><\/div>\n","protected":false},"excerpt":{"rendered":"","protected":false},"author":1,"featured_media":39026,"comment_status":"open","ping_status":"open","sticky":false,"template":"","format":"standard","meta":{"footnotes":""},"categories":[40],"tags":[],"class_list":["post-39025","post","type-post","status-publish","format-standard","has-post-thumbnail","hentry","category-deportes"],"jetpack_featured_media_url":"https:\/\/radiorevelacionfm.cl\/wp-content\/uploads\/2024\/01\/img_7013-1_optimized.jpg","_links":{"self":[{"href":"https:\/\/radiorevelacionfm.cl\/index.php?rest_route=\/wp\/v2\/posts\/39025","targetHints":{"allow":["GET"]}}],"collection":[{"href":"https:\/\/radiorevelacionfm.cl\/index.php?rest_route=\/wp\/v2\/posts"}],"about":[{"href":"https:\/\/radiorevelacionfm.cl\/index.php?rest_route=\/wp\/v2\/types\/post"}],"author":[{"embeddable":true,"href":"https:\/\/radiorevelacionfm.cl\/index.php?rest_route=\/wp\/v2\/users\/1"}],"replies":[{"embeddable":true,"href":"https:\/\/radiorevelacionfm.cl\/index.php?rest_route=%2Fwp%2Fv2%2Fcomments&post=39025"}],"version-history":[{"count":1,"href":"https:\/\/radiorevelacionfm.cl\/index.php?rest_route=\/wp\/v2\/posts\/39025\/revisions"}],"predecessor-version":[{"id":39027,"href":"https:\/\/radiorevelacionfm.cl\/index.php?rest_route=\/wp\/v2\/posts\/39025\/revisions\/39027"}],"wp:featuredmedia":[{"embeddable":true,"href":"https:\/\/radiorevelacionfm.cl\/index.php?rest_route=\/wp\/v2\/media\/39026"}],"wp:attachment":[{"href":"https:\/\/radiorevelacionfm.cl\/index.php?rest_route=%2Fwp%2Fv2%2Fmedia&parent=39025"}],"wp:term":[{"taxonomy":"category","embeddable":true,"href":"https:\/\/radiorevelacionfm.cl\/index.php?rest_route=%2Fwp%2Fv2%2Fcategories&post=39025"},{"taxonomy":"post_tag","embeddable":true,"href":"https:\/\/radiorevelacionfm.cl\/index.php?rest_route=%2Fwp%2Fv2%2Ftags&post=39025"}],"curies":[{"name":"wp","href":"https:\/\/api.w.org\/{rel}","templated":true}]}}