{"id":39022,"date":"2024-01-19T16:35:01","date_gmt":"2024-01-19T19:35:01","guid":{"rendered":"https:\/\/radiorevelacionfm.cl\/?p=39022"},"modified":"2024-01-19T16:35:01","modified_gmt":"2024-01-19T19:35:01","slug":"entregan-maquinaria-forestal-en-comodato-a-productores-de-lena-al-interior-de-lago-ohiggins","status":"publish","type":"post","link":"https:\/\/radiorevelacionfm.cl\/?p=39022","title":{"rendered":"Entregan maquinaria forestal en comodato a productores de le\u00f1a al interior de Lago O&#8217;Higgins"},"content":{"rendered":"<div class=\"flex_column av_one_full  flex_column_div av-zero-column-padding first  avia-builder-el-0  el_before_av_one_full  avia-builder-el-first  \" style='border-radius:0px; '><div  class='avia-image-container  av-styling-    avia-builder-el-1  avia-builder-el-no-sibling  avia-align-center '  itemprop=\"image\" itemscope=\"itemscope\" itemtype=\"https:\/\/schema.org\/ImageObject\"  ><div class='avia-image-container-inner'><div class='avia-image-overlay-wrap'><img decoding=\"async\" class='wp-image-39023 avia-img-lazy-loading-not-39023 avia_image' src=\"https:\/\/radiorevelacionfm.cl\/wp-content\/uploads\/2024\/01\/2-60-1_optimized-1.jpeg\" alt='' title='2-(60)-(1)_optimized (1)' height=\"600\" width=\"800\"  itemprop=\"thumbnailUrl\" srcset=\"https:\/\/radiorevelacionfm.cl\/wp-content\/uploads\/2024\/01\/2-60-1_optimized-1.jpeg 800w, https:\/\/radiorevelacionfm.cl\/wp-content\/uploads\/2024\/01\/2-60-1_optimized-1-300x225.jpeg 300w, https:\/\/radiorevelacionfm.cl\/wp-content\/uploads\/2024\/01\/2-60-1_optimized-1-768x576.jpeg 768w, https:\/\/radiorevelacionfm.cl\/wp-content\/uploads\/2024\/01\/2-60-1_optimized-1-705x529.jpeg 705w, https:\/\/radiorevelacionfm.cl\/wp-content\/uploads\/2024\/01\/2-60-1_optimized-1-450x338.jpeg 450w, https:\/\/radiorevelacionfm.cl\/wp-content\/uploads\/2024\/01\/2-60-1_optimized-1-600x450.jpeg 600w\" sizes=\"(max-width: 800px) 100vw, 800px\" \/><\/div><\/div><\/div><\/div><div class=\"flex_column av_one_full  flex_column_div av-zero-column-padding first  avia-builder-el-2  el_after_av_one_full  el_before_av_one_full  column-top-margin\" style='border-radius:0px; '><section class=\"av_textblock_section \"  itemscope=\"itemscope\" itemtype=\"https:\/\/schema.org\/BlogPosting\" itemprop=\"blogPost\" ><div class='avia_textblock  '   itemprop=\"text\" ><p style=\"text-align: center;\"><strong><span style=\"font-size: 18pt;\">Entregan maquinaria forestal en comodato a productores de le\u00f1a al interior de Lago O&#8217;Higgins<\/span><\/strong><\/p>\n<div id=\"gtx-trans\" style=\"position: absolute; left: -50px; top: 4.31534px;\">\n<div class=\"gtx-trans-icon\"><\/div>\n<\/div>\n<\/div><\/section><\/div><div class=\"flex_column av_one_full  flex_column_div av-zero-column-padding first  avia-builder-el-4  el_after_av_one_full  el_before_av_hr  column-top-margin\" style='border-radius:0px; '><section class=\"av_textblock_section \"  itemscope=\"itemscope\" itemtype=\"https:\/\/schema.org\/BlogPosting\" itemprop=\"blogPost\" ><div class='avia_textblock  '   itemprop=\"text\" ><p style=\"text-align: justify;\"><em>Iniciativa desarrollada por el organismo dependiente del Ministerio de Agricultura en su sede Patagonia beneficiar\u00e1 a 40 le\u00f1eros.<\/em><\/p>\n<p style=\"text-align: justify;\">En el marco de la Pol\u00edtica Nacional para Zonas Rezagadas, que busca impulsar el desarrollo social y econ\u00f3mico en territorios a fin de disminuir brechas, el Instituto Forestal (INFOR), a trav\u00e9s del Programa del Fondo Nacional de Desarrollo Regional (FNDR) Silv\u00edcola Capit\u00e1n Prat, ha logrado materializar la entrega de maquinaria partidora y picadora de le\u00f1a a 40 productores beneficiarios de la Provincia Capit\u00e1n Prat.<\/p>\n<p style=\"text-align: justify;\">El despliegue log\u00edstico se llev\u00f3 a cabo en el sector de Candelario Mancilla, ubicado en la ribera sur del Lago O&#8217;Higgins, donde se realiz\u00f3 el traslado de las m\u00e1quinas destinadas a la producci\u00f3n de le\u00f1a en formato metro, en acci\u00f3n coordinada entre INFOR con la Ilustre Municipalidad de Villa O\u00b4Higgins y su equipo SECPLAN, que permiti\u00f3 por primera vez la entrega de este importante insumo en esta zona aislada de la regi\u00f3n de Ays\u00e9n.<\/p>\n<p style=\"text-align: justify;\">En ese contexto, el gerente de INFOR Sede Patagonia, Jaime Salinas, explic\u00f3 que \u00abeste plan de rezago es una herramienta para gestionar territorios con dificultades \u00fanicas, promoviendo la inversi\u00f3n del Estado y el desarrollo productivo en \u00e1reas que enfrentan aislamiento geogr\u00e1fico\u00bb.<\/p>\n<p style=\"text-align: justify;\">\u00abAgradecemos al Gobierno Regional de Ays\u00e9n y su consejo el apoyo financiero de esta iniciativa que viene a tecnificar el sector forestal, mejorando los procesos para profesionalizar el rubro le\u00f1ero en nuestra regi\u00f3n\u00bb, agreg\u00f3 Salinas.<\/p>\n<p style=\"text-align: justify;\">Uno de los productores beneficiarios del Programa Silv\u00edcola Capit\u00e1n Prat fue Ricardo Levic\u00e1n Mancilla quien, adem\u00e1s de adquirir esta importante herramienta, tambi\u00e9n cont\u00f3 con el apoyo t\u00e9cnico de INFOR mediante la inducci\u00f3n realizada por profesionales de la instituci\u00f3n los cuales lo capacitaron para correcto uso.<\/p>\n<p style=\"text-align: justify;\">\u00abPrimero, agradecer el poder contar con esta maquinaria; vamos a integrarla a nuestros trabajos diarios y compartir\u00e1 tiempo con el turismo que es fuerte en este momento y la producci\u00f3n de le\u00f1a para venta\u00bb, dijo el productor al destacar la importancia de la maquinaria picadora y trozadora de origen alem\u00e1n, que se integrar\u00e1 a sus labores silv\u00edcolas.<\/p>\n<p style=\"text-align: justify;\">Cabe recordar que, en virtud de los lineamientos del Ministerio de Agricultura, INFOR seguir\u00e1 fomentando el desarrollo sostenible, apoyando la innovaci\u00f3n, el desarrollo y la transferencia tecnol\u00f3gica, contribuyendo as\u00ed a reducir las brechas territoriales.<\/p>\n<\/div><\/section><\/div><div  style='height:50px' class='hr hr-invisible   avia-builder-el-6  el_after_av_one_full  el_before_av_social_share '><span class='hr-inner ' ><span class='hr-inner-style'><\/span><\/span><\/div><\/p>\n<div  class='av-social-sharing-box  avia-builder-el-7  el_after_av_hr  el_before_av_hr  '><div class='av-share-box'><h5 class='av-share-link-description av-no-toc '>Compartir esta noticia<\/h5><ul class='av-share-box-list noLightbox'><li class='av-share-link av-social-link-facebook' ><a target=\"_blank\" aria-label=\"Compartir en Facebook\" href='https:\/\/www.facebook.com\/sharer.php?u=https:\/\/radiorevelacionfm.cl\/?p=39022&#038;t=Entregan%20maquinaria%20forestal%20en%20comodato%20a%20productores%20de%20le%C3%B1a%20al%20interior%20de%20Lago%20O%E2%80%99Higgins' aria-hidden='false' data-av_icon='\ue8f3' data-av_iconfont='entypo-fontello' title='' data-avia-related-tooltip='Compartir en Facebook' rel=\"noopener\"><span class='avia_hidden_link_text'>Compartir en Facebook<\/span><\/a><\/li><li class='av-share-link av-social-link-twitter' ><a target=\"_blank\" aria-label=\"Compartir en Twitter\" href='https:\/\/twitter.com\/share?text=Entregan%20maquinaria%20forestal%20en%20comodato%20a%20productores%20de%20le%C3%B1a%20al%20interior%20de%20Lago%20O%E2%80%99Higgins&#038;url=https:\/\/radiorevelacionfm.cl\/?p=39022' aria-hidden='false' data-av_icon='\ue8f1' data-av_iconfont='entypo-fontello' title='' data-avia-related-tooltip='Compartir en Twitter' rel=\"noopener\"><span class='avia_hidden_link_text'>Compartir en Twitter<\/span><\/a><\/li><li class='av-share-link av-social-link-whatsapp' ><a target=\"_blank\" aria-label=\"Compartir en Whatsapp\" href='https:\/\/api.whatsapp.com\/send?text=https:\/\/radiorevelacionfm.cl\/?p=39022' aria-hidden='false' data-av_icon='\uf232' data-av_iconfont='entypo-fontello' title='' data-avia-related-tooltip='Compartir en Whatsapp' rel=\"noopener\"><span class='avia_hidden_link_text'>Compartir en Whatsapp<\/span><\/a><\/li><li class='av-share-link av-social-link-linkedin' ><a target=\"_blank\" aria-label=\"Compartir en LinkedIn\" href='https:\/\/linkedin.com\/shareArticle?mini=true&#038;title=Entregan%20maquinaria%20forestal%20en%20comodato%20a%20productores%20de%20le%C3%B1a%20al%20interior%20de%20Lago%20O%E2%80%99Higgins&#038;url=https:\/\/radiorevelacionfm.cl\/?p=39022' aria-hidden='false' data-av_icon='\ue8fc' data-av_iconfont='entypo-fontello' title='' data-avia-related-tooltip='Compartir en LinkedIn' rel=\"noopener\"><span class='avia_hidden_link_text'>Compartir en LinkedIn<\/span><\/a><\/li><li class='av-share-link av-social-link-mail' ><a  aria-label=\"Compartir por correo\" href='mailto:?subject=Entregan%20maquinaria%20forestal%20en%20comodato%20a%20productores%20de%20le%C3%B1a%20al%20interior%20de%20Lago%20O%E2%80%99Higgins&#038;body=https:\/\/radiorevelacionfm.cl\/?p=39022' aria-hidden='false' data-av_icon='\ue805' data-av_iconfont='entypo-fontello' title='' data-avia-related-tooltip='Compartir por correo'><span class='avia_hidden_link_text'>Compartir por correo<\/span><\/a><\/li><\/ul><\/div><\/div>\n<div  style='height:50px' class='hr hr-invisible   avia-builder-el-8  el_after_av_social_share  el_before_av_comments_list '><span class='hr-inner ' ><span class='hr-inner-style'><\/span><\/span><\/div>\n<div  class='av-buildercomment  av-blog-meta-html-info-disabled av-blog-meta-tag-disabled  '><\/div>\n","protected":false},"excerpt":{"rendered":"","protected":false},"author":1,"featured_media":39023,"comment_status":"open","ping_status":"open","sticky":false,"template":"","format":"standard","meta":{"footnotes":""},"categories":[38],"tags":[],"class_list":["post-39022","post","type-post","status-publish","format-standard","has-post-thumbnail","hentry","category-regional"],"jetpack_featured_media_url":"https:\/\/radiorevelacionfm.cl\/wp-content\/uploads\/2024\/01\/2-60-1_optimized-1.jpeg","_links":{"self":[{"href":"https:\/\/radiorevelacionfm.cl\/index.php?rest_route=\/wp\/v2\/posts\/39022","targetHints":{"allow":["GET"]}}],"collection":[{"href":"https:\/\/radiorevelacionfm.cl\/index.php?rest_route=\/wp\/v2\/posts"}],"about":[{"href":"https:\/\/radiorevelacionfm.cl\/index.php?rest_route=\/wp\/v2\/types\/post"}],"author":[{"embeddable":true,"href":"https:\/\/radiorevelacionfm.cl\/index.php?rest_route=\/wp\/v2\/users\/1"}],"replies":[{"embeddable":true,"href":"https:\/\/radiorevelacionfm.cl\/index.php?rest_route=%2Fwp%2Fv2%2Fcomments&post=39022"}],"version-history":[{"count":1,"href":"https:\/\/radiorevelacionfm.cl\/index.php?rest_route=\/wp\/v2\/posts\/39022\/revisions"}],"predecessor-version":[{"id":39024,"href":"https:\/\/radiorevelacionfm.cl\/index.php?rest_route=\/wp\/v2\/posts\/39022\/revisions\/39024"}],"wp:featuredmedia":[{"embeddable":true,"href":"https:\/\/radiorevelacionfm.cl\/index.php?rest_route=\/wp\/v2\/media\/39023"}],"wp:attachment":[{"href":"https:\/\/radiorevelacionfm.cl\/index.php?rest_route=%2Fwp%2Fv2%2Fmedia&parent=39022"}],"wp:term":[{"taxonomy":"category","embeddable":true,"href":"https:\/\/radiorevelacionfm.cl\/index.php?rest_route=%2Fwp%2Fv2%2Fcategories&post=39022"},{"taxonomy":"post_tag","embeddable":true,"href":"https:\/\/radiorevelacionfm.cl\/index.php?rest_route=%2Fwp%2Fv2%2Ftags&post=39022"}],"curies":[{"name":"wp","href":"https:\/\/api.w.org\/{rel}","templated":true}]}}