{"id":3902,"date":"2021-05-07T17:19:03","date_gmt":"2021-05-07T20:19:03","guid":{"rendered":"https:\/\/radiorevelacionfm.cl\/?p=3902"},"modified":"2021-05-07T17:19:03","modified_gmt":"2021-05-07T20:19:03","slug":"lanzan-campeonato-interescolar-en-puerto-aysen-como-parte-del-plan-elige-vivir-sin-drogas","status":"publish","type":"post","link":"https:\/\/radiorevelacionfm.cl\/?p=3902","title":{"rendered":"Lanzan campeonato interescolar en Puerto Ays\u00e9n como parte del Plan Elige Vivir Sin Drogas"},"content":{"rendered":"<div class=\"flex_column av_one_full  flex_column_div av-zero-column-padding first  avia-builder-el-0  el_before_av_one_full  avia-builder-el-first  \" style='border-radius:0px; '><div  class='avia-image-container  av-styling-    avia-builder-el-1  avia-builder-el-no-sibling  avia-align-center '  itemprop=\"image\" itemscope=\"itemscope\" itemtype=\"https:\/\/schema.org\/ImageObject\"  ><div class='avia-image-container-inner'><div class='avia-image-overlay-wrap'><img decoding=\"async\" class='wp-image-0 avia-img-lazy-loading-not-0 avia_image' src=\"https:\/\/radiorevelacionfm.cl\/wp-content\/uploads\/2021\/05\/1-331.jpg\" alt='' title=''   itemprop=\"thumbnailUrl\"  \/><\/div><\/div><\/div><\/div><div class=\"flex_column av_one_full  flex_column_div av-zero-column-padding first  avia-builder-el-2  el_after_av_one_full  el_before_av_one_full  column-top-margin\" style='border-radius:0px; '><section class=\"av_textblock_section \"  itemscope=\"itemscope\" itemtype=\"https:\/\/schema.org\/BlogPosting\" itemprop=\"blogPost\" ><div class='avia_textblock  '   itemprop=\"text\" ><p style=\"text-align: center;\"><strong><span style=\"font-size: 18pt;\">Lanzan campeonato interescolar en Puerto Ays\u00e9n como parte del Plan Elige Vivir Sin Drogas<\/span><\/strong><\/p>\n<div id=\"gtx-trans\" style=\"position: absolute; left: -50px; top: 4.31534px;\">\n<div class=\"gtx-trans-icon\"><\/div>\n<\/div>\n<\/div><\/section><\/div><div class=\"flex_column av_one_full  flex_column_div av-zero-column-padding first  avia-builder-el-4  el_after_av_one_full  el_before_av_hr  column-top-margin\" style='border-radius:0px; '><section class=\"av_textblock_section \"  itemscope=\"itemscope\" itemtype=\"https:\/\/schema.org\/BlogPosting\" itemprop=\"blogPost\" ><div class='avia_textblock  '   itemprop=\"text\" ><p style=\"text-align: justify;\">Este lunes, como parte de su visita a la regi\u00f3n de Ays\u00e9n el Director Nacional del SENDA, Sr. Carlos Charme Fuentes en compa\u00f1\u00eda de la Alcaldesa (S) de la Ilustre Municipalidad de Ays\u00e9n Felisa Ojeda, la Directora Regional del SENDA Annie Katherine Hunter y el equipo del SENDA Previene en la comunidad del Municipio, dio el vamos al Campeonato Interescolar de Lanzamiento de Triples de Basquetbol de la comuna de Ays\u00e9n, como una de las iniciativas que se llevaran a cabo en la comuna como parte integrante del Plan Comunal de Prevenci\u00f3n del consumo de Alcohol y otras Drogas del Elige Vivir Sin Drogas.<\/p>\n<p style=\"text-align: justify;\">Considerando la importancia de la pr\u00e1ctica del Deporte en el pilar Tiempo Libre del Plan Elige Vivir Sin Drogas, el SENDA Previene en la Comunidad de Ays\u00e9n planifico llevar a cabo este interescolar desde Mayo a diciembre del a\u00f1o en curso, destinando el mes de mayo para que la totalidad de establecimientos educacionales de la comuna de Ays\u00e9n inscriban a los alumnos interesados, considerando que el inicio efectivo de la instancia deportiva, est\u00e1 contemplado para el mes de Junio, Mes de la Prevenci\u00f3n del Consumo de Drogas.<\/p>\n<p style=\"text-align: justify;\">Generar espacios recreativos y promover el buen uso del tiempo libre evitando el consumo de alcohol y drogas en ni\u00f1os, ni\u00f1as y adolescentes, es un objetivo del Campeonato de Basquetbol, como parte de la implementaci\u00f3n del Plan Nacional \u201cElige Vivir Sin Drogas\u201d, impulsado por el Presidente Sebasti\u00e1n Pi\u00f1era, que busca disminuir los factores de riesgo y aumentar los factores protectores en ni\u00f1os, ni\u00f1as y adolescentes, frente al consumo de Drogas.<\/p>\n<p style=\"text-align: justify;\">Consultada sobre el Lanzamiento, la Directora Regional de SENDA Ays\u00e9n indico: \u201cpara nosotros como equipo regional y as\u00ed tambi\u00e9n para el equipo comunal del SENDA Previene, es important\u00edsimo que el vamos lo haya podido realizar nuestro\u00a0 Director Nacional Carlos Charme junto a la Alcaldesa (S) Felisa Ojeda, porque es muestra del apoyo a esta iniciativa que esperamos nos permita dar una oportunidad de uso saludable del tiempo libre a los ni\u00f1os, ni\u00f1as y adolescentes de la comuna, aumentando factores protectores frente al consumo de sustancias y, tambi\u00e9n es oportunidad para la poblaci\u00f3n infanto adolescente de la comuna de Coyhaique ya que la iniciativa ser\u00e1 replicada en la capital regional, para que al finalizar el a\u00f1o podamos realizar un campeonato intercomunal\u201d.<\/p>\n<p style=\"text-align: justify;\">La jornada del campeonato contar\u00e1 con el apoyo de Corporaci\u00f3n Municipal de Deportes de Ays\u00e9n, Senda Ays\u00e9n y se desarrollar\u00e1 en el Polideportivo 21 de Abril y para mayor informaci\u00f3n las consultas deben dirigirse a las oficinas del SENDA Previene en la Comunidad del Municipio en las oficinas de DIDECO.<\/p>\n<\/div><\/section><\/div><div  style='height:50px' class='hr hr-invisible   avia-builder-el-6  el_after_av_one_full  el_before_av_social_share '><span class='hr-inner ' ><span class='hr-inner-style'><\/span><\/span><\/div><\/p>\n<div  class='av-social-sharing-box  avia-builder-el-7  el_after_av_hr  el_before_av_hr  '><div class='av-share-box'><h5 class='av-share-link-description av-no-toc '>Compartir esta noticia<\/h5><ul class='av-share-box-list noLightbox'><li class='av-share-link av-social-link-facebook' ><a target=\"_blank\" aria-label=\"Compartir en Facebook\" href='https:\/\/www.facebook.com\/sharer.php?u=https:\/\/radiorevelacionfm.cl\/?p=3902&#038;t=Lanzan%20campeonato%20interescolar%20en%20Puerto%20Ays%C3%A9n%20como%20parte%20del%20Plan%20Elige%20Vivir%20Sin%20Drogas' aria-hidden='false' data-av_icon='\ue8f3' data-av_iconfont='entypo-fontello' title='' data-avia-related-tooltip='Compartir en Facebook' rel=\"noopener\"><span class='avia_hidden_link_text'>Compartir en Facebook<\/span><\/a><\/li><li class='av-share-link av-social-link-twitter' ><a target=\"_blank\" aria-label=\"Compartir en Twitter\" href='https:\/\/twitter.com\/share?text=Lanzan%20campeonato%20interescolar%20en%20Puerto%20Ays%C3%A9n%20como%20parte%20del%20Plan%20Elige%20Vivir%20Sin%20Drogas&#038;url=https:\/\/radiorevelacionfm.cl\/?p=3902' aria-hidden='false' data-av_icon='\ue8f1' data-av_iconfont='entypo-fontello' title='' data-avia-related-tooltip='Compartir en Twitter' rel=\"noopener\"><span class='avia_hidden_link_text'>Compartir en Twitter<\/span><\/a><\/li><li class='av-share-link av-social-link-whatsapp' ><a target=\"_blank\" aria-label=\"Compartir en Whatsapp\" href='https:\/\/api.whatsapp.com\/send?text=https:\/\/radiorevelacionfm.cl\/?p=3902' aria-hidden='false' data-av_icon='\uf232' data-av_iconfont='entypo-fontello' title='' data-avia-related-tooltip='Compartir en Whatsapp' rel=\"noopener\"><span class='avia_hidden_link_text'>Compartir en Whatsapp<\/span><\/a><\/li><li class='av-share-link av-social-link-linkedin' ><a target=\"_blank\" aria-label=\"Compartir en LinkedIn\" href='https:\/\/linkedin.com\/shareArticle?mini=true&#038;title=Lanzan%20campeonato%20interescolar%20en%20Puerto%20Ays%C3%A9n%20como%20parte%20del%20Plan%20Elige%20Vivir%20Sin%20Drogas&#038;url=https:\/\/radiorevelacionfm.cl\/?p=3902' aria-hidden='false' data-av_icon='\ue8fc' data-av_iconfont='entypo-fontello' title='' data-avia-related-tooltip='Compartir en LinkedIn' rel=\"noopener\"><span class='avia_hidden_link_text'>Compartir en LinkedIn<\/span><\/a><\/li><li class='av-share-link av-social-link-mail' ><a  aria-label=\"Compartir por correo\" href='mailto:?subject=Lanzan%20campeonato%20interescolar%20en%20Puerto%20Ays%C3%A9n%20como%20parte%20del%20Plan%20Elige%20Vivir%20Sin%20Drogas&#038;body=https:\/\/radiorevelacionfm.cl\/?p=3902' aria-hidden='false' data-av_icon='\ue805' data-av_iconfont='entypo-fontello' title='' data-avia-related-tooltip='Compartir por correo'><span class='avia_hidden_link_text'>Compartir por correo<\/span><\/a><\/li><\/ul><\/div><\/div>\n<div  style='height:50px' class='hr hr-invisible   avia-builder-el-8  el_after_av_social_share  el_before_av_comments_list '><span class='hr-inner ' ><span class='hr-inner-style'><\/span><\/span><\/div>\n<div  class='av-buildercomment  av-blog-meta-html-info-disabled av-blog-meta-tag-disabled  '><\/div>\n","protected":false},"excerpt":{"rendered":"","protected":false},"author":1,"featured_media":0,"comment_status":"open","ping_status":"open","sticky":false,"template":"","format":"standard","meta":{"footnotes":""},"categories":[38],"tags":[],"class_list":["post-3902","post","type-post","status-publish","format-standard","hentry","category-regional"],"jetpack_featured_media_url":"","_links":{"self":[{"href":"https:\/\/radiorevelacionfm.cl\/index.php?rest_route=\/wp\/v2\/posts\/3902","targetHints":{"allow":["GET"]}}],"collection":[{"href":"https:\/\/radiorevelacionfm.cl\/index.php?rest_route=\/wp\/v2\/posts"}],"about":[{"href":"https:\/\/radiorevelacionfm.cl\/index.php?rest_route=\/wp\/v2\/types\/post"}],"author":[{"embeddable":true,"href":"https:\/\/radiorevelacionfm.cl\/index.php?rest_route=\/wp\/v2\/users\/1"}],"replies":[{"embeddable":true,"href":"https:\/\/radiorevelacionfm.cl\/index.php?rest_route=%2Fwp%2Fv2%2Fcomments&post=3902"}],"version-history":[{"count":1,"href":"https:\/\/radiorevelacionfm.cl\/index.php?rest_route=\/wp\/v2\/posts\/3902\/revisions"}],"predecessor-version":[{"id":3904,"href":"https:\/\/radiorevelacionfm.cl\/index.php?rest_route=\/wp\/v2\/posts\/3902\/revisions\/3904"}],"wp:attachment":[{"href":"https:\/\/radiorevelacionfm.cl\/index.php?rest_route=%2Fwp%2Fv2%2Fmedia&parent=3902"}],"wp:term":[{"taxonomy":"category","embeddable":true,"href":"https:\/\/radiorevelacionfm.cl\/index.php?rest_route=%2Fwp%2Fv2%2Fcategories&post=3902"},{"taxonomy":"post_tag","embeddable":true,"href":"https:\/\/radiorevelacionfm.cl\/index.php?rest_route=%2Fwp%2Fv2%2Ftags&post=3902"}],"curies":[{"name":"wp","href":"https:\/\/api.w.org\/{rel}","templated":true}]}}