{"id":39019,"date":"2024-01-19T19:08:52","date_gmt":"2024-01-19T22:08:52","guid":{"rendered":"https:\/\/radiorevelacionfm.cl\/?p=39019"},"modified":"2024-01-19T19:08:52","modified_gmt":"2024-01-19T22:08:52","slug":"coyhaique-fiscalia-logra-condena-de-19-anos-de-carcel-para-coautor-de-homicidio-por-lucha-de-bandas-rivales-dedicadas-al-trafico-de-drogas","status":"publish","type":"post","link":"https:\/\/radiorevelacionfm.cl\/?p=39019","title":{"rendered":"Coyhaique: Fiscal\u00eda logra condena de 19 a\u00f1os de c\u00e1rcel para coautor de homicidio por lucha de bandas rivales dedicadas al tr\u00e1fico de drogas"},"content":{"rendered":"<div class=\"flex_column av_one_full  flex_column_div av-zero-column-padding first  avia-builder-el-0  el_before_av_one_full  avia-builder-el-first  \" style='border-radius:0px; '><div  class='avia-image-container  av-styling-    avia-builder-el-1  avia-builder-el-no-sibling  avia-align-center '  itemprop=\"image\" itemscope=\"itemscope\" itemtype=\"https:\/\/schema.org\/ImageObject\"  ><div class='avia-image-container-inner'><div class='avia-image-overlay-wrap'><img decoding=\"async\" class='wp-image-39020 avia-img-lazy-loading-not-39020 avia_image' src=\"https:\/\/radiorevelacionfm.cl\/wp-content\/uploads\/2024\/01\/Juicio-1-1.jpg\" alt='' title='Juicio (1) (1)' height=\"600\" width=\"800\"  itemprop=\"thumbnailUrl\" srcset=\"https:\/\/radiorevelacionfm.cl\/wp-content\/uploads\/2024\/01\/Juicio-1-1.jpg 800w, https:\/\/radiorevelacionfm.cl\/wp-content\/uploads\/2024\/01\/Juicio-1-1-300x225.jpg 300w, https:\/\/radiorevelacionfm.cl\/wp-content\/uploads\/2024\/01\/Juicio-1-1-768x576.jpg 768w, https:\/\/radiorevelacionfm.cl\/wp-content\/uploads\/2024\/01\/Juicio-1-1-705x529.jpg 705w, https:\/\/radiorevelacionfm.cl\/wp-content\/uploads\/2024\/01\/Juicio-1-1-450x338.jpg 450w, https:\/\/radiorevelacionfm.cl\/wp-content\/uploads\/2024\/01\/Juicio-1-1-600x450.jpg 600w\" sizes=\"(max-width: 800px) 100vw, 800px\" \/><\/div><\/div><\/div><\/div>\n<div class=\"flex_column av_one_full  flex_column_div av-zero-column-padding first  avia-builder-el-2  el_after_av_one_full  el_before_av_one_full  column-top-margin\" style='border-radius:0px; '><section class=\"av_textblock_section \"  itemscope=\"itemscope\" itemtype=\"https:\/\/schema.org\/BlogPosting\" itemprop=\"blogPost\" ><div class='avia_textblock  '   itemprop=\"text\" ><p style=\"text-align: center;\"><strong><span style=\"font-size: 18pt;\">Coyhaique: Fiscal\u00eda logra condena de 19 a\u00f1os de c\u00e1rcel para coautor de homicidio por lucha de bandas rivales dedicadas al tr\u00e1fico de drogas\u00a0<\/span><\/strong><\/p>\n<div id=\"gtx-trans\" style=\"position: absolute; left: -50px; top: 4.31534px;\">\n<div class=\"gtx-trans-icon\"><\/div>\n<\/div>\n<\/div><\/section><\/div><div class=\"flex_column av_one_full  flex_column_div av-zero-column-padding first  avia-builder-el-4  el_after_av_one_full  el_before_av_hr  column-top-margin\" style='border-radius:0px; '><section class=\"av_textblock_section \"  itemscope=\"itemscope\" itemtype=\"https:\/\/schema.org\/BlogPosting\" itemprop=\"blogPost\" ><div class='avia_textblock  '   itemprop=\"text\" ><p style=\"font-weight: 400; text-align: justify;\"><em>Adem\u00e1s, el Ministerio P\u00fablico logr\u00f3 probar los delitos de tr\u00e1fico y microtr\u00e1fico de drogas, donde hay un segundo sujeto que tambi\u00e9n fue condenado.\u00a0<\/em><\/p>\n<p style=\"font-weight: 400; text-align: justify;\">La Fiscal\u00eda de Coyhaique logr\u00f3 una pena de 19 a\u00f1os de c\u00e1rcel para un imputado de 23 a\u00f1os, como coautor del delito de homicidio y adem\u00e1s como autor de tr\u00e1fico de estupefacientes, en el marco de una investigaci\u00f3n por crimen organizado en la Regi\u00f3n de Ays\u00e9n. Un segundo imputado, tambi\u00e9n de 23 a\u00f1os, fue sentenciado a una sumatoria de 9 a\u00f1os y un d\u00eda de presidio por los delitos de tr\u00e1fico y microtr\u00e1fico de drogas.<\/p>\n<p style=\"font-weight: 400; text-align: justify;\">El fiscal Alex Olivero N\u00fa\u00f1ez, quien compareci\u00f3 al juicio oral, explic\u00f3 que en estos casos el Ministerio P\u00fablico solicit\u00f3 diligencias investigativas a la Brigada de Homicidios y la Brigada Antinarc\u00f3ticos y Contra el Crimen Organizado de la PDI, adem\u00e1s de pericias a profesionales del Servicio M\u00e9dico Legal. En las primeras diligencias del caso de homicidio tambi\u00e9n particip\u00f3 Carabineros de la Primera Comisar\u00eda.<\/p>\n<p style=\"font-weight: 400; text-align: justify;\">HECHOS<\/p>\n<p style=\"font-weight: 400; text-align: justify;\">De acuerdo a lo acreditado por el Tribunal de Juicio Oral en Lo Penal, en base a las pruebas exhibidas por la Fiscal\u00eda, el 29 de enero de 2023 en horas de la madrugada, el acusado como coautor de homicidio conduc\u00eda un autom\u00f3vil, llegando a un servicentro ubicado en Avenida Ogana. En dicho momento, un pasajero del asiento trasero, quien actualmente est\u00e1 en prisi\u00f3n preventiva a la espera de la realizaci\u00f3n de un juicio oral en su contra junto a otros imputados, percut\u00f3 4 disparos aproximadamente, hiriendo a la v\u00edctima quien falleci\u00f3 a consecuencia de este ataque.<\/p>\n<p style=\"font-weight: 400; text-align: justify;\">Luego, el 13 de marzo 2023, en horas de la noche, en un inmueble de calle Err\u00e1zuriz, tanto el acusado de homicidio como un segundo imputado, fueron sorprendidos manteniendo en su poder 2,036 kilos de coca\u00edna, 126 gramos de ketamina, tres millones de pesos en dinero efectivo, tres balanzas digitales y 8 comprimidos de clonazepam, por lo que fueron detenidos por la PDI por tr\u00e1fico de drogas.<\/p>\n<p style=\"font-weight: 400; text-align: justify;\">En un tercer hecho, el 14 de mayo de 2023 en horas de la ma\u00f1ana, encontr\u00e1ndose el segundo imputado en el Complejo Penitenciario de Coyhaique, fue sorprendido en un doble fondo de su ropa interior, con dos envoltorios que conten\u00edan 40 comprimidos y 0,74 gramos de clonazepam, por lo que fue condenado por tr\u00e1fico en peque\u00f1as cantidades. En todos estos casos, la investigaci\u00f3n fue dirigida por la Unidad de Drogas del Ministerio P\u00fablico y los fiscales Mar\u00eda In\u00e9s N\u00fa\u00f1ez y Jos\u00e9 Moris Ferrando.<\/p>\n<p style=\"font-weight: 400; text-align: justify;\">La principal autoridad del Ministerio P\u00fablico en Ays\u00e9n, el Fiscal Regional, Carlos Palma, ha se\u00f1alado p\u00fablicamente que el Ministerio P\u00fablico ser\u00e1 implacable en la lucha contra el crimen organizado y que con el apoyo de ambas polic\u00edas y la propia comunidad, continuar\u00e1n investigando para desbaratar a los grupos dedicados al tr\u00e1fico de drogas y delitos relacionados, en esta zona del pa\u00eds.<\/p>\n<\/div><\/section><\/div><\/p>\n<div  style='height:50px' class='hr hr-invisible   avia-builder-el-6  el_after_av_one_full  el_before_av_social_share '><span class='hr-inner ' ><span class='hr-inner-style'><\/span><\/span><\/div>\n<div  class='av-social-sharing-box  avia-builder-el-7  el_after_av_hr  el_before_av_hr  '><div class='av-share-box'><h5 class='av-share-link-description av-no-toc '>Compartir esta noticia<\/h5><ul class='av-share-box-list noLightbox'><li class='av-share-link av-social-link-facebook' ><a target=\"_blank\" aria-label=\"Compartir en Facebook\" href='https:\/\/www.facebook.com\/sharer.php?u=https:\/\/radiorevelacionfm.cl\/?p=39019&#038;t=Coyhaique%3A%20Fiscal%C3%ADa%20logra%20condena%20de%2019%20a%C3%B1os%20de%20c%C3%A1rcel%20para%20coautor%20de%20homicidio%20por%20lucha%20de%20bandas%20rivales%20dedicadas%20al%20tr%C3%A1fico%20de%20drogas' aria-hidden='false' data-av_icon='\ue8f3' data-av_iconfont='entypo-fontello' title='' data-avia-related-tooltip='Compartir en Facebook' rel=\"noopener\"><span class='avia_hidden_link_text'>Compartir en Facebook<\/span><\/a><\/li><li class='av-share-link av-social-link-twitter' ><a target=\"_blank\" aria-label=\"Compartir en Twitter\" href='https:\/\/twitter.com\/share?text=Coyhaique%3A%20Fiscal%C3%ADa%20logra%20condena%20de%2019%20a%C3%B1os%20de%20c%C3%A1rcel%20para%20coautor%20de%20homicidio%20por%20lucha%20de%20bandas%20rivales%20dedicadas%20al%20tr%C3%A1fico%20de%20drogas&#038;url=https:\/\/radiorevelacionfm.cl\/?p=39019' aria-hidden='false' data-av_icon='\ue8f1' data-av_iconfont='entypo-fontello' title='' data-avia-related-tooltip='Compartir en Twitter' rel=\"noopener\"><span class='avia_hidden_link_text'>Compartir en Twitter<\/span><\/a><\/li><li class='av-share-link av-social-link-whatsapp' ><a target=\"_blank\" aria-label=\"Compartir en Whatsapp\" href='https:\/\/api.whatsapp.com\/send?text=https:\/\/radiorevelacionfm.cl\/?p=39019' aria-hidden='false' data-av_icon='\uf232' data-av_iconfont='entypo-fontello' title='' data-avia-related-tooltip='Compartir en Whatsapp' rel=\"noopener\"><span class='avia_hidden_link_text'>Compartir en Whatsapp<\/span><\/a><\/li><li class='av-share-link av-social-link-linkedin' ><a target=\"_blank\" aria-label=\"Compartir en LinkedIn\" href='https:\/\/linkedin.com\/shareArticle?mini=true&#038;title=Coyhaique%3A%20Fiscal%C3%ADa%20logra%20condena%20de%2019%20a%C3%B1os%20de%20c%C3%A1rcel%20para%20coautor%20de%20homicidio%20por%20lucha%20de%20bandas%20rivales%20dedicadas%20al%20tr%C3%A1fico%20de%20drogas&#038;url=https:\/\/radiorevelacionfm.cl\/?p=39019' aria-hidden='false' data-av_icon='\ue8fc' data-av_iconfont='entypo-fontello' title='' data-avia-related-tooltip='Compartir en LinkedIn' rel=\"noopener\"><span class='avia_hidden_link_text'>Compartir en LinkedIn<\/span><\/a><\/li><li class='av-share-link av-social-link-mail' ><a  aria-label=\"Compartir por correo\" href='mailto:?subject=Coyhaique%3A%20Fiscal%C3%ADa%20logra%20condena%20de%2019%20a%C3%B1os%20de%20c%C3%A1rcel%20para%20coautor%20de%20homicidio%20por%20lucha%20de%20bandas%20rivales%20dedicadas%20al%20tr%C3%A1fico%20de%20drogas&#038;body=https:\/\/radiorevelacionfm.cl\/?p=39019' aria-hidden='false' data-av_icon='\ue805' data-av_iconfont='entypo-fontello' title='' data-avia-related-tooltip='Compartir por correo'><span class='avia_hidden_link_text'>Compartir por correo<\/span><\/a><\/li><\/ul><\/div><\/div>\n<div  style='height:50px' class='hr hr-invisible   avia-builder-el-8  el_after_av_social_share  el_before_av_comments_list '><span class='hr-inner ' ><span class='hr-inner-style'><\/span><\/span><\/div>\n<div  class='av-buildercomment  av-blog-meta-html-info-disabled av-blog-meta-tag-disabled  '><\/div>\n","protected":false},"excerpt":{"rendered":"","protected":false},"author":1,"featured_media":39020,"comment_status":"open","ping_status":"open","sticky":false,"template":"","format":"standard","meta":{"footnotes":""},"categories":[55],"tags":[],"class_list":["post-39019","post","type-post","status-publish","format-standard","has-post-thumbnail","hentry","category-justicia"],"jetpack_featured_media_url":"https:\/\/radiorevelacionfm.cl\/wp-content\/uploads\/2024\/01\/Juicio-1-1.jpg","_links":{"self":[{"href":"https:\/\/radiorevelacionfm.cl\/index.php?rest_route=\/wp\/v2\/posts\/39019","targetHints":{"allow":["GET"]}}],"collection":[{"href":"https:\/\/radiorevelacionfm.cl\/index.php?rest_route=\/wp\/v2\/posts"}],"about":[{"href":"https:\/\/radiorevelacionfm.cl\/index.php?rest_route=\/wp\/v2\/types\/post"}],"author":[{"embeddable":true,"href":"https:\/\/radiorevelacionfm.cl\/index.php?rest_route=\/wp\/v2\/users\/1"}],"replies":[{"embeddable":true,"href":"https:\/\/radiorevelacionfm.cl\/index.php?rest_route=%2Fwp%2Fv2%2Fcomments&post=39019"}],"version-history":[{"count":2,"href":"https:\/\/radiorevelacionfm.cl\/index.php?rest_route=\/wp\/v2\/posts\/39019\/revisions"}],"predecessor-version":[{"id":39028,"href":"https:\/\/radiorevelacionfm.cl\/index.php?rest_route=\/wp\/v2\/posts\/39019\/revisions\/39028"}],"wp:featuredmedia":[{"embeddable":true,"href":"https:\/\/radiorevelacionfm.cl\/index.php?rest_route=\/wp\/v2\/media\/39020"}],"wp:attachment":[{"href":"https:\/\/radiorevelacionfm.cl\/index.php?rest_route=%2Fwp%2Fv2%2Fmedia&parent=39019"}],"wp:term":[{"taxonomy":"category","embeddable":true,"href":"https:\/\/radiorevelacionfm.cl\/index.php?rest_route=%2Fwp%2Fv2%2Fcategories&post=39019"},{"taxonomy":"post_tag","embeddable":true,"href":"https:\/\/radiorevelacionfm.cl\/index.php?rest_route=%2Fwp%2Fv2%2Ftags&post=39019"}],"curies":[{"name":"wp","href":"https:\/\/api.w.org\/{rel}","templated":true}]}}