{"id":39016,"date":"2024-01-19T14:43:14","date_gmt":"2024-01-19T17:43:14","guid":{"rendered":"https:\/\/radiorevelacionfm.cl\/?p=39016"},"modified":"2024-01-19T14:43:14","modified_gmt":"2024-01-19T17:43:14","slug":"condenan-a-11-anos-de-presidio-a-carabineros-r-por-homicidio-calificado-en-puerto-aysen","status":"publish","type":"post","link":"https:\/\/radiorevelacionfm.cl\/?p=39016","title":{"rendered":"Condenan a 11 a\u00f1os de presidio a Carabineros (r) por homicidio calificado en Puerto Ays\u00e9n"},"content":{"rendered":"<div class=\"flex_column av_one_full  flex_column_div av-zero-column-padding first  avia-builder-el-0  el_before_av_one_full  avia-builder-el-first  \" style='border-radius:0px; '><div  class='avia-image-container  av-styling-    avia-builder-el-1  avia-builder-el-no-sibling  avia-align-center '  itemprop=\"image\" itemscope=\"itemscope\" itemtype=\"https:\/\/schema.org\/ImageObject\"  ><div class='avia-image-container-inner'><div class='avia-image-overlay-wrap'><img decoding=\"async\" class='wp-image-39017 avia-img-lazy-loading-not-39017 avia_image' src=\"https:\/\/radiorevelacionfm.cl\/wp-content\/uploads\/2024\/01\/corte1-2_optimized-1.jpg\" alt='' title='corte1-(2)_optimized (1)' height=\"600\" width=\"1082\"  itemprop=\"thumbnailUrl\" srcset=\"https:\/\/radiorevelacionfm.cl\/wp-content\/uploads\/2024\/01\/corte1-2_optimized-1.jpg 1082w, https:\/\/radiorevelacionfm.cl\/wp-content\/uploads\/2024\/01\/corte1-2_optimized-1-300x166.jpg 300w, https:\/\/radiorevelacionfm.cl\/wp-content\/uploads\/2024\/01\/corte1-2_optimized-1-1030x571.jpg 1030w, https:\/\/radiorevelacionfm.cl\/wp-content\/uploads\/2024\/01\/corte1-2_optimized-1-768x426.jpg 768w, https:\/\/radiorevelacionfm.cl\/wp-content\/uploads\/2024\/01\/corte1-2_optimized-1-705x391.jpg 705w, https:\/\/radiorevelacionfm.cl\/wp-content\/uploads\/2024\/01\/corte1-2_optimized-1-450x250.jpg 450w, https:\/\/radiorevelacionfm.cl\/wp-content\/uploads\/2024\/01\/corte1-2_optimized-1-600x333.jpg 600w\" sizes=\"(max-width: 1082px) 100vw, 1082px\" \/><\/div><\/div><\/div><\/div><div class=\"flex_column av_one_full  flex_column_div av-zero-column-padding first  avia-builder-el-2  el_after_av_one_full  el_before_av_one_full  column-top-margin\" style='border-radius:0px; '><section class=\"av_textblock_section \"  itemscope=\"itemscope\" itemtype=\"https:\/\/schema.org\/BlogPosting\" itemprop=\"blogPost\" ><div class='avia_textblock  '   itemprop=\"text\" ><p style=\"text-align: center;\"><strong><span style=\"font-size: 18pt;\">Condenan a 11 a\u00f1os de presidio a Carabineros (r) por homicidio calificado en Puerto Ays\u00e9n <\/span><\/strong><\/p>\n<div id=\"gtx-trans\" style=\"position: absolute; left: -50px; top: 4.31534px;\">\n<div class=\"gtx-trans-icon\"><\/div>\n<\/div>\n<\/div><\/section><\/div><div class=\"flex_column av_one_full  flex_column_div av-zero-column-padding first  avia-builder-el-4  el_after_av_one_full  el_before_av_hr  column-top-margin\" style='border-radius:0px; '><section class=\"av_textblock_section \"  itemscope=\"itemscope\" itemtype=\"https:\/\/schema.org\/BlogPosting\" itemprop=\"blogPost\" ><div class='avia_textblock  '   itemprop=\"text\" ><p class=\"v1MsoNormal\" style=\"text-align: justify;\">El ministro en visita extraordinaria para causas por violaciones a los derechos humanos de las jurisdicciones Temuco, Valdivia, Puerto Montt y Coyhaique, \u00c1lvaro Mesa Latorre, conden\u00f3 a dos carabineros en retiro por su responsabilidad en el delito consumado de homicidio calificado de Rub\u00e9n Armando Antim\u00e1n Nahuelqu\u00edn. Il\u00edcito perpetrado en diciembre de 1985, en la comuna de Puerto Ays\u00e9n.<\/p>\n<p class=\"v1MsoNormal\" style=\"text-align: justify;\">En el fallo (causa rol 15.732), el ministro Mesa Latorre conden\u00f3 a V\u00edctor Heraldo Cuevas Seguel y Alberto Daniel Vel\u00e1squez Barr\u00eda a 11 a\u00f1os de presidio efectivo, m\u00e1s las accesorias\u00a0legales de inhabilitaci\u00f3n absoluta perpetua para cargos y oficios p\u00fablicos y derechos pol\u00edticos y la de inhabilitaci\u00f3n absoluta para profesiones titulares mientras duren las condenas, en calidad de autores del delito\u00a0de lesa humanidad.<\/p>\n<p class=\"v1MsoNormal\" style=\"text-align: justify;\">En la resoluci\u00f3n, el ministro en visita extraordinaria dio por establecido que:\u00a0\u00ab(&#8230;) Rub\u00e9n Armando Antim\u00e1n Nahuelqu\u00edn, de 45 a\u00f1os de edad, casado y con cuatro hijos, lleg\u00f3 el d\u00eda 27 de diciembre de 1985, en horas de la tarde, a su casa en la ciudad de Puerto Ays\u00e9n, donde viv\u00eda junto a su hija Doris Nelfa Antim\u00e1n y su madre Vitalia del Carmen Nahuelqu\u00edn, momento y lugar donde tuvo una discusi\u00f3n con su madre, empuj\u00e1ndola y haci\u00e9ndola caer, producto de lo cual esta concurri\u00f3 hasta la Segunda Comisar\u00eda de Carabineros de Puerto Ays\u00e9n para hacer la respectiva denuncia por agresiones (&#8230;)\u00bb.<\/p>\n<p class=\"v1MsoNormal\" style=\"text-align: justify;\">\u00abQue producto de la denuncia realizada, un grupo de carabineros de la Segunda Comisar\u00eda de Puerto Ays\u00e9n lleg\u00f3 hasta la casa de Rub\u00e9n Antim\u00e1n en su b\u00fasqueda, sin poder hallarlo pues este, al tener conocimiento que los carabineros lo buscar\u00edan, sali\u00f3 de su casa para no ser encontrado\u00bb, a\u00f1ade.<\/p>\n<p class=\"v1MsoNormal\" style=\"text-align: justify;\">Posteriormente, en horas de la noche del 28 de diciembre de 1985, Rub\u00e9n Antim\u00e1n Nahuelqu\u00edn regres\u00f3 a su casa golpeado y quej\u00e1ndose de dolor, \u00ab(&#8230;) siendo recibido por su hija Doris Antim\u00e1n, a quien le informa que los carabineros lo hab\u00edan encontrado y golpeado y que entre sus agresores se encontraba el &#8216;zorro Vel\u00e1squez&#8217; y &#8216;Cuevas'\u00bb.<\/p>\n<p class=\"v1MsoNormal\" style=\"text-align: justify;\">A consecuencia de la gravedad de las lesiones, la v\u00edctima\u00a0Antim\u00e1n Nahuelqu\u00edn\u00a0\u00ab(&#8230;) debi\u00f3 ser ingresado al Hospital de Puerto Ays\u00e9n, el d\u00eda 29 de diciembre de 1985, lugar donde su situaci\u00f3n se agrav\u00f3 por lo cual fue trasladado hasta el hospital de Coyhaique, siendo ingresado al servicio de urgencia de ese recinto hospitalario el d\u00eda 02 de enero de 1986\u00bb.<\/p>\n<p class=\"v1MsoNormal\" style=\"text-align: justify;\">Finalmente, el 8 de febrero de 1986, Rub\u00e9n Antim\u00e1n falleci\u00f3 en el Hospital de Coyhaique, a consecuencia de un \u00abtraumatismo de t\u00f3rax, con el consecuente pioneumot\u00f3rax izquierdo, atribuible a terceros\u00bb, seg\u00fan la autopsia practicada.<\/p>\n<\/div><\/section><\/div><div  style='height:50px' class='hr hr-invisible   avia-builder-el-6  el_after_av_one_full  el_before_av_social_share '><span class='hr-inner ' ><span class='hr-inner-style'><\/span><\/span><\/div><\/p>\n<div  class='av-social-sharing-box  avia-builder-el-7  el_after_av_hr  el_before_av_hr  '><div class='av-share-box'><h5 class='av-share-link-description av-no-toc '>Compartir esta noticia<\/h5><ul class='av-share-box-list noLightbox'><li class='av-share-link av-social-link-facebook' ><a target=\"_blank\" aria-label=\"Compartir en Facebook\" href='https:\/\/www.facebook.com\/sharer.php?u=https:\/\/radiorevelacionfm.cl\/?p=39016&#038;t=Condenan%20a%2011%20a%C3%B1os%20de%20presidio%20a%20Carabineros%20%28r%29%20por%20homicidio%20calificado%20en%20Puerto%20Ays%C3%A9n' aria-hidden='false' data-av_icon='\ue8f3' data-av_iconfont='entypo-fontello' title='' data-avia-related-tooltip='Compartir en Facebook' rel=\"noopener\"><span class='avia_hidden_link_text'>Compartir en Facebook<\/span><\/a><\/li><li class='av-share-link av-social-link-twitter' ><a target=\"_blank\" aria-label=\"Compartir en Twitter\" href='https:\/\/twitter.com\/share?text=Condenan%20a%2011%20a%C3%B1os%20de%20presidio%20a%20Carabineros%20%28r%29%20por%20homicidio%20calificado%20en%20Puerto%20Ays%C3%A9n&#038;url=https:\/\/radiorevelacionfm.cl\/?p=39016' aria-hidden='false' data-av_icon='\ue8f1' data-av_iconfont='entypo-fontello' title='' data-avia-related-tooltip='Compartir en Twitter' rel=\"noopener\"><span class='avia_hidden_link_text'>Compartir en Twitter<\/span><\/a><\/li><li class='av-share-link av-social-link-whatsapp' ><a target=\"_blank\" aria-label=\"Compartir en Whatsapp\" href='https:\/\/api.whatsapp.com\/send?text=https:\/\/radiorevelacionfm.cl\/?p=39016' aria-hidden='false' data-av_icon='\uf232' data-av_iconfont='entypo-fontello' title='' data-avia-related-tooltip='Compartir en Whatsapp' rel=\"noopener\"><span class='avia_hidden_link_text'>Compartir en Whatsapp<\/span><\/a><\/li><li class='av-share-link av-social-link-linkedin' ><a target=\"_blank\" aria-label=\"Compartir en LinkedIn\" href='https:\/\/linkedin.com\/shareArticle?mini=true&#038;title=Condenan%20a%2011%20a%C3%B1os%20de%20presidio%20a%20Carabineros%20%28r%29%20por%20homicidio%20calificado%20en%20Puerto%20Ays%C3%A9n&#038;url=https:\/\/radiorevelacionfm.cl\/?p=39016' aria-hidden='false' data-av_icon='\ue8fc' data-av_iconfont='entypo-fontello' title='' data-avia-related-tooltip='Compartir en LinkedIn' rel=\"noopener\"><span class='avia_hidden_link_text'>Compartir en LinkedIn<\/span><\/a><\/li><li class='av-share-link av-social-link-mail' ><a  aria-label=\"Compartir por correo\" href='mailto:?subject=Condenan%20a%2011%20a%C3%B1os%20de%20presidio%20a%20Carabineros%20%28r%29%20por%20homicidio%20calificado%20en%20Puerto%20Ays%C3%A9n&#038;body=https:\/\/radiorevelacionfm.cl\/?p=39016' aria-hidden='false' data-av_icon='\ue805' data-av_iconfont='entypo-fontello' title='' data-avia-related-tooltip='Compartir por correo'><span class='avia_hidden_link_text'>Compartir por correo<\/span><\/a><\/li><\/ul><\/div><\/div>\n<div  style='height:50px' class='hr hr-invisible   avia-builder-el-8  el_after_av_social_share  el_before_av_comments_list '><span class='hr-inner ' ><span class='hr-inner-style'><\/span><\/span><\/div>\n<div  class='av-buildercomment  av-blog-meta-html-info-disabled av-blog-meta-tag-disabled  '><\/div>\n","protected":false},"excerpt":{"rendered":"","protected":false},"author":1,"featured_media":39017,"comment_status":"open","ping_status":"open","sticky":false,"template":"","format":"standard","meta":{"footnotes":""},"categories":[55],"tags":[],"class_list":["post-39016","post","type-post","status-publish","format-standard","has-post-thumbnail","hentry","category-justicia"],"jetpack_featured_media_url":"https:\/\/radiorevelacionfm.cl\/wp-content\/uploads\/2024\/01\/corte1-2_optimized-1.jpg","_links":{"self":[{"href":"https:\/\/radiorevelacionfm.cl\/index.php?rest_route=\/wp\/v2\/posts\/39016","targetHints":{"allow":["GET"]}}],"collection":[{"href":"https:\/\/radiorevelacionfm.cl\/index.php?rest_route=\/wp\/v2\/posts"}],"about":[{"href":"https:\/\/radiorevelacionfm.cl\/index.php?rest_route=\/wp\/v2\/types\/post"}],"author":[{"embeddable":true,"href":"https:\/\/radiorevelacionfm.cl\/index.php?rest_route=\/wp\/v2\/users\/1"}],"replies":[{"embeddable":true,"href":"https:\/\/radiorevelacionfm.cl\/index.php?rest_route=%2Fwp%2Fv2%2Fcomments&post=39016"}],"version-history":[{"count":1,"href":"https:\/\/radiorevelacionfm.cl\/index.php?rest_route=\/wp\/v2\/posts\/39016\/revisions"}],"predecessor-version":[{"id":39018,"href":"https:\/\/radiorevelacionfm.cl\/index.php?rest_route=\/wp\/v2\/posts\/39016\/revisions\/39018"}],"wp:featuredmedia":[{"embeddable":true,"href":"https:\/\/radiorevelacionfm.cl\/index.php?rest_route=\/wp\/v2\/media\/39017"}],"wp:attachment":[{"href":"https:\/\/radiorevelacionfm.cl\/index.php?rest_route=%2Fwp%2Fv2%2Fmedia&parent=39016"}],"wp:term":[{"taxonomy":"category","embeddable":true,"href":"https:\/\/radiorevelacionfm.cl\/index.php?rest_route=%2Fwp%2Fv2%2Fcategories&post=39016"},{"taxonomy":"post_tag","embeddable":true,"href":"https:\/\/radiorevelacionfm.cl\/index.php?rest_route=%2Fwp%2Fv2%2Ftags&post=39016"}],"curies":[{"name":"wp","href":"https:\/\/api.w.org\/{rel}","templated":true}]}}