{"id":39013,"date":"2024-01-19T21:21:43","date_gmt":"2024-01-20T00:21:43","guid":{"rendered":"https:\/\/radiorevelacionfm.cl\/?p=39013"},"modified":"2024-01-19T21:21:43","modified_gmt":"2024-01-20T00:21:43","slug":"ya-estan-disponibles-los-resultados-de-preseleccion-para-acceder-a-gratuidad-y-beneficios-estudiantiles-en-educacion-superior","status":"publish","type":"post","link":"https:\/\/radiorevelacionfm.cl\/?p=39013","title":{"rendered":"Ya est\u00e1n disponibles los resultados de preselecci\u00f3n para acceder a gratuidad y beneficios estudiantiles en educaci\u00f3n superior"},"content":{"rendered":"<div class=\"flex_column av_one_full  flex_column_div av-zero-column-padding first  avia-builder-el-0  el_before_av_one_full  avia-builder-el-first  \" style='border-radius:0px; '><div  class='avia-image-container  av-styling-    avia-builder-el-1  avia-builder-el-no-sibling  avia-align-center '  itemprop=\"image\" itemscope=\"itemscope\" itemtype=\"https:\/\/schema.org\/ImageObject\"  ><div class='avia-image-container-inner'><div class='avia-image-overlay-wrap'><img decoding=\"async\" class='wp-image-39014 avia-img-lazy-loading-not-39014 avia_image' src=\"https:\/\/radiorevelacionfm.cl\/wp-content\/uploads\/2024\/01\/Seremi-Isabel-Garrido-1-1.jpg\" alt='' title='Seremi-Isabel-Garrido (1) (1)' height=\"600\" width=\"901\"  itemprop=\"thumbnailUrl\" srcset=\"https:\/\/radiorevelacionfm.cl\/wp-content\/uploads\/2024\/01\/Seremi-Isabel-Garrido-1-1.jpg 901w, https:\/\/radiorevelacionfm.cl\/wp-content\/uploads\/2024\/01\/Seremi-Isabel-Garrido-1-1-300x200.jpg 300w, https:\/\/radiorevelacionfm.cl\/wp-content\/uploads\/2024\/01\/Seremi-Isabel-Garrido-1-1-768x511.jpg 768w, https:\/\/radiorevelacionfm.cl\/wp-content\/uploads\/2024\/01\/Seremi-Isabel-Garrido-1-1-705x469.jpg 705w, https:\/\/radiorevelacionfm.cl\/wp-content\/uploads\/2024\/01\/Seremi-Isabel-Garrido-1-1-450x300.jpg 450w, https:\/\/radiorevelacionfm.cl\/wp-content\/uploads\/2024\/01\/Seremi-Isabel-Garrido-1-1-600x400.jpg 600w\" sizes=\"(max-width: 901px) 100vw, 901px\" \/><\/div><\/div><\/div><\/div><div class=\"flex_column av_one_full  flex_column_div av-zero-column-padding first  avia-builder-el-2  el_after_av_one_full  el_before_av_one_full  column-top-margin\" style='border-radius:0px; '><section class=\"av_textblock_section \"  itemscope=\"itemscope\" itemtype=\"https:\/\/schema.org\/BlogPosting\" itemprop=\"blogPost\" ><div class='avia_textblock  '   itemprop=\"text\" ><p style=\"text-align: center;\"><span style=\"font-size: 18pt;\"><b>Ya est\u00e1n disponibles los resultados de preselecci\u00f3n para acceder a gratuidad y beneficios estudiantiles en educaci\u00f3n superior\u00a0<\/b><\/span><\/p>\n<div id=\"gtx-trans\" style=\"position: absolute; left: -50px; top: 4.31534px;\">\n<div class=\"gtx-trans-icon\"><\/div>\n<\/div>\n<\/div><\/section><\/div><div class=\"flex_column av_one_full  flex_column_div av-zero-column-padding first  avia-builder-el-4  el_after_av_one_full  el_before_av_hr  column-top-margin\" style='border-radius:0px; '><section class=\"av_textblock_section \"  itemscope=\"itemscope\" itemtype=\"https:\/\/schema.org\/BlogPosting\" itemprop=\"blogPost\" ><div class='avia_textblock  '   itemprop=\"text\" ><p class=\"v1MsoNormal\" style=\"text-align: justify;\" align=\"center\"><em>En la regi\u00f3n de Ays\u00e9n, 1.861 estudiantes quedaron preseleccionados para acceder a Gratuidad o becas. De estos, 1.544 corresponden a postulantes que ingresar\u00e1n por primera vez a la educaci\u00f3n superior, mientras que 317 son personas que ya estaban estudiando en 2023.<\/em><\/p>\n<p class=\"v1MsoNormal\" style=\"text-align: justify;\" align=\"center\"><b><\/b>Este martes se dieron a conocer los resultados de preselecci\u00f3n a beneficios estudiantiles para el a\u00f1o acad\u00e9mico 2024 de las y los postulantes que completaron el Formulario \u00danico de Acreditaci\u00f3n Socioecon\u00f3mica (FUAS) y de quienes tuvieron beneficios el a\u00f1o pasado y podr\u00edan renovarlos.<\/p>\n<p class=\"v1MsoNormal\" style=\"text-align: justify;\">De quienes completaron el FUAS, hay m\u00e1s de 266 mil j\u00f3venes que quedaron preseleccionadas(os) para acceder por a la Gratuidad o a las becas. De estos, 213 mil son j\u00f3venes que ingresar\u00e1n por primera vez a una instituci\u00f3n de educaci\u00f3n superior, mientras que cerca de 52 mil son personas que ya estaban estudiando en 2023.<\/p>\n<p class=\"v1MsoNormal\" style=\"text-align: justify;\">Por otra parte, entre los estudiantes que ya ten\u00edan beneficios estudiantiles el a\u00f1o pasado, hay 573 mil renovantes de la Gratuidad y 112 mil renovantes de becas y\/o Fondo Solidario, quienes podr\u00e1n usar esos beneficios siempre que se mantengan matriculados en sus instituciones.<\/p>\n<p class=\"v1MsoNormal\" style=\"text-align: justify;\">Adem\u00e1s de las y los estudiantes que ya cuentan con preselecci\u00f3n de beneficios, cerca de 85 mil deber\u00e1n realizar el proceso de evaluaci\u00f3n socioecon\u00f3mica en la instituci\u00f3n en la que se matriculen, que es una etapa adicional requerida cuando la informaci\u00f3n entregada por las y los estudiantes a trav\u00e9s del formulario FUAS debe ser complementada con nuevos antecedentes.<\/p>\n<p class=\"v1MsoNormal\" style=\"text-align: justify;\">La Seremi de Educaci\u00f3n de Ays\u00e9n Isabel Garrido Casassa inform\u00f3 que en la regi\u00f3n de Ays\u00e9n, 1.861 estudiantes quedaron preseleccionados para acceder a Gratuidad o becas. De estos, 1.544 corresponden a postulantes que ingresar\u00e1n por primera vez a la educaci\u00f3n superior, mientras que 317 son personas que ya estaban estudiando en 2023.<\/p>\n<p class=\"v1MsoNormal\" style=\"text-align: justify;\">Isabel Garrido destac\u00f3 que \u201cLos beneficios estudiantiles son un pilar importante que ayudan a garantizar el derecho a la educaci\u00f3n superior, de modo que la situaci\u00f3n econ\u00f3mica del estudiante no sea un obst\u00e1culo\u201d.<\/p>\n<p class=\"v1MsoNormal\" style=\"text-align: justify;\">La autoridad sectorial record\u00f3 que la preselecci\u00f3n es una instancia de car\u00e1cter informativo, puesto que, para obtener finalmente alg\u00fan beneficio, la o el estudiante debe matricularse en una instituci\u00f3n de educaci\u00f3n superior. Los resultados de la asignaci\u00f3n ser\u00e1n informados el pr\u00f3ximo 6 de marzo.<\/p>\n<p class=\"v1MsoNormal\" style=\"text-align: justify;\">En esta etapa, las y los estudiantes pueden saber si, adem\u00e1s de los requisitos socioecon\u00f3micos, cumplen con los requisitos acad\u00e9micos para acceder a gratuidad, becas y\/o cr\u00e9ditos. Para revisar esta informaci\u00f3n deben acceder al sitio web\u00a0<a href=\"https:\/\/resultados.beneficiosestudiantiles.cl\/login\" target=\"_blank\" rel=\"noopener noreferrer\">https:\/\/resultados.beneficiosestudiantiles.cl\/login<\/a><u>,<\/u>\u00a0ingresar su RUT y revisar los resultados.<\/p>\n<p class=\"v1MsoNormal\" style=\"text-align: justify;\"><b>Pr\u00f3ximas etapas\u00a0<\/b><\/p>\n<p class=\"v1MsoNormal\" style=\"text-align: justify;\">El siguiente paso es que las y los estudiantes que ya han llenado los formularios FUAS se matriculen, para as\u00ed ocupar efectivamente sus beneficios.<\/p>\n<p class=\"v1MsoNormal\" style=\"text-align: justify;\">\u00bfC\u00f3mo hacerlo? Quienes est\u00e9n preseleccionadas(os) para la gratuidad deben matricularse en una instituci\u00f3n adscrita a gratuidad; quienes hayan sido preseleccionadas(os) para una beca deben matricularse en una instituci\u00f3n acreditada; y para acceder al Fondo Solidario deben ingresar a una universidad del Consejo de Rectores que cuente con ese cr\u00e9dito. Con respecto a la preselecci\u00f3n del Cr\u00e9dito con Garant\u00eda Estatal (CAE), la informaci\u00f3n se debe revisar directamente en el sitio web de Comisi\u00f3n Ingresa (<a href=\"http:\/\/www.ingresa.cl\/\" target=\"_blank\" rel=\"noopener noreferrer\">www.ingresa.cl<\/a>).<\/p>\n<p class=\"v1MsoNormal\" style=\"text-align: justify;\">Es importante recordar que desde el 15 de febrero al 14 de marzo hay una segunda convocatoria para completar el FUAS y postular a los beneficios estatales para quienes no lo hicieron en el primer periodo. Quienes deseen postular deber\u00e1n ingresar al sitio\u00a0<a href=\"http:\/\/www.fuas.cl\/\" target=\"_blank\" rel=\"noopener noreferrer\">www.fuas.cl<\/a>\u00a0y llenar el formulario.<\/p>\n<\/div><\/section><\/div><div  style='height:50px' class='hr hr-invisible   avia-builder-el-6  el_after_av_one_full  el_before_av_social_share '><span class='hr-inner ' ><span class='hr-inner-style'><\/span><\/span><\/div><\/p>\n<div  class='av-social-sharing-box  avia-builder-el-7  el_after_av_hr  el_before_av_hr  '><div class='av-share-box'><h5 class='av-share-link-description av-no-toc '>Compartir esta noticia<\/h5><ul class='av-share-box-list noLightbox'><li class='av-share-link av-social-link-facebook' ><a target=\"_blank\" aria-label=\"Compartir en Facebook\" href='https:\/\/www.facebook.com\/sharer.php?u=https:\/\/radiorevelacionfm.cl\/?p=39013&#038;t=Ya%20est%C3%A1n%20disponibles%20los%20resultados%20de%20preselecci%C3%B3n%20para%20acceder%20a%20gratuidad%20y%20beneficios%20estudiantiles%20en%20educaci%C3%B3n%20superior' aria-hidden='false' data-av_icon='\ue8f3' data-av_iconfont='entypo-fontello' title='' data-avia-related-tooltip='Compartir en Facebook' rel=\"noopener\"><span class='avia_hidden_link_text'>Compartir en Facebook<\/span><\/a><\/li><li class='av-share-link av-social-link-twitter' ><a target=\"_blank\" aria-label=\"Compartir en Twitter\" href='https:\/\/twitter.com\/share?text=Ya%20est%C3%A1n%20disponibles%20los%20resultados%20de%20preselecci%C3%B3n%20para%20acceder%20a%20gratuidad%20y%20beneficios%20estudiantiles%20en%20educaci%C3%B3n%20superior&#038;url=https:\/\/radiorevelacionfm.cl\/?p=39013' aria-hidden='false' data-av_icon='\ue8f1' data-av_iconfont='entypo-fontello' title='' data-avia-related-tooltip='Compartir en Twitter' rel=\"noopener\"><span class='avia_hidden_link_text'>Compartir en Twitter<\/span><\/a><\/li><li class='av-share-link av-social-link-whatsapp' ><a target=\"_blank\" aria-label=\"Compartir en Whatsapp\" href='https:\/\/api.whatsapp.com\/send?text=https:\/\/radiorevelacionfm.cl\/?p=39013' aria-hidden='false' data-av_icon='\uf232' data-av_iconfont='entypo-fontello' title='' data-avia-related-tooltip='Compartir en Whatsapp' rel=\"noopener\"><span class='avia_hidden_link_text'>Compartir en Whatsapp<\/span><\/a><\/li><li class='av-share-link av-social-link-linkedin' ><a target=\"_blank\" aria-label=\"Compartir en LinkedIn\" href='https:\/\/linkedin.com\/shareArticle?mini=true&#038;title=Ya%20est%C3%A1n%20disponibles%20los%20resultados%20de%20preselecci%C3%B3n%20para%20acceder%20a%20gratuidad%20y%20beneficios%20estudiantiles%20en%20educaci%C3%B3n%20superior&#038;url=https:\/\/radiorevelacionfm.cl\/?p=39013' aria-hidden='false' data-av_icon='\ue8fc' data-av_iconfont='entypo-fontello' title='' data-avia-related-tooltip='Compartir en LinkedIn' rel=\"noopener\"><span class='avia_hidden_link_text'>Compartir en LinkedIn<\/span><\/a><\/li><li class='av-share-link av-social-link-mail' ><a  aria-label=\"Compartir por correo\" href='mailto:?subject=Ya%20est%C3%A1n%20disponibles%20los%20resultados%20de%20preselecci%C3%B3n%20para%20acceder%20a%20gratuidad%20y%20beneficios%20estudiantiles%20en%20educaci%C3%B3n%20superior&#038;body=https:\/\/radiorevelacionfm.cl\/?p=39013' aria-hidden='false' data-av_icon='\ue805' data-av_iconfont='entypo-fontello' title='' data-avia-related-tooltip='Compartir por correo'><span class='avia_hidden_link_text'>Compartir por correo<\/span><\/a><\/li><\/ul><\/div><\/div>\n<div  style='height:50px' class='hr hr-invisible   avia-builder-el-8  el_after_av_social_share  el_before_av_comments_list '><span class='hr-inner ' ><span class='hr-inner-style'><\/span><\/span><\/div>\n<div  class='av-buildercomment  av-blog-meta-html-info-disabled av-blog-meta-tag-disabled  '><\/div>\n","protected":false},"excerpt":{"rendered":"","protected":false},"author":1,"featured_media":39014,"comment_status":"open","ping_status":"open","sticky":false,"template":"","format":"standard","meta":{"footnotes":""},"categories":[49],"tags":[],"class_list":["post-39013","post","type-post","status-publish","format-standard","has-post-thumbnail","hentry","category-educacion"],"jetpack_featured_media_url":"https:\/\/radiorevelacionfm.cl\/wp-content\/uploads\/2024\/01\/Seremi-Isabel-Garrido-1-1.jpg","_links":{"self":[{"href":"https:\/\/radiorevelacionfm.cl\/index.php?rest_route=\/wp\/v2\/posts\/39013","targetHints":{"allow":["GET"]}}],"collection":[{"href":"https:\/\/radiorevelacionfm.cl\/index.php?rest_route=\/wp\/v2\/posts"}],"about":[{"href":"https:\/\/radiorevelacionfm.cl\/index.php?rest_route=\/wp\/v2\/types\/post"}],"author":[{"embeddable":true,"href":"https:\/\/radiorevelacionfm.cl\/index.php?rest_route=\/wp\/v2\/users\/1"}],"replies":[{"embeddable":true,"href":"https:\/\/radiorevelacionfm.cl\/index.php?rest_route=%2Fwp%2Fv2%2Fcomments&post=39013"}],"version-history":[{"count":1,"href":"https:\/\/radiorevelacionfm.cl\/index.php?rest_route=\/wp\/v2\/posts\/39013\/revisions"}],"predecessor-version":[{"id":39015,"href":"https:\/\/radiorevelacionfm.cl\/index.php?rest_route=\/wp\/v2\/posts\/39013\/revisions\/39015"}],"wp:featuredmedia":[{"embeddable":true,"href":"https:\/\/radiorevelacionfm.cl\/index.php?rest_route=\/wp\/v2\/media\/39014"}],"wp:attachment":[{"href":"https:\/\/radiorevelacionfm.cl\/index.php?rest_route=%2Fwp%2Fv2%2Fmedia&parent=39013"}],"wp:term":[{"taxonomy":"category","embeddable":true,"href":"https:\/\/radiorevelacionfm.cl\/index.php?rest_route=%2Fwp%2Fv2%2Fcategories&post=39013"},{"taxonomy":"post_tag","embeddable":true,"href":"https:\/\/radiorevelacionfm.cl\/index.php?rest_route=%2Fwp%2Fv2%2Ftags&post=39013"}],"curies":[{"name":"wp","href":"https:\/\/api.w.org\/{rel}","templated":true}]}}