{"id":39009,"date":"2024-01-20T11:49:03","date_gmt":"2024-01-20T14:49:03","guid":{"rendered":"https:\/\/radiorevelacionfm.cl\/?p=39009"},"modified":"2024-01-20T11:49:03","modified_gmt":"2024-01-20T14:49:03","slug":"fiscalia-regional-de-aysen-logra-mantener-los-mejores-resultados-de-persecucion-penal-del-pais","status":"publish","type":"post","link":"https:\/\/radiorevelacionfm.cl\/?p=39009","title":{"rendered":"Fiscal\u00eda Regional de Ays\u00e9n logra mantener los mejores resultados de persecuci\u00f3n penal del pa\u00eds"},"content":{"rendered":"<div class=\"flex_column av_one_full  flex_column_div av-zero-column-padding first  avia-builder-el-0  el_before_av_one_full  avia-builder-el-first  \" style='border-radius:0px; '><div  class='avia-image-container  av-styling-    avia-builder-el-1  avia-builder-el-no-sibling  avia-align-center '  itemprop=\"image\" itemscope=\"itemscope\" itemtype=\"https:\/\/schema.org\/ImageObject\"  ><div class='avia-image-container-inner'><div class='avia-image-overlay-wrap'><img decoding=\"async\" class='wp-image-39010 avia-img-lazy-loading-not-39010 avia_image' src=\"https:\/\/radiorevelacionfm.cl\/wp-content\/uploads\/2024\/01\/b-copia-1_optimized.jpg\" alt='' title='b---copia-(1)_optimized' height=\"600\" width=\"900\"  itemprop=\"thumbnailUrl\" srcset=\"https:\/\/radiorevelacionfm.cl\/wp-content\/uploads\/2024\/01\/b-copia-1_optimized.jpg 900w, https:\/\/radiorevelacionfm.cl\/wp-content\/uploads\/2024\/01\/b-copia-1_optimized-300x200.jpg 300w, https:\/\/radiorevelacionfm.cl\/wp-content\/uploads\/2024\/01\/b-copia-1_optimized-768x512.jpg 768w, https:\/\/radiorevelacionfm.cl\/wp-content\/uploads\/2024\/01\/b-copia-1_optimized-705x470.jpg 705w, https:\/\/radiorevelacionfm.cl\/wp-content\/uploads\/2024\/01\/b-copia-1_optimized-450x300.jpg 450w, https:\/\/radiorevelacionfm.cl\/wp-content\/uploads\/2024\/01\/b-copia-1_optimized-600x400.jpg 600w\" sizes=\"(max-width: 900px) 100vw, 900px\" \/><\/div><\/div><\/div><\/div><div class=\"flex_column av_one_full  flex_column_div av-zero-column-padding first  avia-builder-el-2  el_after_av_one_full  el_before_av_one_full  column-top-margin\" style='border-radius:0px; '><section class=\"av_textblock_section \"  itemscope=\"itemscope\" itemtype=\"https:\/\/schema.org\/BlogPosting\" itemprop=\"blogPost\" ><div class='avia_textblock  '   itemprop=\"text\" ><p style=\"text-align: center;\"><b><span style=\"font-size: 18pt;\">Fiscal\u00eda Regional de Ays\u00e9n logra mantener los mejores resultados de persecuci\u00f3n penal del pa\u00eds<\/span>\u00a0<\/b><\/p>\n<div id=\"gtx-trans\" style=\"position: absolute; left: -50px; top: 4.31534px;\">\n<div class=\"gtx-trans-icon\"><\/div>\n<\/div>\n<\/div><\/section><\/div><div class=\"flex_column av_one_full  flex_column_div av-zero-column-padding first  avia-builder-el-4  el_after_av_one_full  el_before_av_hr  column-top-margin\" style='border-radius:0px; '><section class=\"av_textblock_section \"  itemscope=\"itemscope\" itemtype=\"https:\/\/schema.org\/BlogPosting\" itemprop=\"blogPost\" ><div class='avia_textblock  '   itemprop=\"text\" ><p style=\"font-weight: 400; text-align: justify;\"><em>El Ministerio P\u00fablico en la Patagonia es el que menos archivo provisional de causas realiza en Chile, posee el porcentaje m\u00e1s alto de sentencias condenatorias a nivel nacional y registra el \u00edndice m\u00e1s alto de satisfacci\u00f3n de usuarios, entre otros positivos resultados.<\/em><\/p>\n<p style=\"font-weight: 400; text-align: justify;\">El Fiscal Regional de Ays\u00e9n, Carlos Palma, rindi\u00f3 su s\u00e9ptima cuenta p\u00fablica a la comunidad con una masiva asistencia de autoridades regionales y dirigentes sociales en el auditorio del Ej\u00e9rcito en Coyhaique.<\/p>\n<p style=\"font-weight: 400; text-align: justify;\">En la ocasi\u00f3n, el Fiscal Carlos Palma, explic\u00f3 que el a\u00f1o 2023 se registraron 9.942 ingresos, lo que se traduce en un aumento del 13,4% respecto del total de casos ingresados durante el a\u00f1o 2022. Pese a lo anterior, la Fiscal\u00eda Regional de Ays\u00e9n logr\u00f3 mantener el primer lugar en los indicadores m\u00e1s relevantes a nivel pa\u00eds.<\/p>\n<p style=\"font-weight: 400; text-align: justify;\">\u201cPor ejemplo, la cantidad de archivos provisionales de causas. Durante el a\u00f1o 2023 registramos, una vez m\u00e1s, el menor nivel de archivos provisionales del pa\u00eds: solo el 24,3% del total de las causas terminadas. El promedio nacional es de 57%\u201d, detall\u00f3 el Fiscal Palma.<\/p>\n<p style=\"font-weight: 400; text-align: justify;\">La principal autoridad del Ministerio P\u00fablico en Ays\u00e9n a\u00f1adi\u00f3 que \u201cesta cifra es importante. En nuestra regi\u00f3n, archivamos menos de la mitad de lo que se archiva en el resto del pa\u00eds. Esto quiere decir que hay investigaciones de calidad, y que, en cada caso, evaluamos hasta la m\u00e1s remota posibilidad de encontrar alg\u00fan antecedente que nos permita seguir adelante\u201d.<\/p>\n<p style=\"font-weight: 400; text-align: justify;\">MAYOR PORCENTAJE DE CONDENAS<\/p>\n<p style=\"font-weight: 400; text-align: justify;\">El persecutor penal a\u00f1adi\u00f3 que \u201ceste esfuerzo se refleja en sentencias condenatorias. En Chile, del total de t\u00e9rminos del Ministerio P\u00fablico, solo se logra condenar en un 9,5%. En nuestra regi\u00f3n esa cifra es de 19,8%. M\u00e1s del doble. Tenemos el porcentaje m\u00e1s alto de sentencias condenatorias a nivel nacional\u201d.<\/p>\n<p style=\"font-weight: 400; text-align: justify;\">En este mismo sentido, mencion\u00f3 el fiscal Palma, \u201cen las llamadas salidas judiciales, que incluyen las sentencias, los sobreseimientos, las suspensiones condicionales, los acuerdos reparatorios y la facultad de no inicio de la investigaci\u00f3n, contamos tambi\u00e9n con el mejor registro a nivel nacional: en la Patagonia, el 63.3% del total de las causas terminadas fue por resoluci\u00f3n judicial, superando largamente el promedio nacional que lleg\u00f3 solo al 31,1%\u201d.<\/p>\n<p style=\"font-weight: 400; text-align: justify;\">Salidas alternativas como la suspensi\u00f3n condicional del procedimiento y los acuerdos reparatorios son formas de t\u00e9rmino de calidad en el sistema de justicia penal, que conllevan en muchas ocasiones, la necesaria reparaci\u00f3n y protecci\u00f3n de v\u00edctimas y testigos. En la Regi\u00f3n de Ays\u00e9n, los asociados a la suspensi\u00f3n condicional del procedimiento y acuerdos reparatorios ascendieron al 12,5%, muy superior al 8.33% que se promedia en el pa\u00eds.<\/p>\n<p style=\"font-weight: 400; text-align: justify;\">Un proceso penal \u00e1gil, permite a la Fiscal\u00eda ocuparse de situaciones de mayor gravedad, las cuales, normalmente terminan en un juicio oral. Es as\u00ed que \u201cdurante el a\u00f1o 2023 se efectuaron 96 juicios orales, obteniendo un 84.38% de sentencias condenatorias, siendo esta cifra la m\u00e1s alta en la regi\u00f3n desde los inicios de la reforma\u201d, dijo el Fiscal Regional.<\/p>\n<p style=\"font-weight: 400; text-align: justify;\">La autoridad regional, sostuvo tambi\u00e9n que \u201cestos resultados son valorados positivamente por parte de nuestros usuarios, que son principalmente v\u00edctimas y testigos. En los procesos de evaluaci\u00f3n de satisfacci\u00f3n, en la regi\u00f3n de Ays\u00e9n se registr\u00f3 un 75,9% de valoraci\u00f3n positiva, siendo el \u00edndice m\u00e1s alto del pa\u00eds, el cual lleg\u00f3 a 6,5% promedio de satisfacci\u00f3n neta a nivel nacional\u201d.<\/p>\n<\/div><\/section><\/div><div  style='height:50px' class='hr hr-invisible   avia-builder-el-6  el_after_av_one_full  el_before_av_social_share '><span class='hr-inner ' ><span class='hr-inner-style'><\/span><\/span><\/div><\/p>\n<div  class='av-social-sharing-box  avia-builder-el-7  el_after_av_hr  el_before_av_hr  '><div class='av-share-box'><h5 class='av-share-link-description av-no-toc '>Compartir esta noticia<\/h5><ul class='av-share-box-list noLightbox'><li class='av-share-link av-social-link-facebook' ><a target=\"_blank\" aria-label=\"Compartir en Facebook\" href='https:\/\/www.facebook.com\/sharer.php?u=https:\/\/radiorevelacionfm.cl\/?p=39009&#038;t=Fiscal%C3%ADa%20Regional%20de%20Ays%C3%A9n%20logra%20mantener%20los%20mejores%20resultados%20de%20persecuci%C3%B3n%20penal%20del%20pa%C3%ADs' aria-hidden='false' data-av_icon='\ue8f3' data-av_iconfont='entypo-fontello' title='' data-avia-related-tooltip='Compartir en Facebook' rel=\"noopener\"><span class='avia_hidden_link_text'>Compartir en Facebook<\/span><\/a><\/li><li class='av-share-link av-social-link-twitter' ><a target=\"_blank\" aria-label=\"Compartir en Twitter\" href='https:\/\/twitter.com\/share?text=Fiscal%C3%ADa%20Regional%20de%20Ays%C3%A9n%20logra%20mantener%20los%20mejores%20resultados%20de%20persecuci%C3%B3n%20penal%20del%20pa%C3%ADs&#038;url=https:\/\/radiorevelacionfm.cl\/?p=39009' aria-hidden='false' data-av_icon='\ue8f1' data-av_iconfont='entypo-fontello' title='' data-avia-related-tooltip='Compartir en Twitter' rel=\"noopener\"><span class='avia_hidden_link_text'>Compartir en Twitter<\/span><\/a><\/li><li class='av-share-link av-social-link-whatsapp' ><a target=\"_blank\" aria-label=\"Compartir en Whatsapp\" href='https:\/\/api.whatsapp.com\/send?text=https:\/\/radiorevelacionfm.cl\/?p=39009' aria-hidden='false' data-av_icon='\uf232' data-av_iconfont='entypo-fontello' title='' data-avia-related-tooltip='Compartir en Whatsapp' rel=\"noopener\"><span class='avia_hidden_link_text'>Compartir en Whatsapp<\/span><\/a><\/li><li class='av-share-link av-social-link-linkedin' ><a target=\"_blank\" aria-label=\"Compartir en LinkedIn\" href='https:\/\/linkedin.com\/shareArticle?mini=true&#038;title=Fiscal%C3%ADa%20Regional%20de%20Ays%C3%A9n%20logra%20mantener%20los%20mejores%20resultados%20de%20persecuci%C3%B3n%20penal%20del%20pa%C3%ADs&#038;url=https:\/\/radiorevelacionfm.cl\/?p=39009' aria-hidden='false' data-av_icon='\ue8fc' data-av_iconfont='entypo-fontello' title='' data-avia-related-tooltip='Compartir en LinkedIn' rel=\"noopener\"><span class='avia_hidden_link_text'>Compartir en LinkedIn<\/span><\/a><\/li><li class='av-share-link av-social-link-mail' ><a  aria-label=\"Compartir por correo\" href='mailto:?subject=Fiscal%C3%ADa%20Regional%20de%20Ays%C3%A9n%20logra%20mantener%20los%20mejores%20resultados%20de%20persecuci%C3%B3n%20penal%20del%20pa%C3%ADs&#038;body=https:\/\/radiorevelacionfm.cl\/?p=39009' aria-hidden='false' data-av_icon='\ue805' data-av_iconfont='entypo-fontello' title='' data-avia-related-tooltip='Compartir por correo'><span class='avia_hidden_link_text'>Compartir por correo<\/span><\/a><\/li><\/ul><\/div><\/div>\n<div  style='height:50px' class='hr hr-invisible   avia-builder-el-8  el_after_av_social_share  el_before_av_comments_list '><span class='hr-inner ' ><span class='hr-inner-style'><\/span><\/span><\/div>\n<div  class='av-buildercomment  av-blog-meta-html-info-disabled av-blog-meta-tag-disabled  '><\/div>\n","protected":false},"excerpt":{"rendered":"","protected":false},"author":1,"featured_media":39010,"comment_status":"open","ping_status":"open","sticky":false,"template":"","format":"standard","meta":{"footnotes":""},"categories":[55],"tags":[],"class_list":["post-39009","post","type-post","status-publish","format-standard","has-post-thumbnail","hentry","category-justicia"],"jetpack_featured_media_url":"https:\/\/radiorevelacionfm.cl\/wp-content\/uploads\/2024\/01\/b-copia-1_optimized.jpg","_links":{"self":[{"href":"https:\/\/radiorevelacionfm.cl\/index.php?rest_route=\/wp\/v2\/posts\/39009","targetHints":{"allow":["GET"]}}],"collection":[{"href":"https:\/\/radiorevelacionfm.cl\/index.php?rest_route=\/wp\/v2\/posts"}],"about":[{"href":"https:\/\/radiorevelacionfm.cl\/index.php?rest_route=\/wp\/v2\/types\/post"}],"author":[{"embeddable":true,"href":"https:\/\/radiorevelacionfm.cl\/index.php?rest_route=\/wp\/v2\/users\/1"}],"replies":[{"embeddable":true,"href":"https:\/\/radiorevelacionfm.cl\/index.php?rest_route=%2Fwp%2Fv2%2Fcomments&post=39009"}],"version-history":[{"count":1,"href":"https:\/\/radiorevelacionfm.cl\/index.php?rest_route=\/wp\/v2\/posts\/39009\/revisions"}],"predecessor-version":[{"id":39011,"href":"https:\/\/radiorevelacionfm.cl\/index.php?rest_route=\/wp\/v2\/posts\/39009\/revisions\/39011"}],"wp:featuredmedia":[{"embeddable":true,"href":"https:\/\/radiorevelacionfm.cl\/index.php?rest_route=\/wp\/v2\/media\/39010"}],"wp:attachment":[{"href":"https:\/\/radiorevelacionfm.cl\/index.php?rest_route=%2Fwp%2Fv2%2Fmedia&parent=39009"}],"wp:term":[{"taxonomy":"category","embeddable":true,"href":"https:\/\/radiorevelacionfm.cl\/index.php?rest_route=%2Fwp%2Fv2%2Fcategories&post=39009"},{"taxonomy":"post_tag","embeddable":true,"href":"https:\/\/radiorevelacionfm.cl\/index.php?rest_route=%2Fwp%2Fv2%2Ftags&post=39009"}],"curies":[{"name":"wp","href":"https:\/\/api.w.org\/{rel}","templated":true}]}}