{"id":39001,"date":"2024-01-18T19:12:29","date_gmt":"2024-01-18T22:12:29","guid":{"rendered":"https:\/\/radiorevelacionfm.cl\/?p=39001"},"modified":"2024-01-18T19:31:25","modified_gmt":"2024-01-18T22:31:25","slug":"carabineros-investiga-robo-e-incendio-que-afecto-a-puestos-artesanales-en-plaza-de-armas-de-coyhaique","status":"publish","type":"post","link":"https:\/\/radiorevelacionfm.cl\/?p=39001","title":{"rendered":"Carabineros investiga robo e incendio que afect\u00f3 a puestos artesanales en Plaza de Armas de Coyhaique"},"content":{"rendered":"<div class=\"flex_column av_one_full  flex_column_div av-zero-column-padding first  avia-builder-el-0  el_before_av_one_full  avia-builder-el-first  \" style='border-radius:0px; '><div  class='avia-image-container  av-styling-    avia-builder-el-1  avia-builder-el-no-sibling  avia-align-center '  itemprop=\"image\" itemscope=\"itemscope\" itemtype=\"https:\/\/schema.org\/ImageObject\"  ><div class='avia-image-container-inner'><div class='avia-image-overlay-wrap'><img decoding=\"async\" class='wp-image-39002 avia-img-lazy-loading-not-39002 avia_image' src=\"https:\/\/radiorevelacionfm.cl\/wp-content\/uploads\/2024\/01\/be481ca7-97c1-444b-a627-9e9d968ee97b-1-1.jpg\" alt='' title='be481ca7-97c1-444b-a627-9e9d968ee97b (1) (1)' height=\"600\" width=\"1301\"  itemprop=\"thumbnailUrl\" srcset=\"https:\/\/radiorevelacionfm.cl\/wp-content\/uploads\/2024\/01\/be481ca7-97c1-444b-a627-9e9d968ee97b-1-1.jpg 1301w, https:\/\/radiorevelacionfm.cl\/wp-content\/uploads\/2024\/01\/be481ca7-97c1-444b-a627-9e9d968ee97b-1-1-300x138.jpg 300w, https:\/\/radiorevelacionfm.cl\/wp-content\/uploads\/2024\/01\/be481ca7-97c1-444b-a627-9e9d968ee97b-1-1-1030x475.jpg 1030w, https:\/\/radiorevelacionfm.cl\/wp-content\/uploads\/2024\/01\/be481ca7-97c1-444b-a627-9e9d968ee97b-1-1-768x354.jpg 768w, https:\/\/radiorevelacionfm.cl\/wp-content\/uploads\/2024\/01\/be481ca7-97c1-444b-a627-9e9d968ee97b-1-1-705x325.jpg 705w, https:\/\/radiorevelacionfm.cl\/wp-content\/uploads\/2024\/01\/be481ca7-97c1-444b-a627-9e9d968ee97b-1-1-450x208.jpg 450w, https:\/\/radiorevelacionfm.cl\/wp-content\/uploads\/2024\/01\/be481ca7-97c1-444b-a627-9e9d968ee97b-1-1-600x277.jpg 600w\" sizes=\"(max-width: 1301px) 100vw, 1301px\" \/><\/div><\/div><\/div><\/div>\n<div class=\"flex_column av_one_full  flex_column_div av-zero-column-padding first  avia-builder-el-2  el_after_av_one_full  el_before_av_one_full  column-top-margin\" style='border-radius:0px; '><section class=\"av_textblock_section \"  itemscope=\"itemscope\" itemtype=\"https:\/\/schema.org\/BlogPosting\" itemprop=\"blogPost\" ><div class='avia_textblock  '   itemprop=\"text\" ><p style=\"text-align: center;\"><strong><span style=\"font-size: 18pt;\">Carabineros investiga robo e incendio que afect\u00f3 a puestos artesanales en Plaza de Armas de Coyhaique<\/span><\/strong><\/p>\n<div id=\"gtx-trans\" style=\"position: absolute; left: -50px; top: 4.31534px;\">\n<div class=\"gtx-trans-icon\"><\/div>\n<\/div>\n<\/div><\/section><\/div>\n<div class=\"flex_column av_one_full  flex_column_div av-zero-column-padding first  avia-builder-el-4  el_after_av_one_full  el_before_av_hr  column-top-margin\" style='border-radius:0px; '><section class=\"av_textblock_section \"  itemscope=\"itemscope\" itemtype=\"https:\/\/schema.org\/BlogPosting\" itemprop=\"blogPost\" ><div class='avia_textblock  '   itemprop=\"text\" ><p style=\"text-align: justify;\">Diversas diligencias desarrolla equipo multidisciplinario conformado por la SIP y Labocar de Carabineros con la finalidad de esclarecer un delito de robo en lugar no habitado y da\u00f1os que afect\u00f3 a puestos artesanales en la plaza de armas de Coyhaique, cerca de las 04:56 horas de hoy, 18 de enero de 2024.<\/p>\n<p style=\"text-align: justify;\">De acuerdo a informaci\u00f3n entregada por el Comisario de Coyhaique, Mayor Gerardo Gonz\u00e1lez, el hecho se registr\u00f3 esta madrugada y afect\u00f3 a algunos puestos de artesan\u00edas, los cuales adem\u00e1s fueron afectados por fuego, el que pudo ser controlado de manera oportuna por el carabinero del punto fijo de la Delegaci\u00f3n Presidencial, quien haciendo uso de un extintor evit\u00f3 que las llamas se extendieran a otros puestos, trabajo al que se sumaron otros dispositivos que a esa hora se encontraban con procedimientos policiales en otros puntos de la ciudad.<\/p>\n<p style=\"text-align: justify;\">Al momento Labocar efectu\u00f3 levantamiento de material carbonizado para ser sometido a pruebas de an\u00e1lisis qu\u00edmico, en tanto que la SIP desarrolla diligencias referidas al empadronamiento de testigos y toma de declaraciones, sumado a la b\u00fasqueda y revisi\u00f3n de registros de c\u00e1maras de seguridad, que permitan obtener antecedentes \u00fatiles para el esclarecimiento de este hecho delictual y dar con el o los autores en un breve plazo.<\/p>\n<\/div><\/section><\/div><div  style='height:50px' class='hr hr-invisible   avia-builder-el-6  el_after_av_one_full  el_before_av_social_share '><span class='hr-inner ' ><span class='hr-inner-style'><\/span><\/span><\/div><\/p>\n<div  class='av-social-sharing-box  avia-builder-el-7  el_after_av_hr  el_before_av_hr  '><div class='av-share-box'><h5 class='av-share-link-description av-no-toc '>Compartir esta noticia<\/h5><ul class='av-share-box-list noLightbox'><li class='av-share-link av-social-link-facebook' ><a target=\"_blank\" aria-label=\"Compartir en Facebook\" href='https:\/\/www.facebook.com\/sharer.php?u=https:\/\/radiorevelacionfm.cl\/?p=39001&#038;t=Carabineros%20investiga%20robo%20e%20incendio%20que%20afect%C3%B3%20a%20puestos%20artesanales%20en%20Plaza%20de%20Armas%20de%20Coyhaique' aria-hidden='false' data-av_icon='\ue8f3' data-av_iconfont='entypo-fontello' title='' data-avia-related-tooltip='Compartir en Facebook' rel=\"noopener\"><span class='avia_hidden_link_text'>Compartir en Facebook<\/span><\/a><\/li><li class='av-share-link av-social-link-twitter' ><a target=\"_blank\" aria-label=\"Compartir en Twitter\" href='https:\/\/twitter.com\/share?text=Carabineros%20investiga%20robo%20e%20incendio%20que%20afect%C3%B3%20a%20puestos%20artesanales%20en%20Plaza%20de%20Armas%20de%20Coyhaique&#038;url=https:\/\/radiorevelacionfm.cl\/?p=39001' aria-hidden='false' data-av_icon='\ue8f1' data-av_iconfont='entypo-fontello' title='' data-avia-related-tooltip='Compartir en Twitter' rel=\"noopener\"><span class='avia_hidden_link_text'>Compartir en Twitter<\/span><\/a><\/li><li class='av-share-link av-social-link-whatsapp' ><a target=\"_blank\" aria-label=\"Compartir en Whatsapp\" href='https:\/\/api.whatsapp.com\/send?text=https:\/\/radiorevelacionfm.cl\/?p=39001' aria-hidden='false' data-av_icon='\uf232' data-av_iconfont='entypo-fontello' title='' data-avia-related-tooltip='Compartir en Whatsapp' rel=\"noopener\"><span class='avia_hidden_link_text'>Compartir en Whatsapp<\/span><\/a><\/li><li class='av-share-link av-social-link-linkedin' ><a target=\"_blank\" aria-label=\"Compartir en LinkedIn\" href='https:\/\/linkedin.com\/shareArticle?mini=true&#038;title=Carabineros%20investiga%20robo%20e%20incendio%20que%20afect%C3%B3%20a%20puestos%20artesanales%20en%20Plaza%20de%20Armas%20de%20Coyhaique&#038;url=https:\/\/radiorevelacionfm.cl\/?p=39001' aria-hidden='false' data-av_icon='\ue8fc' data-av_iconfont='entypo-fontello' title='' data-avia-related-tooltip='Compartir en LinkedIn' rel=\"noopener\"><span class='avia_hidden_link_text'>Compartir en LinkedIn<\/span><\/a><\/li><li class='av-share-link av-social-link-mail' ><a  aria-label=\"Compartir por correo\" href='mailto:?subject=Carabineros%20investiga%20robo%20e%20incendio%20que%20afect%C3%B3%20a%20puestos%20artesanales%20en%20Plaza%20de%20Armas%20de%20Coyhaique&#038;body=https:\/\/radiorevelacionfm.cl\/?p=39001' aria-hidden='false' data-av_icon='\ue805' data-av_iconfont='entypo-fontello' title='' data-avia-related-tooltip='Compartir por correo'><span class='avia_hidden_link_text'>Compartir por correo<\/span><\/a><\/li><\/ul><\/div><\/div>\n<div  style='height:50px' class='hr hr-invisible   avia-builder-el-8  el_after_av_social_share  el_before_av_comments_list '><span class='hr-inner ' ><span class='hr-inner-style'><\/span><\/span><\/div>\n<div  class='av-buildercomment  av-blog-meta-html-info-disabled av-blog-meta-tag-disabled  '><\/div>\n","protected":false},"excerpt":{"rendered":"","protected":false},"author":1,"featured_media":39002,"comment_status":"open","ping_status":"open","sticky":false,"template":"","format":"standard","meta":{"footnotes":""},"categories":[36],"tags":[],"class_list":["post-39001","post","type-post","status-publish","format-standard","has-post-thumbnail","hentry","category-policial"],"jetpack_featured_media_url":"https:\/\/radiorevelacionfm.cl\/wp-content\/uploads\/2024\/01\/be481ca7-97c1-444b-a627-9e9d968ee97b-1-1.jpg","_links":{"self":[{"href":"https:\/\/radiorevelacionfm.cl\/index.php?rest_route=\/wp\/v2\/posts\/39001","targetHints":{"allow":["GET"]}}],"collection":[{"href":"https:\/\/radiorevelacionfm.cl\/index.php?rest_route=\/wp\/v2\/posts"}],"about":[{"href":"https:\/\/radiorevelacionfm.cl\/index.php?rest_route=\/wp\/v2\/types\/post"}],"author":[{"embeddable":true,"href":"https:\/\/radiorevelacionfm.cl\/index.php?rest_route=\/wp\/v2\/users\/1"}],"replies":[{"embeddable":true,"href":"https:\/\/radiorevelacionfm.cl\/index.php?rest_route=%2Fwp%2Fv2%2Fcomments&post=39001"}],"version-history":[{"count":3,"href":"https:\/\/radiorevelacionfm.cl\/index.php?rest_route=\/wp\/v2\/posts\/39001\/revisions"}],"predecessor-version":[{"id":39008,"href":"https:\/\/radiorevelacionfm.cl\/index.php?rest_route=\/wp\/v2\/posts\/39001\/revisions\/39008"}],"wp:featuredmedia":[{"embeddable":true,"href":"https:\/\/radiorevelacionfm.cl\/index.php?rest_route=\/wp\/v2\/media\/39002"}],"wp:attachment":[{"href":"https:\/\/radiorevelacionfm.cl\/index.php?rest_route=%2Fwp%2Fv2%2Fmedia&parent=39001"}],"wp:term":[{"taxonomy":"category","embeddable":true,"href":"https:\/\/radiorevelacionfm.cl\/index.php?rest_route=%2Fwp%2Fv2%2Fcategories&post=39001"},{"taxonomy":"post_tag","embeddable":true,"href":"https:\/\/radiorevelacionfm.cl\/index.php?rest_route=%2Fwp%2Fv2%2Ftags&post=39001"}],"curies":[{"name":"wp","href":"https:\/\/api.w.org\/{rel}","templated":true}]}}