{"id":38998,"date":"2024-01-19T12:44:15","date_gmt":"2024-01-19T15:44:15","guid":{"rendered":"https:\/\/radiorevelacionfm.cl\/?p=38998"},"modified":"2024-01-19T12:44:15","modified_gmt":"2024-01-19T15:44:15","slug":"senadora-ordenes-propone-creacion-de-un-registro-clinico-unificado-para-avanzar-en-una-solucion-a-las-listas-de-espera","status":"publish","type":"post","link":"https:\/\/radiorevelacionfm.cl\/?p=38998","title":{"rendered":"Senadora \u00d3rdenes propone creaci\u00f3n de un registro cl\u00ednico unificado para avanzar en una soluci\u00f3n a las Listas de Espera"},"content":{"rendered":"<div class=\"flex_column av_one_full  flex_column_div av-zero-column-padding first  avia-builder-el-0  el_before_av_one_full  avia-builder-el-first  \" style='border-radius:0px; '><div  class='avia-image-container  av-styling-    avia-builder-el-1  avia-builder-el-no-sibling  avia-align-center '  itemprop=\"image\" itemscope=\"itemscope\" itemtype=\"https:\/\/schema.org\/ImageObject\"  ><div class='avia-image-container-inner'><div class='avia-image-overlay-wrap'><img decoding=\"async\" class='wp-image-38999 avia-img-lazy-loading-not-38999 avia_image' src=\"https:\/\/radiorevelacionfm.cl\/wp-content\/uploads\/2024\/01\/SENADORA-2024-01-1.jpg\" alt='' title='SENADORA - 2024-01 (1)' height=\"600\" width=\"902\"  itemprop=\"thumbnailUrl\" srcset=\"https:\/\/radiorevelacionfm.cl\/wp-content\/uploads\/2024\/01\/SENADORA-2024-01-1.jpg 902w, https:\/\/radiorevelacionfm.cl\/wp-content\/uploads\/2024\/01\/SENADORA-2024-01-1-300x200.jpg 300w, https:\/\/radiorevelacionfm.cl\/wp-content\/uploads\/2024\/01\/SENADORA-2024-01-1-768x511.jpg 768w, https:\/\/radiorevelacionfm.cl\/wp-content\/uploads\/2024\/01\/SENADORA-2024-01-1-705x469.jpg 705w, https:\/\/radiorevelacionfm.cl\/wp-content\/uploads\/2024\/01\/SENADORA-2024-01-1-450x299.jpg 450w, https:\/\/radiorevelacionfm.cl\/wp-content\/uploads\/2024\/01\/SENADORA-2024-01-1-600x399.jpg 600w\" sizes=\"(max-width: 902px) 100vw, 902px\" \/><\/div><\/div><\/div><\/div><div class=\"flex_column av_one_full  flex_column_div av-zero-column-padding first  avia-builder-el-2  el_after_av_one_full  el_before_av_one_full  column-top-margin\" style='border-radius:0px; '><section class=\"av_textblock_section \"  itemscope=\"itemscope\" itemtype=\"https:\/\/schema.org\/BlogPosting\" itemprop=\"blogPost\" ><div class='avia_textblock  '   itemprop=\"text\" ><p style=\"text-align: center;\"><span style=\"font-size: 18pt;\"><strong>Senadora \u00d3rdenes propone <\/strong><strong>creaci\u00f3n de un registro cl\u00ednico unificado para avanzar en una soluci\u00f3n a las Listas de Espera<\/strong><\/span><\/p>\n<div id=\"gtx-trans\" style=\"position: absolute; left: -50px; top: 4.31534px;\">\n<div class=\"gtx-trans-icon\"><\/div>\n<\/div>\n<\/div><\/section><\/div><div class=\"flex_column av_one_full  flex_column_div av-zero-column-padding first  avia-builder-el-4  el_after_av_one_full  el_before_av_hr  column-top-margin\" style='border-radius:0px; '><section class=\"av_textblock_section \"  itemscope=\"itemscope\" itemtype=\"https:\/\/schema.org\/BlogPosting\" itemprop=\"blogPost\" ><div class='avia_textblock  '   itemprop=\"text\" ><p style=\"text-align: justify;\"><em>Tras el balance entregado por el Ministerio de Salud a la Comisi\u00f3n de Salud del Senado, la senadora por la regi\u00f3n de Ays\u00e9n, Ximena \u00d3rdenes, indic\u00f3 que hay problemas puntuales que afectan a los usuarios al momento de acceder al Sistema, poniendo como ejemplo el fracaso del Call Center inaugurado en Ays\u00e9n, el cual promet\u00eda ser una soluci\u00f3n a las filas durante los d\u00edas de toma de horas m\u00e9dicas.<\/em><\/p>\n<p style=\"text-align: justify;\">\u201cYo dir\u00eda que las listas de espera es uno de los grandes desaf\u00edos que tiene el Ministerio de Salud y un tema recurrente en las regiones. Hace poco el director del Servicio de Salud Ays\u00e9n estuvo en el Consejo Regional y al menos, en la lista de espera en consulta nueva son 10.389 casos, que para una regi\u00f3n como Ays\u00e9n, me parece una cifra significativa\u201d, sostuvo la parlamentaria.<\/p>\n<p style=\"text-align: justify;\">\u201cM\u00e1s all\u00e1 de entrar en las cifras, quiero preguntar por medidas espec\u00edficas, porque lo que veo como una variable cr\u00edtica es el encuentro entre el usuario y el sistema. En Ays\u00e9n se inaugur\u00f3 con bombos y platillos el que ya no se tendr\u00eda que hacer m\u00e1s filas, sino que se podr\u00eda llamar a X tel\u00e9fono para agendar una hora. Creo que esto es uno de los grandes fracasos\u201d, continu\u00f3 la senadora en su intervenci\u00f3n en la Comisi\u00f3n de Salud del Senado, dando cuenta, tanto a la ministra de Salud, Ximena Aguilera, como al Subsecretario de Redes Asistenciales, Oslvaldo Salgado, sobre el estado actual de la atenci\u00f3n en la regi\u00f3n de Ays\u00e9n.<\/p>\n<p style=\"text-align: justify;\">\u201cCuando no se juntan quienes tienen que convocarse es imposible y yo veo que una de las variables m\u00e1s cr\u00edticas es la gesti\u00f3n. Comparto las medidas que se han detallado, pero las filas durante la madrugada siguen existiendo\u201d, concluy\u00f3 la senadora.<\/p>\n<p style=\"text-align: justify;\">\u00d3rdenes dio un paso adelante e invit\u00f3 al Ejecutivo a dar una soluci\u00f3n m\u00e1s definitiva, pensando en un sistema cl\u00ednico a partir un registro \u00fanico. \u201cYo creo que hay que apuntar a la creaci\u00f3n de un registro cl\u00ednico unificado. Les aseguro que ah\u00ed vamos a tocar una variable que es bien sensible\u201d, sostuvo la representante de Ays\u00e9n en el Senado.<\/p>\n<p style=\"text-align: justify;\">Finalmente, junto con esto, la senadora se refiri\u00f3 a las garant\u00edas oncol\u00f3gicas, recordando que en las \u00faltimas presentaciones realizadas por la cartera de Salud en la Comisi\u00f3n \u201cotra de las brecas o nudos cr\u00edticos era la etapa de diagn\u00f3stico, cuando en temas de c\u00e1ncer la oportunidad y los tiempos son esenciales\u201d. \u201c\u00bfQu\u00e9 medidas se est\u00e1n tomando espec\u00edficamente para acelerar la etapa de diagn\u00f3stico de problem\u00e1ticas de salud tan relevantes como el c\u00e1ncer?\u201d, concluy\u00f3 la parlamentaria, cuestionando al subsecretario de redes asistenciales, quien estaba a la cabeza de la presentaci\u00f3n.<\/p>\n<p style=\"text-align: justify;\">En el balance entregado por el Minsal, entre otras cifras, la cartera declar\u00f3 que los tiempos de espera No GES se redujeron un 20,5% y que se logr\u00f3 cumplir el 97,68% de las garant\u00edas expl\u00edcitas. Adem\u00e1s, aseguraron que, en cuanto a las defunciones de personas registradas en la Lista de Espera No GES, en su mayor\u00eda, la causa de fallecimiento no presentaba asociaci\u00f3n con la causa por la cual la persona est\u00e1 en lista de espera.<\/p>\n<\/div><\/section><\/div><div  style='height:50px' class='hr hr-invisible   avia-builder-el-6  el_after_av_one_full  el_before_av_social_share '><span class='hr-inner ' ><span class='hr-inner-style'><\/span><\/span><\/div><\/p>\n<div  class='av-social-sharing-box  avia-builder-el-7  el_after_av_hr  el_before_av_hr  '><div class='av-share-box'><h5 class='av-share-link-description av-no-toc '>Compartir esta noticia<\/h5><ul class='av-share-box-list noLightbox'><li class='av-share-link av-social-link-facebook' ><a target=\"_blank\" aria-label=\"Compartir en Facebook\" href='https:\/\/www.facebook.com\/sharer.php?u=https:\/\/radiorevelacionfm.cl\/?p=38998&#038;t=Senadora%20%C3%93rdenes%20propone%20creaci%C3%B3n%20de%20un%20registro%20cl%C3%ADnico%20unificado%20para%20avanzar%20en%20una%20soluci%C3%B3n%20a%20las%20Listas%20de%20Espera' aria-hidden='false' data-av_icon='\ue8f3' data-av_iconfont='entypo-fontello' title='' data-avia-related-tooltip='Compartir en Facebook' rel=\"noopener\"><span class='avia_hidden_link_text'>Compartir en Facebook<\/span><\/a><\/li><li class='av-share-link av-social-link-twitter' ><a target=\"_blank\" aria-label=\"Compartir en Twitter\" href='https:\/\/twitter.com\/share?text=Senadora%20%C3%93rdenes%20propone%20creaci%C3%B3n%20de%20un%20registro%20cl%C3%ADnico%20unificado%20para%20avanzar%20en%20una%20soluci%C3%B3n%20a%20las%20Listas%20de%20Espera&#038;url=https:\/\/radiorevelacionfm.cl\/?p=38998' aria-hidden='false' data-av_icon='\ue8f1' data-av_iconfont='entypo-fontello' title='' data-avia-related-tooltip='Compartir en Twitter' rel=\"noopener\"><span class='avia_hidden_link_text'>Compartir en Twitter<\/span><\/a><\/li><li class='av-share-link av-social-link-whatsapp' ><a target=\"_blank\" aria-label=\"Compartir en Whatsapp\" href='https:\/\/api.whatsapp.com\/send?text=https:\/\/radiorevelacionfm.cl\/?p=38998' aria-hidden='false' data-av_icon='\uf232' data-av_iconfont='entypo-fontello' title='' data-avia-related-tooltip='Compartir en Whatsapp' rel=\"noopener\"><span class='avia_hidden_link_text'>Compartir en Whatsapp<\/span><\/a><\/li><li class='av-share-link av-social-link-linkedin' ><a target=\"_blank\" aria-label=\"Compartir en LinkedIn\" href='https:\/\/linkedin.com\/shareArticle?mini=true&#038;title=Senadora%20%C3%93rdenes%20propone%20creaci%C3%B3n%20de%20un%20registro%20cl%C3%ADnico%20unificado%20para%20avanzar%20en%20una%20soluci%C3%B3n%20a%20las%20Listas%20de%20Espera&#038;url=https:\/\/radiorevelacionfm.cl\/?p=38998' aria-hidden='false' data-av_icon='\ue8fc' data-av_iconfont='entypo-fontello' title='' data-avia-related-tooltip='Compartir en LinkedIn' rel=\"noopener\"><span class='avia_hidden_link_text'>Compartir en LinkedIn<\/span><\/a><\/li><li class='av-share-link av-social-link-mail' ><a  aria-label=\"Compartir por correo\" href='mailto:?subject=Senadora%20%C3%93rdenes%20propone%20creaci%C3%B3n%20de%20un%20registro%20cl%C3%ADnico%20unificado%20para%20avanzar%20en%20una%20soluci%C3%B3n%20a%20las%20Listas%20de%20Espera&#038;body=https:\/\/radiorevelacionfm.cl\/?p=38998' aria-hidden='false' data-av_icon='\ue805' data-av_iconfont='entypo-fontello' title='' data-avia-related-tooltip='Compartir por correo'><span class='avia_hidden_link_text'>Compartir por correo<\/span><\/a><\/li><\/ul><\/div><\/div>\n<div  style='height:50px' class='hr hr-invisible   avia-builder-el-8  el_after_av_social_share  el_before_av_comments_list '><span class='hr-inner ' ><span class='hr-inner-style'><\/span><\/span><\/div>\n<div  class='av-buildercomment  av-blog-meta-html-info-disabled av-blog-meta-tag-disabled  '><\/div>\n","protected":false},"excerpt":{"rendered":"","protected":false},"author":1,"featured_media":38999,"comment_status":"open","ping_status":"open","sticky":false,"template":"","format":"standard","meta":{"footnotes":""},"categories":[35],"tags":[],"class_list":["post-38998","post","type-post","status-publish","format-standard","has-post-thumbnail","hentry","category-politica"],"jetpack_featured_media_url":"https:\/\/radiorevelacionfm.cl\/wp-content\/uploads\/2024\/01\/SENADORA-2024-01-1.jpg","_links":{"self":[{"href":"https:\/\/radiorevelacionfm.cl\/index.php?rest_route=\/wp\/v2\/posts\/38998","targetHints":{"allow":["GET"]}}],"collection":[{"href":"https:\/\/radiorevelacionfm.cl\/index.php?rest_route=\/wp\/v2\/posts"}],"about":[{"href":"https:\/\/radiorevelacionfm.cl\/index.php?rest_route=\/wp\/v2\/types\/post"}],"author":[{"embeddable":true,"href":"https:\/\/radiorevelacionfm.cl\/index.php?rest_route=\/wp\/v2\/users\/1"}],"replies":[{"embeddable":true,"href":"https:\/\/radiorevelacionfm.cl\/index.php?rest_route=%2Fwp%2Fv2%2Fcomments&post=38998"}],"version-history":[{"count":1,"href":"https:\/\/radiorevelacionfm.cl\/index.php?rest_route=\/wp\/v2\/posts\/38998\/revisions"}],"predecessor-version":[{"id":39000,"href":"https:\/\/radiorevelacionfm.cl\/index.php?rest_route=\/wp\/v2\/posts\/38998\/revisions\/39000"}],"wp:featuredmedia":[{"embeddable":true,"href":"https:\/\/radiorevelacionfm.cl\/index.php?rest_route=\/wp\/v2\/media\/38999"}],"wp:attachment":[{"href":"https:\/\/radiorevelacionfm.cl\/index.php?rest_route=%2Fwp%2Fv2%2Fmedia&parent=38998"}],"wp:term":[{"taxonomy":"category","embeddable":true,"href":"https:\/\/radiorevelacionfm.cl\/index.php?rest_route=%2Fwp%2Fv2%2Fcategories&post=38998"},{"taxonomy":"post_tag","embeddable":true,"href":"https:\/\/radiorevelacionfm.cl\/index.php?rest_route=%2Fwp%2Fv2%2Ftags&post=38998"}],"curies":[{"name":"wp","href":"https:\/\/api.w.org\/{rel}","templated":true}]}}