{"id":38994,"date":"2024-01-18T18:08:47","date_gmt":"2024-01-18T21:08:47","guid":{"rendered":"https:\/\/radiorevelacionfm.cl\/?p=38994"},"modified":"2024-01-18T18:08:47","modified_gmt":"2024-01-18T21:08:47","slug":"wampu-kayak-school-y-municipio-invita-a-la-comunidad-a-sumarse-al-festival-del-rio-aysen","status":"publish","type":"post","link":"https:\/\/radiorevelacionfm.cl\/?p=38994","title":{"rendered":"\u201cWampu Kayak School\u201d y municipio invita a la comunidad a sumarse al \u201cFestival del rio Ays\u00e9n\u201d"},"content":{"rendered":"<div class=\"flex_column av_one_full  flex_column_div av-zero-column-padding first  avia-builder-el-0  el_before_av_one_full  avia-builder-el-first  \" style='border-radius:0px; '><div  class='avia-image-container  av-styling-    avia-builder-el-1  avia-builder-el-no-sibling  avia-align-center '  itemprop=\"image\" itemscope=\"itemscope\" itemtype=\"https:\/\/schema.org\/ImageObject\"  ><div class='avia-image-container-inner'><div class='avia-image-overlay-wrap'><img decoding=\"async\" class='wp-image-38995 avia-img-lazy-loading-not-38995 avia_image' src=\"https:\/\/radiorevelacionfm.cl\/wp-content\/uploads\/2024\/01\/INVITA-FESTIVAL-RIO-3-1-1.jpg\" alt='' title='INVITA FESTIVAL RIO 3 (1) (1)' height=\"600\" width=\"1067\"  itemprop=\"thumbnailUrl\" srcset=\"https:\/\/radiorevelacionfm.cl\/wp-content\/uploads\/2024\/01\/INVITA-FESTIVAL-RIO-3-1-1.jpg 1067w, https:\/\/radiorevelacionfm.cl\/wp-content\/uploads\/2024\/01\/INVITA-FESTIVAL-RIO-3-1-1-300x169.jpg 300w, https:\/\/radiorevelacionfm.cl\/wp-content\/uploads\/2024\/01\/INVITA-FESTIVAL-RIO-3-1-1-1030x579.jpg 1030w, https:\/\/radiorevelacionfm.cl\/wp-content\/uploads\/2024\/01\/INVITA-FESTIVAL-RIO-3-1-1-768x432.jpg 768w, https:\/\/radiorevelacionfm.cl\/wp-content\/uploads\/2024\/01\/INVITA-FESTIVAL-RIO-3-1-1-705x396.jpg 705w, https:\/\/radiorevelacionfm.cl\/wp-content\/uploads\/2024\/01\/INVITA-FESTIVAL-RIO-3-1-1-450x253.jpg 450w, https:\/\/radiorevelacionfm.cl\/wp-content\/uploads\/2024\/01\/INVITA-FESTIVAL-RIO-3-1-1-600x337.jpg 600w\" sizes=\"(max-width: 1067px) 100vw, 1067px\" \/><\/div><\/div><\/div><\/div>\n<div class=\"flex_column av_one_full  flex_column_div av-zero-column-padding first  avia-builder-el-2  el_after_av_one_full  el_before_av_one_full  column-top-margin\" style='border-radius:0px; '><section class=\"av_textblock_section \"  itemscope=\"itemscope\" itemtype=\"https:\/\/schema.org\/BlogPosting\" itemprop=\"blogPost\" ><div class='avia_textblock  '   itemprop=\"text\" ><p style=\"text-align: center;\"><strong><span style=\"font-size: 18pt;\">\u201cWampu Kayak School\u201d y municipio invita a la comunidad a sumarse al \u201cFestival del rio Ays\u00e9n\u201d<\/span><\/strong><\/p>\n<div id=\"gtx-trans\" style=\"position: absolute; left: -50px; top: 4.31534px;\">\n<div class=\"gtx-trans-icon\"><\/div>\n<\/div>\n<\/div><\/section><\/div><div class=\"flex_column av_one_full  flex_column_div av-zero-column-padding first  avia-builder-el-4  el_after_av_one_full  el_before_av_hr  column-top-margin\" style='border-radius:0px; '><section class=\"av_textblock_section \"  itemscope=\"itemscope\" itemtype=\"https:\/\/schema.org\/BlogPosting\" itemprop=\"blogPost\" ><div class='avia_textblock  '   itemprop=\"text\" ><p style=\"text-align: justify;\">En los 96 a\u00f1os que est\u00e1 pr\u00f3xima a cumplir la ciudad de Puerto Ays\u00e9n, se ha programado la segunda versi\u00f3n del \u201cCarnaval del Agua\u201d, iniciativa que considera actividades art\u00edstico \u2013 culturales, jornada para las distintas edades y competencias deportivas, como, por ejemplo, \u201cFestival del r\u00edo Ays\u00e9n\u201d.<\/p>\n<p style=\"text-align: justify;\">Fueron los integrantes de \u201cWampu Kayak School\u201d, quienes, tras una reuni\u00f3n con la primera autoridad comunal, Alcalde Julio Uribe, determinaron realizar la traves\u00eda por el rio que divide las riberas sur y norte de Puerto Ays\u00e9n. As\u00ed lo dio a conocer uno de sus integrantes, Erick Sandoval.<\/p>\n<p style=\"text-align: justify;\">\u201cVenimos de una reuni\u00f3n con nuestro Alcalde, don Julio y en el marco del 96 aniversario de Puerto Ays\u00e9n vamos a realizar el festival del rio y vamos a tener interesantes actividades donde va a poder participar toda la familia, tanto ni\u00f1os como adultos, para que conozcan el rio y lo podamos disfrutar de manera segura. Vamos a estar informando todas las actividades, como deben inscribirse y como pueden participar\u201d.<\/p>\n<p style=\"text-align: justify;\">Cristian Salinas, tambi\u00e9n parte del equipo de \u201cWampu Kayak School\u201d, mencion\u00f3 que las actividades se concentrar\u00e1n en el rio Ays\u00e9n, el d\u00eda 28 enero pr\u00f3ximo, por ello, \u201clos quiero invitar al festival del r\u00edo Ays\u00e9n, que se realizar\u00e1 el d\u00eda 28, a las tres de la tarde, para toda la comunidad, adultos y ni\u00f1os. La idea es, poder descender el rio en la secci\u00f3n del puente hacia la pen\u00ednsula\u201d.<\/p>\n<p style=\"text-align: justify;\">Durante los pr\u00f3ximos d\u00edas a trav\u00e9s de las redes sociales de la Municipalidad se entregar\u00e1 el detalle de las actividades a realizarse para el Festival del rio Ays\u00e9n, el d\u00eda 28 de enero, en medio del Carnaval del Agua y de un aniversario m\u00e1s de Puerto Ays\u00e9n.<\/p>\n<\/div><\/section><\/div><\/p>\n<div  style='height:50px' class='hr hr-invisible   avia-builder-el-6  el_after_av_one_full  el_before_av_social_share '><span class='hr-inner ' ><span class='hr-inner-style'><\/span><\/span><\/div>\n<div  class='av-social-sharing-box  avia-builder-el-7  el_after_av_hr  el_before_av_hr  '><div class='av-share-box'><h5 class='av-share-link-description av-no-toc '>Compartir esta noticia<\/h5><ul class='av-share-box-list noLightbox'><li class='av-share-link av-social-link-facebook' ><a target=\"_blank\" aria-label=\"Compartir en Facebook\" href='https:\/\/www.facebook.com\/sharer.php?u=https:\/\/radiorevelacionfm.cl\/?p=38994&#038;t=%E2%80%9CWampu%20Kayak%20School%E2%80%9D%20y%20municipio%20invita%20a%20la%20comunidad%20a%20sumarse%20al%20%E2%80%9CFestival%20del%20rio%20Ays%C3%A9n%E2%80%9D' aria-hidden='false' data-av_icon='\ue8f3' data-av_iconfont='entypo-fontello' title='' data-avia-related-tooltip='Compartir en Facebook' rel=\"noopener\"><span class='avia_hidden_link_text'>Compartir en Facebook<\/span><\/a><\/li><li class='av-share-link av-social-link-twitter' ><a target=\"_blank\" aria-label=\"Compartir en Twitter\" href='https:\/\/twitter.com\/share?text=%E2%80%9CWampu%20Kayak%20School%E2%80%9D%20y%20municipio%20invita%20a%20la%20comunidad%20a%20sumarse%20al%20%E2%80%9CFestival%20del%20rio%20Ays%C3%A9n%E2%80%9D&#038;url=https:\/\/radiorevelacionfm.cl\/?p=38994' aria-hidden='false' data-av_icon='\ue8f1' data-av_iconfont='entypo-fontello' title='' data-avia-related-tooltip='Compartir en Twitter' rel=\"noopener\"><span class='avia_hidden_link_text'>Compartir en Twitter<\/span><\/a><\/li><li class='av-share-link av-social-link-whatsapp' ><a target=\"_blank\" aria-label=\"Compartir en Whatsapp\" href='https:\/\/api.whatsapp.com\/send?text=https:\/\/radiorevelacionfm.cl\/?p=38994' aria-hidden='false' data-av_icon='\uf232' data-av_iconfont='entypo-fontello' title='' data-avia-related-tooltip='Compartir en Whatsapp' rel=\"noopener\"><span class='avia_hidden_link_text'>Compartir en Whatsapp<\/span><\/a><\/li><li class='av-share-link av-social-link-linkedin' ><a target=\"_blank\" aria-label=\"Compartir en LinkedIn\" href='https:\/\/linkedin.com\/shareArticle?mini=true&#038;title=%E2%80%9CWampu%20Kayak%20School%E2%80%9D%20y%20municipio%20invita%20a%20la%20comunidad%20a%20sumarse%20al%20%E2%80%9CFestival%20del%20rio%20Ays%C3%A9n%E2%80%9D&#038;url=https:\/\/radiorevelacionfm.cl\/?p=38994' aria-hidden='false' data-av_icon='\ue8fc' data-av_iconfont='entypo-fontello' title='' data-avia-related-tooltip='Compartir en LinkedIn' rel=\"noopener\"><span class='avia_hidden_link_text'>Compartir en LinkedIn<\/span><\/a><\/li><li class='av-share-link av-social-link-mail' ><a  aria-label=\"Compartir por correo\" href='mailto:?subject=%E2%80%9CWampu%20Kayak%20School%E2%80%9D%20y%20municipio%20invita%20a%20la%20comunidad%20a%20sumarse%20al%20%E2%80%9CFestival%20del%20rio%20Ays%C3%A9n%E2%80%9D&#038;body=https:\/\/radiorevelacionfm.cl\/?p=38994' aria-hidden='false' data-av_icon='\ue805' data-av_iconfont='entypo-fontello' title='' data-avia-related-tooltip='Compartir por correo'><span class='avia_hidden_link_text'>Compartir por correo<\/span><\/a><\/li><\/ul><\/div><\/div>\n<div  style='height:50px' class='hr hr-invisible   avia-builder-el-8  el_after_av_social_share  el_before_av_comments_list '><span class='hr-inner ' ><span class='hr-inner-style'><\/span><\/span><\/div>\n<div  class='av-buildercomment  av-blog-meta-html-info-disabled av-blog-meta-tag-disabled  '><\/div>\n","protected":false},"excerpt":{"rendered":"","protected":false},"author":1,"featured_media":38995,"comment_status":"open","ping_status":"open","sticky":false,"template":"","format":"standard","meta":{"footnotes":""},"categories":[38],"tags":[],"class_list":["post-38994","post","type-post","status-publish","format-standard","has-post-thumbnail","hentry","category-regional"],"jetpack_featured_media_url":"https:\/\/radiorevelacionfm.cl\/wp-content\/uploads\/2024\/01\/INVITA-FESTIVAL-RIO-3-1-1.jpg","_links":{"self":[{"href":"https:\/\/radiorevelacionfm.cl\/index.php?rest_route=\/wp\/v2\/posts\/38994","targetHints":{"allow":["GET"]}}],"collection":[{"href":"https:\/\/radiorevelacionfm.cl\/index.php?rest_route=\/wp\/v2\/posts"}],"about":[{"href":"https:\/\/radiorevelacionfm.cl\/index.php?rest_route=\/wp\/v2\/types\/post"}],"author":[{"embeddable":true,"href":"https:\/\/radiorevelacionfm.cl\/index.php?rest_route=\/wp\/v2\/users\/1"}],"replies":[{"embeddable":true,"href":"https:\/\/radiorevelacionfm.cl\/index.php?rest_route=%2Fwp%2Fv2%2Fcomments&post=38994"}],"version-history":[{"count":2,"href":"https:\/\/radiorevelacionfm.cl\/index.php?rest_route=\/wp\/v2\/posts\/38994\/revisions"}],"predecessor-version":[{"id":38997,"href":"https:\/\/radiorevelacionfm.cl\/index.php?rest_route=\/wp\/v2\/posts\/38994\/revisions\/38997"}],"wp:featuredmedia":[{"embeddable":true,"href":"https:\/\/radiorevelacionfm.cl\/index.php?rest_route=\/wp\/v2\/media\/38995"}],"wp:attachment":[{"href":"https:\/\/radiorevelacionfm.cl\/index.php?rest_route=%2Fwp%2Fv2%2Fmedia&parent=38994"}],"wp:term":[{"taxonomy":"category","embeddable":true,"href":"https:\/\/radiorevelacionfm.cl\/index.php?rest_route=%2Fwp%2Fv2%2Fcategories&post=38994"},{"taxonomy":"post_tag","embeddable":true,"href":"https:\/\/radiorevelacionfm.cl\/index.php?rest_route=%2Fwp%2Fv2%2Ftags&post=38994"}],"curies":[{"name":"wp","href":"https:\/\/api.w.org\/{rel}","templated":true}]}}