{"id":38991,"date":"2024-01-19T10:22:33","date_gmt":"2024-01-19T13:22:33","guid":{"rendered":"https:\/\/radiorevelacionfm.cl\/?p=38991"},"modified":"2024-01-19T10:22:33","modified_gmt":"2024-01-19T13:22:33","slug":"un-ano-historico-para-el-deporte-descentralizacion-y-fortalecimiento-de-la-actividad-fisica-regional-marcaron-la-pauta-en-el-2023","status":"publish","type":"post","link":"https:\/\/radiorevelacionfm.cl\/?p=38991","title":{"rendered":"Un a\u00f1o hist\u00f3rico para el deporte: descentralizaci\u00f3n y fortalecimiento de la actividad f\u00edsica regional marcaron la pauta en el 2023"},"content":{"rendered":"<div class=\"flex_column av_one_full  flex_column_div av-zero-column-padding first  avia-builder-el-0  el_before_av_one_full  avia-builder-el-first  \" style='border-radius:0px; '><div  class='avia-image-container  av-styling-    avia-builder-el-1  avia-builder-el-no-sibling  avia-align-center '  itemprop=\"image\" itemscope=\"itemscope\" itemtype=\"https:\/\/schema.org\/ImageObject\"  ><div class='avia-image-container-inner'><div class='avia-image-overlay-wrap'><img decoding=\"async\" class='wp-image-38992 avia-img-lazy-loading-not-38992 avia_image' src=\"https:\/\/radiorevelacionfm.cl\/wp-content\/uploads\/2024\/01\/antorcha-uno-1-1.jpg\" alt='' title='antorcha uno (1) (1)' height=\"600\" width=\"900\"  itemprop=\"thumbnailUrl\" srcset=\"https:\/\/radiorevelacionfm.cl\/wp-content\/uploads\/2024\/01\/antorcha-uno-1-1.jpg 900w, https:\/\/radiorevelacionfm.cl\/wp-content\/uploads\/2024\/01\/antorcha-uno-1-1-300x200.jpg 300w, https:\/\/radiorevelacionfm.cl\/wp-content\/uploads\/2024\/01\/antorcha-uno-1-1-768x512.jpg 768w, https:\/\/radiorevelacionfm.cl\/wp-content\/uploads\/2024\/01\/antorcha-uno-1-1-705x470.jpg 705w, https:\/\/radiorevelacionfm.cl\/wp-content\/uploads\/2024\/01\/antorcha-uno-1-1-450x300.jpg 450w, https:\/\/radiorevelacionfm.cl\/wp-content\/uploads\/2024\/01\/antorcha-uno-1-1-600x400.jpg 600w\" sizes=\"(max-width: 900px) 100vw, 900px\" \/><\/div><\/div><\/div><\/div><div class=\"flex_column av_one_full  flex_column_div av-zero-column-padding first  avia-builder-el-2  el_after_av_one_full  el_before_av_one_full  column-top-margin\" style='border-radius:0px; '><section class=\"av_textblock_section \"  itemscope=\"itemscope\" itemtype=\"https:\/\/schema.org\/BlogPosting\" itemprop=\"blogPost\" ><div class='avia_textblock  '   itemprop=\"text\" ><p style=\"text-align: center;\"><strong><span style=\"font-size: 18pt;\">Un a\u00f1o hist\u00f3rico para el deporte: descentralizaci\u00f3n y fortalecimiento de la actividad f\u00edsica regional marcaron la pauta en el 2023<\/span><\/strong><\/p>\n<div id=\"gtx-trans\" style=\"position: absolute; left: -50px; top: 4.31534px;\">\n<div class=\"gtx-trans-icon\"><\/div>\n<\/div>\n<\/div><\/section><\/div><div class=\"flex_column av_one_full  flex_column_div av-zero-column-padding first  avia-builder-el-4  el_after_av_one_full  el_before_av_hr  column-top-margin\" style='border-radius:0px; '><section class=\"av_textblock_section \"  itemscope=\"itemscope\" itemtype=\"https:\/\/schema.org\/BlogPosting\" itemprop=\"blogPost\" ><div class='avia_textblock  '   itemprop=\"text\" ><p style=\"text-align: justify;\">La Secretar\u00eda Regional Ministerial (SEREMI) del Deporte en Ays\u00e9n, Mar\u00eda Eugenia Dur\u00e1n Jara, destac\u00f3 el impacto que tuvieron los Juegos Panamericanos y Parapanamericanos Santiago 2023 en todo el territorio Nacional y Regional.<\/p>\n<p style=\"text-align: justify;\">Desde la cartera de deportes regional, valoraron el legado que deja Santiago 2023, logrando un nivel de reconocimiento de un 83% de la poblaci\u00f3n y que se asocia fuertemente a valores como la inclusi\u00f3n, el respeto y la importancia de incorporar la pr\u00e1ctica del deporte en nuestras vidas.<\/p>\n<p style=\"text-align: justify;\">La Seremi del deporte, Mar\u00eda Eugenia Dur\u00e1n Jara, manifest\u00f3 su satisfacci\u00f3n al cierre de a\u00f1o de la cartera de deportes regional, \u201cEs un balance que fortalece y confirma que el deporte y la actividad f\u00edsica son puntos de encuentro y alegr\u00eda para todas y todos, donde se abren nuevos espacios para que la ciudadan\u00eda siga disfrutando de los beneficios del deporte, especialmente en aquellas personas que m\u00e1s lo necesitan. Bajo el mandato del Presidente Gabriel Boric, hemos avanzado en la descentralizaci\u00f3n y democratizaci\u00f3n del deporte. Fue un a\u00f1o de intenso trabajo de difusi\u00f3n y promoci\u00f3n de una cultura del movimiento, con participaci\u00f3n de m\u00e1s de 10 mil beneficiarios en talleres y eventos que IND ejecuta en la regi\u00f3n, fuimos parte de un momento hist\u00f3rico cuando organizamos y celebramos el paso de Antorcha Panamericana por las calles de Coyhaique, con relevistas que vinieron a representar a todas las comunas de la regi\u00f3n, donde qued\u00f3 de manifiesto la gran diversidad que caracteriza a nuestro territorio, distintas edades, culturas, diversidades sexo gen\u00e9ricas, representantes de la cultura mapuche, personas mayores, deportistas trans y paral\u00edmpicos, docentes y fuerzas armadas, adem\u00e1s de diferentes \u00e1reas de desarrollo que fueron visibilizadas en una gran fiesta inclusiva, dejando de manifiesto que la gente necesita, busca y agradece estos puntos de encuentro. Tambi\u00e9n aplaudimos a los 7 deportistas regionales que llevaron el nombre de nuestra regi\u00f3n a Santiago 2023, independiente de las medallas, el solo hecho de que una aisenina o aisenino llegue a codearse con los mejores del continente es un motivo de orgullo para nuestra instituci\u00f3n al igual que los triunfos del Para Tenismesista Manuel Echaveguren Far\u00edas y sus tres medallas de plata que recorrieron escuelas y fueron motivo de inspiraci\u00f3n para muchos ni\u00f1os y ni\u00f1as. Otro gran logro a relevar es que inauguramos la renovada multicancha de la escuela Guido G\u00f3mez Mu\u00f1oz en Puerto Cisnes y constituimos la Mesa T\u00e9cnica Regional de Deportes, entre otros hitos que forman parte del compromiso de Gobierno, que nos mandata a permear el enfoque de derecho en todas nuestras acciones.<\/p>\n<p style=\"text-align: justify;\">Sobre el 2024 la autoridad del deporte, indic\u00f3 \u201cDurante el 2024 tendremos la oportunidad de organizar como regi\u00f3n un mega evento deportivo como lo son los Juegos Binacionales Araucan\u00eda, en un esfuerzo organizativo de envergadura para alcanzar los impactos positivos proyectados no s\u00f3lo en lo deportivo, sino tambi\u00e9n en las econom\u00edas locales, en la promoci\u00f3n tur\u00edstica y en el posicionamiento de la imagen de la regi\u00f3n al resto del pa\u00eds, asimismo como Mindep \u2013 IND Ays\u00e9n este 2024 reafirmamos nuestro compromiso con el desarrollo del deporte, la actividad f\u00edsica y la promoci\u00f3n de una vida activa y saludable para todos sus ciudadanos.<\/p>\n<p style=\"text-align: justify;\"><strong>Deporte y actividad f\u00edsica en toda la regi\u00f3n y 100% gratis<\/strong><\/p>\n<p style=\"text-align: justify;\">En lo que va del a\u00f1o, (*noviembre 2023) 10.607 beneficiarios han participado en los diferentes programas del IND y sus subcomponentes, lo cual representa un 10,03% del universo total.<\/p>\n<p style=\"text-align: justify;\">De este total de beneficiarios 4.642 son hombres y 5.965 son mujeres.<\/p>\n<p style=\"text-align: justify;\">En este sentido, Deporte de Participaci\u00f3n Social contribuye con 5.376 beneficiarios, de los cuales 986 corresponden a Actividad F\u00edsica en el Curso de Vida, 53 a personas en situaci\u00f3n de discapacidad 4.103 a Deporte en Espacios P\u00fablicos, \u00a017 a Deporte Pueblos Originarios y 217 a Deporte Privados de Libertad.<\/p>\n<p style=\"text-align: justify;\">El programa Crecer en Movimiento (CEM) en la regi\u00f3n de Ays\u00e9n desarroll\u00f3 95 escuelas formativas y 25 encuentros formativos, con una inversi\u00f3n por parte del IND de M$290.807.<\/p>\n<p style=\"text-align: justify;\">Asimismo, en el programa CEM se han ingresado un total de 5.231 beneficiarios, 742 de los cuales corresponden a del Juego al Deporte, 585 a Elecci\u00f3n Deportiva \u00a03.308 a encuentros formativos y 596 a Jugar y Aprender.\u00a0 El 28% de los beneficiaros a la fecha son de actividades sistem\u00e1ticas y el 72% a eventos.<\/p>\n<p style=\"text-align: justify;\"><strong>Pink Party<\/strong><\/p>\n<p style=\"text-align: justify;\">De manera in\u00e9dita, este a\u00f1o cuatro provincias de la regi\u00f3n de Ays\u00e9n bailaron al ritmo de la 8\u00b0 PinkParty por la detecci\u00f3n temprana del c\u00e1ncer de mama.<\/p>\n<p style=\"text-align: justify;\">El emblem\u00e1tico evento que comenz\u00f3 en Coyhaique el a\u00f1o 2014, vivi\u00f3 su octava versi\u00f3n, apoyada por el Instituto Nacional de Deportes IND (Deporte y Participaci\u00f3n Social #ChileSeMueve), MINDEP, monitoras y monitores locales adem\u00e1s de diversas instituciones colaboradoras, entre ellas\u00a0SernamegAys\u00e9n, Seremi Salud Ays\u00e9n, Elige Vivir Sano, Aguas Patagonia, Oncopatagonia Lazos de Vida, Conac Coyhaique, municipios y Delegaciones Provinciales.<\/p>\n<p style=\"text-align: justify;\"><strong>Infraestructura deportiva en escuelas: Guido G\u00f3mez Mu\u00f1oz de Cisnes<\/strong><\/p>\n<p style=\"text-align: justify;\">En el mes de octubre se inaugur\u00f3 la multi cancha de la escuela Guido G\u00f3mez de Puerto Cisnes, en el marco del programa de Mejoramiento de Infraestructura Escolar del Ministerio del Deporte, intervenci\u00f3n que ampli\u00f3 y recuper\u00f3 un espacio para el deporte a trav\u00e9s del diagramado del suelo, sistema de drenajes de aguas, implementaci\u00f3n deportiva para b\u00e1squetbol, voleibol y baby f\u00fatbol, cambio de las mallas del cierre perimetral, cambio de luces, entre otras mejoras, que hoy aseguran una infraestructura de calidad tanto para la comunidad estudiantil como para la comunidad en general.<\/p>\n<p style=\"text-align: justify;\"><strong>Juegos Binacionales Araucan\u00eda- Ays\u00e9n 2024<\/strong><\/p>\n<p style=\"text-align: justify;\">En el mes de diciembre se constituy\u00f3 el Comit\u00e9 de Honor de los Juegos, una importante instancia de articulaci\u00f3n y trabajo conjunto entre los servicios del Estado, liderado por las m\u00e1ximas autoridades de la regi\u00f3n Delegado Presidencial y Gobernadora Regional de Ays\u00e9n, donde de manera un\u00e1nime se fij\u00f3 la fecha de este mega evento deportivo desde el 10 al 16 de noviembre de este a\u00f1o 2024, que se desarrollar\u00e1 en las comunas de Coyhaique y Puerto Ays\u00e9n, con una subsede en Punta Arenas, hito deportivo en el que participar\u00e1n aproximadamente a\u00a02.548 personas (deportistas, t\u00e9cnicos, \u00e1rbitros, delegados);\u00a0con una fuerte inversi\u00f3n p\u00fablica sectorial, a trav\u00e9s del IND donde tambi\u00e9n se cuenta con la colaboraci\u00f3n del Gobierno Regional.<\/p>\n<p style=\"text-align: justify;\"><strong>Fondeporte y Asignaci\u00f3n directa<\/strong><\/p>\n<p style=\"text-align: justify;\">12 proyectos del Fondo Nacional para el Fomento del Deporte se ejecutaron este 2023, \u00a0en tanto que 6 iniciativas recibieron aportes a trav\u00e9s de asignaci\u00f3n directa del IND regi\u00f3n de Ays\u00e9n, con una inversi\u00f3n total de $72.505.616 y 910 beneficiarios.<\/p>\n<p style=\"text-align: justify;\">Los proyectos beneficiados corresponden a las \u00e1reas de formaci\u00f3n para el deporte, deporte recreativo y deporte de competici\u00f3n, distribuidas en las comunas de O\u00b4Higgins, Coyhaique, Cochrane, Tortel, Lago Verde, Puerto Ays\u00e9n y R\u00edo Ib\u00e1\u00f1ez.<\/p>\n<p style=\"text-align: justify;\"><strong>Promesas Chile Regi\u00f3n de Ays\u00e9n<\/strong><\/p>\n<p style=\"text-align: justify;\">En cuanto al deporte competitivo y de alto rendimiento, la regi\u00f3n ha tenido un avance significativo, esto se vio reflejado en las disciplinas de judo, tenis de mesa y esgrima, pero tambi\u00e9n en otras disciplinas asociadas al alto rendimiento como la nataci\u00f3n y el ciclismo que siempre nos est\u00e1n dando triunfos y cosechando medallas para nuestra regi\u00f3n.<\/p>\n<p style=\"text-align: justify;\">El a\u00f1o 2023 el programa Promesas Chile Ays\u00e9n cont\u00f3 con 49 beneficiarios en las disciplinas de judo, tenis de mesa y esgrima, deportistas que participaron en 130 torneos y campeonatos nacionales e internacionales.<\/p>\n<p style=\"text-align: justify;\"><strong>Juegos Araucan\u00eda 2023 y Juegos Deportivos Escolares<\/strong><\/p>\n<p style=\"text-align: justify;\">107 deportistas nos representaron en los Juegos Escolares en la gran final nacional disputada en Santiago;\u00a0 la delegaci\u00f3n obtuvo 10 medallas en las disciplinas de nataci\u00f3n y judo. (4 platas y 6 bronces). En el\u00a0evento\u00a0escolar\u00a0m\u00e1s importante de Chile participaron m\u00e1s de 100 mil estudiantes de todo el pa\u00eds, certamen convocado por el Ministerio del Deporte y el Ministerio de Educaci\u00f3n, y organizado por el Instituto Nacional de Deportes (IND), con una inversi\u00f3n de $5.650 millones.<\/p>\n<p style=\"text-align: justify;\">En tanto, este a\u00f1o la edici\u00f3n n\u00famero 30\u00b0 de los Juegos Araucan\u00eda 2023, competencia juvenil desarrollada en la provincia de R\u00edo Negro y en la que participaron\u00a0 2500 deportistas de las seis provincias de la Patagonia Argentina y de las siete regiones de la Patagonia Chilena, \u00a0los seleccionados regionales obtuvieron 7 medallas en las disciplinas de nataci\u00f3n y judo (2 oros, 1 plata y 4 bronces).<\/p>\n<p style=\"text-align: justify;\"><strong>Legado Santiago 2023\/ Relevo Antorcha Panamericana<\/strong><\/p>\n<p style=\"text-align: justify;\">El d\u00eda 7 de octubre el fuego panamericano recorri\u00f3 las calles en una jornada hist\u00f3rica, las y los relevistas representantes de las 10 comunas de la regi\u00f3n trasladaron el fuego sagrado por aproximadamente 15 kil\u00f3metros, uniendo a toda la regi\u00f3n en torno al esp\u00edritu del deporte y la uni\u00f3n entre las naciones.<\/p>\n<p style=\"text-align: justify;\">Finalmente, la autoridad deportiva destac\u00f3 la visita a la regi\u00f3n del triple medallista de Plata Para panamericano Manuel Echaveguren Far\u00edas, quien realiz\u00f3 charlas motivacionales a estudiantes la escuela Municipal V\u00edctor Domingo Silva y Colegio Altamira.<\/p>\n<\/div><\/section><\/div><div  style='height:50px' class='hr hr-invisible   avia-builder-el-6  el_after_av_one_full  el_before_av_social_share '><span class='hr-inner ' ><span class='hr-inner-style'><\/span><\/span><\/div><\/p>\n<div  class='av-social-sharing-box  avia-builder-el-7  el_after_av_hr  el_before_av_hr  '><div class='av-share-box'><h5 class='av-share-link-description av-no-toc '>Compartir esta noticia<\/h5><ul class='av-share-box-list noLightbox'><li class='av-share-link av-social-link-facebook' ><a target=\"_blank\" aria-label=\"Compartir en Facebook\" href='https:\/\/www.facebook.com\/sharer.php?u=https:\/\/radiorevelacionfm.cl\/?p=38991&#038;t=Un%20a%C3%B1o%20hist%C3%B3rico%20para%20el%20deporte%3A%20descentralizaci%C3%B3n%20y%20fortalecimiento%20de%20la%20actividad%20f%C3%ADsica%20regional%20marcaron%20la%20pauta%20en%20el%202023' aria-hidden='false' data-av_icon='\ue8f3' data-av_iconfont='entypo-fontello' title='' data-avia-related-tooltip='Compartir en Facebook' rel=\"noopener\"><span class='avia_hidden_link_text'>Compartir en Facebook<\/span><\/a><\/li><li class='av-share-link av-social-link-twitter' ><a target=\"_blank\" aria-label=\"Compartir en Twitter\" href='https:\/\/twitter.com\/share?text=Un%20a%C3%B1o%20hist%C3%B3rico%20para%20el%20deporte%3A%20descentralizaci%C3%B3n%20y%20fortalecimiento%20de%20la%20actividad%20f%C3%ADsica%20regional%20marcaron%20la%20pauta%20en%20el%202023&#038;url=https:\/\/radiorevelacionfm.cl\/?p=38991' aria-hidden='false' data-av_icon='\ue8f1' data-av_iconfont='entypo-fontello' title='' data-avia-related-tooltip='Compartir en Twitter' rel=\"noopener\"><span class='avia_hidden_link_text'>Compartir en Twitter<\/span><\/a><\/li><li class='av-share-link av-social-link-whatsapp' ><a target=\"_blank\" aria-label=\"Compartir en Whatsapp\" href='https:\/\/api.whatsapp.com\/send?text=https:\/\/radiorevelacionfm.cl\/?p=38991' aria-hidden='false' data-av_icon='\uf232' data-av_iconfont='entypo-fontello' title='' data-avia-related-tooltip='Compartir en Whatsapp' rel=\"noopener\"><span class='avia_hidden_link_text'>Compartir en Whatsapp<\/span><\/a><\/li><li class='av-share-link av-social-link-linkedin' ><a target=\"_blank\" aria-label=\"Compartir en LinkedIn\" href='https:\/\/linkedin.com\/shareArticle?mini=true&#038;title=Un%20a%C3%B1o%20hist%C3%B3rico%20para%20el%20deporte%3A%20descentralizaci%C3%B3n%20y%20fortalecimiento%20de%20la%20actividad%20f%C3%ADsica%20regional%20marcaron%20la%20pauta%20en%20el%202023&#038;url=https:\/\/radiorevelacionfm.cl\/?p=38991' aria-hidden='false' data-av_icon='\ue8fc' data-av_iconfont='entypo-fontello' title='' data-avia-related-tooltip='Compartir en LinkedIn' rel=\"noopener\"><span class='avia_hidden_link_text'>Compartir en LinkedIn<\/span><\/a><\/li><li class='av-share-link av-social-link-mail' ><a  aria-label=\"Compartir por correo\" href='mailto:?subject=Un%20a%C3%B1o%20hist%C3%B3rico%20para%20el%20deporte%3A%20descentralizaci%C3%B3n%20y%20fortalecimiento%20de%20la%20actividad%20f%C3%ADsica%20regional%20marcaron%20la%20pauta%20en%20el%202023&#038;body=https:\/\/radiorevelacionfm.cl\/?p=38991' aria-hidden='false' data-av_icon='\ue805' data-av_iconfont='entypo-fontello' title='' data-avia-related-tooltip='Compartir por correo'><span class='avia_hidden_link_text'>Compartir por correo<\/span><\/a><\/li><\/ul><\/div><\/div>\n<div  style='height:50px' class='hr hr-invisible   avia-builder-el-8  el_after_av_social_share  el_before_av_comments_list '><span class='hr-inner ' ><span class='hr-inner-style'><\/span><\/span><\/div>\n<div  class='av-buildercomment  av-blog-meta-html-info-disabled av-blog-meta-tag-disabled  '><\/div>\n","protected":false},"excerpt":{"rendered":"","protected":false},"author":1,"featured_media":38992,"comment_status":"open","ping_status":"open","sticky":false,"template":"","format":"standard","meta":{"footnotes":""},"categories":[40],"tags":[],"class_list":["post-38991","post","type-post","status-publish","format-standard","has-post-thumbnail","hentry","category-deportes"],"jetpack_featured_media_url":"https:\/\/radiorevelacionfm.cl\/wp-content\/uploads\/2024\/01\/antorcha-uno-1-1.jpg","_links":{"self":[{"href":"https:\/\/radiorevelacionfm.cl\/index.php?rest_route=\/wp\/v2\/posts\/38991","targetHints":{"allow":["GET"]}}],"collection":[{"href":"https:\/\/radiorevelacionfm.cl\/index.php?rest_route=\/wp\/v2\/posts"}],"about":[{"href":"https:\/\/radiorevelacionfm.cl\/index.php?rest_route=\/wp\/v2\/types\/post"}],"author":[{"embeddable":true,"href":"https:\/\/radiorevelacionfm.cl\/index.php?rest_route=\/wp\/v2\/users\/1"}],"replies":[{"embeddable":true,"href":"https:\/\/radiorevelacionfm.cl\/index.php?rest_route=%2Fwp%2Fv2%2Fcomments&post=38991"}],"version-history":[{"count":1,"href":"https:\/\/radiorevelacionfm.cl\/index.php?rest_route=\/wp\/v2\/posts\/38991\/revisions"}],"predecessor-version":[{"id":38993,"href":"https:\/\/radiorevelacionfm.cl\/index.php?rest_route=\/wp\/v2\/posts\/38991\/revisions\/38993"}],"wp:featuredmedia":[{"embeddable":true,"href":"https:\/\/radiorevelacionfm.cl\/index.php?rest_route=\/wp\/v2\/media\/38992"}],"wp:attachment":[{"href":"https:\/\/radiorevelacionfm.cl\/index.php?rest_route=%2Fwp%2Fv2%2Fmedia&parent=38991"}],"wp:term":[{"taxonomy":"category","embeddable":true,"href":"https:\/\/radiorevelacionfm.cl\/index.php?rest_route=%2Fwp%2Fv2%2Fcategories&post=38991"},{"taxonomy":"post_tag","embeddable":true,"href":"https:\/\/radiorevelacionfm.cl\/index.php?rest_route=%2Fwp%2Fv2%2Ftags&post=38991"}],"curies":[{"name":"wp","href":"https:\/\/api.w.org\/{rel}","templated":true}]}}