{"id":3899,"date":"2021-05-07T16:50:49","date_gmt":"2021-05-07T19:50:49","guid":{"rendered":"https:\/\/radiorevelacionfm.cl\/?p=3899"},"modified":"2021-05-07T16:50:49","modified_gmt":"2021-05-07T19:50:49","slug":"economia-y-gremios-de-empresas-acuerdan-permiso-para-que-trabajadores-se-vacunen-en-horario-laboral","status":"publish","type":"post","link":"https:\/\/radiorevelacionfm.cl\/?p=3899","title":{"rendered":"Econom\u00eda y gremios de empresas acuerdan permiso para que trabajadores se vacunen en horario laboral"},"content":{"rendered":"<div class=\"flex_column av_one_full  flex_column_div av-zero-column-padding first  avia-builder-el-0  el_before_av_one_full  avia-builder-el-first  \" style='border-radius:0px; '><div  class='avia-image-container  av-styling-    avia-builder-el-1  avia-builder-el-no-sibling  avia-align-center '  itemprop=\"image\" itemscope=\"itemscope\" itemtype=\"https:\/\/schema.org\/ImageObject\"  ><div class='avia-image-container-inner'><div class='avia-image-overlay-wrap'><img decoding=\"async\" class='wp-image-0 avia-img-lazy-loading-not-0 avia_image' src=\"https:\/\/radiorevelacionfm.cl\/wp-content\/uploads\/2021\/05\/Seremi-Economia2-1.jpg\" alt='' title=''   itemprop=\"thumbnailUrl\"  \/><\/div><\/div><\/div><\/div><div class=\"flex_column av_one_full  flex_column_div av-zero-column-padding first  avia-builder-el-2  el_after_av_one_full  el_before_av_one_full  column-top-margin\" style='border-radius:0px; '><section class=\"av_textblock_section \"  itemscope=\"itemscope\" itemtype=\"https:\/\/schema.org\/BlogPosting\" itemprop=\"blogPost\" ><div class='avia_textblock  '   itemprop=\"text\" ><p style=\"text-align: center;\"><strong><span style=\"font-size: 18pt;\">Econom\u00eda y gremios de empresas acuerdan permiso para que trabajadores se vacunen en horario laboral<\/span><\/strong><\/p>\n<div id=\"gtx-trans\" style=\"position: absolute; left: -50px; top: 4.31534px;\">\n<div class=\"gtx-trans-icon\"><\/div>\n<\/div>\n<\/div><\/section><\/div><div class=\"flex_column av_one_full  flex_column_div av-zero-column-padding first  avia-builder-el-4  el_after_av_one_full  el_before_av_hr  column-top-margin\" style='border-radius:0px; '><section class=\"av_textblock_section \"  itemscope=\"itemscope\" itemtype=\"https:\/\/schema.org\/BlogPosting\" itemprop=\"blogPost\" ><div class='avia_textblock  '   itemprop=\"text\" ><p style=\"text-align: justify;\">El ministerio de Econom\u00eda anunci\u00f3 recientemente que lleg\u00f3 a un acuerdo con los gremios de las empresas para que sus trabajadores puedan ir a vacunarse contra el COVID-19 durante su jornada de trabajo.<\/p>\n<p style=\"text-align: justify;\">El objetivo de esta medida es que los empleadores les entreguen todas las facilidades para puedan ir a inocularse contra el coronavirus, cuando les corresponda por calendario o se encuentren rezagados.<\/p>\n<p style=\"text-align: justify;\">Al respecto el Seremi de Econom\u00eda Carlos Pacheco indic\u00f3 que \u201cEl Gobierno est\u00e1 preocupado de los niveles de vacunaci\u00f3n y especialmente en los rezagados que hoy existen en ciertos sectores productivos del pa\u00eds. Es por eso que recientemente el Ministro de Econom\u00eda Lucas Palacios anunci\u00f3 un acuerdo para que los trabajadores y trabajadoras de nuestro pa\u00eds pudieran acudir, independiente de su rubro laboral, a los distintos centros de vacunatorios existentes para que as\u00ed puedan contar con las dosis necesarias y mantenerlos protegidos del COVID-19\u201d.<\/p>\n<p style=\"text-align: justify;\">Entre tanto desde el Ministerio de Econom\u00eda se inform\u00f3 que adem\u00e1s de dicho acuerdo con los gremios y del empresariado se dispone de un banner, en la p\u00e1gina web <a href=\"https:\/\/www.economia.gob.cl\/\">https:\/\/www.economia.gob.cl\/<\/a> para denunciar de manera an\u00f3nima cualquier traba o dificultad de parte de las o los trabajadores para acudir en horario laboral a vacunarse.<\/p>\n<p style=\"text-align: justify;\">Adem\u00e1s, se dispuso del email vacunacion@economia.cl y del tel\u00e9fono 224733517, para que los trabajadores puedan denunciar an\u00f3nimamente a empleadores que no respeten la determinaci\u00f3n.<\/p>\n<p style=\"text-align: justify;\">Sin duda con estas medidas el gobierno pretende subir la tasa de vacunaci\u00f3n en los sectores productivos del pa\u00eds, debido que en la actualidad existen un gran n\u00famero de hombres y mujeres trabajadores, a los cuales les corresponde la dosis de las vacunas y que se encuentran en calidad de rezagados.<\/p>\n<\/div><\/section><\/div><div  style='height:50px' class='hr hr-invisible   avia-builder-el-6  el_after_av_one_full  el_before_av_social_share '><span class='hr-inner ' ><span class='hr-inner-style'><\/span><\/span><\/div><\/p>\n<div  class='av-social-sharing-box  avia-builder-el-7  el_after_av_hr  el_before_av_hr  '><div class='av-share-box'><h5 class='av-share-link-description av-no-toc '>Compartir esta noticia<\/h5><ul class='av-share-box-list noLightbox'><li class='av-share-link av-social-link-facebook' ><a target=\"_blank\" aria-label=\"Compartir en Facebook\" href='https:\/\/www.facebook.com\/sharer.php?u=https:\/\/radiorevelacionfm.cl\/?p=3899&#038;t=Econom%C3%ADa%20y%20gremios%20de%20empresas%20acuerdan%20permiso%20para%20que%20trabajadores%20se%20vacunen%20en%20horario%20laboral' aria-hidden='false' data-av_icon='\ue8f3' data-av_iconfont='entypo-fontello' title='' data-avia-related-tooltip='Compartir en Facebook' rel=\"noopener\"><span class='avia_hidden_link_text'>Compartir en Facebook<\/span><\/a><\/li><li class='av-share-link av-social-link-twitter' ><a target=\"_blank\" aria-label=\"Compartir en Twitter\" href='https:\/\/twitter.com\/share?text=Econom%C3%ADa%20y%20gremios%20de%20empresas%20acuerdan%20permiso%20para%20que%20trabajadores%20se%20vacunen%20en%20horario%20laboral&#038;url=https:\/\/radiorevelacionfm.cl\/?p=3899' aria-hidden='false' data-av_icon='\ue8f1' data-av_iconfont='entypo-fontello' title='' data-avia-related-tooltip='Compartir en Twitter' rel=\"noopener\"><span class='avia_hidden_link_text'>Compartir en Twitter<\/span><\/a><\/li><li class='av-share-link av-social-link-whatsapp' ><a target=\"_blank\" aria-label=\"Compartir en Whatsapp\" href='https:\/\/api.whatsapp.com\/send?text=https:\/\/radiorevelacionfm.cl\/?p=3899' aria-hidden='false' data-av_icon='\uf232' data-av_iconfont='entypo-fontello' title='' data-avia-related-tooltip='Compartir en Whatsapp' rel=\"noopener\"><span class='avia_hidden_link_text'>Compartir en Whatsapp<\/span><\/a><\/li><li class='av-share-link av-social-link-linkedin' ><a target=\"_blank\" aria-label=\"Compartir en LinkedIn\" href='https:\/\/linkedin.com\/shareArticle?mini=true&#038;title=Econom%C3%ADa%20y%20gremios%20de%20empresas%20acuerdan%20permiso%20para%20que%20trabajadores%20se%20vacunen%20en%20horario%20laboral&#038;url=https:\/\/radiorevelacionfm.cl\/?p=3899' aria-hidden='false' data-av_icon='\ue8fc' data-av_iconfont='entypo-fontello' title='' data-avia-related-tooltip='Compartir en LinkedIn' rel=\"noopener\"><span class='avia_hidden_link_text'>Compartir en LinkedIn<\/span><\/a><\/li><li class='av-share-link av-social-link-mail' ><a  aria-label=\"Compartir por correo\" href='mailto:?subject=Econom%C3%ADa%20y%20gremios%20de%20empresas%20acuerdan%20permiso%20para%20que%20trabajadores%20se%20vacunen%20en%20horario%20laboral&#038;body=https:\/\/radiorevelacionfm.cl\/?p=3899' aria-hidden='false' data-av_icon='\ue805' data-av_iconfont='entypo-fontello' title='' data-avia-related-tooltip='Compartir por correo'><span class='avia_hidden_link_text'>Compartir por correo<\/span><\/a><\/li><\/ul><\/div><\/div>\n<div  style='height:50px' class='hr hr-invisible   avia-builder-el-8  el_after_av_social_share  el_before_av_comments_list '><span class='hr-inner ' ><span class='hr-inner-style'><\/span><\/span><\/div>\n<div  class='av-buildercomment  av-blog-meta-html-info-disabled av-blog-meta-tag-disabled  '><\/div>\n","protected":false},"excerpt":{"rendered":"","protected":false},"author":1,"featured_media":0,"comment_status":"open","ping_status":"open","sticky":false,"template":"","format":"standard","meta":{"footnotes":""},"categories":[38],"tags":[],"class_list":["post-3899","post","type-post","status-publish","format-standard","hentry","category-regional"],"jetpack_featured_media_url":"","_links":{"self":[{"href":"https:\/\/radiorevelacionfm.cl\/index.php?rest_route=\/wp\/v2\/posts\/3899","targetHints":{"allow":["GET"]}}],"collection":[{"href":"https:\/\/radiorevelacionfm.cl\/index.php?rest_route=\/wp\/v2\/posts"}],"about":[{"href":"https:\/\/radiorevelacionfm.cl\/index.php?rest_route=\/wp\/v2\/types\/post"}],"author":[{"embeddable":true,"href":"https:\/\/radiorevelacionfm.cl\/index.php?rest_route=\/wp\/v2\/users\/1"}],"replies":[{"embeddable":true,"href":"https:\/\/radiorevelacionfm.cl\/index.php?rest_route=%2Fwp%2Fv2%2Fcomments&post=3899"}],"version-history":[{"count":1,"href":"https:\/\/radiorevelacionfm.cl\/index.php?rest_route=\/wp\/v2\/posts\/3899\/revisions"}],"predecessor-version":[{"id":3901,"href":"https:\/\/radiorevelacionfm.cl\/index.php?rest_route=\/wp\/v2\/posts\/3899\/revisions\/3901"}],"wp:attachment":[{"href":"https:\/\/radiorevelacionfm.cl\/index.php?rest_route=%2Fwp%2Fv2%2Fmedia&parent=3899"}],"wp:term":[{"taxonomy":"category","embeddable":true,"href":"https:\/\/radiorevelacionfm.cl\/index.php?rest_route=%2Fwp%2Fv2%2Fcategories&post=3899"},{"taxonomy":"post_tag","embeddable":true,"href":"https:\/\/radiorevelacionfm.cl\/index.php?rest_route=%2Fwp%2Fv2%2Ftags&post=3899"}],"curies":[{"name":"wp","href":"https:\/\/api.w.org\/{rel}","templated":true}]}}