{"id":38985,"date":"2024-01-19T09:56:18","date_gmt":"2024-01-19T12:56:18","guid":{"rendered":"https:\/\/radiorevelacionfm.cl\/?p=38985"},"modified":"2024-01-19T09:56:18","modified_gmt":"2024-01-19T12:56:18","slug":"proyecto-fic-reserva-de-la-biosfera-laguna-san-rafael-y-el-guayaneco-presenta-iniciativa-en-festival-rios-libres-de-tortel","status":"publish","type":"post","link":"https:\/\/radiorevelacionfm.cl\/?p=38985","title":{"rendered":"Proyecto Fic Reserva de la Bi\u00f3sfera Laguna San Rafael y el Guayaneco presenta iniciativa en Festival R\u00edos Libres de Tortel"},"content":{"rendered":"<div class=\"flex_column av_one_full  flex_column_div av-zero-column-padding first  avia-builder-el-0  el_before_av_one_full  avia-builder-el-first  \" style='border-radius:0px; '><div  class='avia-image-container  av-styling-    avia-builder-el-1  avia-builder-el-no-sibling  avia-align-center '  itemprop=\"image\" itemscope=\"itemscope\" itemtype=\"https:\/\/schema.org\/ImageObject\"  ><div class='avia-image-container-inner'><div class='avia-image-overlay-wrap'><img decoding=\"async\" class='wp-image-38986 avia-img-lazy-loading-not-38986 avia_image' src=\"https:\/\/radiorevelacionfm.cl\/wp-content\/uploads\/2024\/01\/tortel-plaza-kaweskar-1_optimized-1.jpg\" alt='' title='tortel-plaza-kaweskar-(1)_optimized (1)' height=\"600\" width=\"855\"  itemprop=\"thumbnailUrl\" srcset=\"https:\/\/radiorevelacionfm.cl\/wp-content\/uploads\/2024\/01\/tortel-plaza-kaweskar-1_optimized-1.jpg 855w, https:\/\/radiorevelacionfm.cl\/wp-content\/uploads\/2024\/01\/tortel-plaza-kaweskar-1_optimized-1-300x211.jpg 300w, https:\/\/radiorevelacionfm.cl\/wp-content\/uploads\/2024\/01\/tortel-plaza-kaweskar-1_optimized-1-768x539.jpg 768w, https:\/\/radiorevelacionfm.cl\/wp-content\/uploads\/2024\/01\/tortel-plaza-kaweskar-1_optimized-1-705x495.jpg 705w, https:\/\/radiorevelacionfm.cl\/wp-content\/uploads\/2024\/01\/tortel-plaza-kaweskar-1_optimized-1-450x316.jpg 450w, https:\/\/radiorevelacionfm.cl\/wp-content\/uploads\/2024\/01\/tortel-plaza-kaweskar-1_optimized-1-600x421.jpg 600w\" sizes=\"(max-width: 855px) 100vw, 855px\" \/><\/div><\/div><\/div><\/div><div class=\"flex_column av_one_full  flex_column_div av-zero-column-padding first  avia-builder-el-2  el_after_av_one_full  el_before_av_one_full  column-top-margin\" style='border-radius:0px; '><section class=\"av_textblock_section \"  itemscope=\"itemscope\" itemtype=\"https:\/\/schema.org\/BlogPosting\" itemprop=\"blogPost\" ><div class='avia_textblock  '   itemprop=\"text\" ><p style=\"text-align: center;\"><strong><span style=\"font-size: 18pt;\">Proyecto Fic Reserva de la Bi\u00f3sfera Laguna San Rafael y el Guayaneco presenta iniciativa en Festival R\u00edos Libres de Tortel<\/span><\/strong><\/p>\n<div id=\"gtx-trans\" style=\"position: absolute; left: -50px; top: 4.31534px;\">\n<div class=\"gtx-trans-icon\"><\/div>\n<\/div>\n<\/div><\/section><\/div><div class=\"flex_column av_one_full  flex_column_div av-zero-column-padding first  avia-builder-el-4  el_after_av_one_full  el_before_av_hr  column-top-margin\" style='border-radius:0px; '><section class=\"av_textblock_section \"  itemscope=\"itemscope\" itemtype=\"https:\/\/schema.org\/BlogPosting\" itemprop=\"blogPost\" ><div class='avia_textblock  '   itemprop=\"text\" ><p style=\"text-align: justify;\"><em>Durante la jornada comunitaria, la coordinadora del proyecto, Alexandra Salazar present\u00f3 las principales acciones que se realizar\u00e1n para poner en valor la reserva de la bi\u00f3sfera regional, que incluye a la comuna de Tortel.<\/em><\/p>\n<p style=\"text-align: justify;\">Presentar las principales actividades que contempla la ejecuci\u00f3n del proyecto FIC \u00abEstudio de la resiliencia, sustentabilidad y valorizaci\u00f3n de la Reserva de la Bi\u00f3sfera Laguna San Rafael y el Guayaneco (LSR-G)\u00bb ejecutado por el Centro de Investigaci\u00f3n en Ecosistemas de la Patagonia (CIEP) gracias al financiamiento del Gobierno Regional de Ays\u00e9n con recursos del Fondo de Innovaci\u00f3n para la Competitividad (FIC), fue uno de los objetivos de la participaci\u00f3n en el \u00abFestival R\u00edos Libres: ciencia y cultura en Caleta Tortel\u00bb, organizado por la comunidad de la localidad en colaboraci\u00f3n con el Municipio.<\/p>\n<p style=\"text-align: justify;\">En la ocasi\u00f3n, la coordinadora del proyecto, Alexandra Salazar expuso a los participantes, en su mayor\u00eda organizaciones comunitarias y habitantes de la localidad, las distintas actividades que contempla el proyecto que busca potenciar acciones innovadoras en torno a la gobernanza territorial, la gesti\u00f3n ambiental y el bienestar social sustentable en el sur-oeste de la regi\u00f3n de Ays\u00e9n. \u00abVinimos a hacer una presentaci\u00f3n del proyecto FIC y tambi\u00e9n busc\u00e1bamos poder rescatar las iniciativas emblem\u00e1ticas que est\u00e1n sucediendo en el territorio para poder ponerlas en valor\u00bb, se\u00f1al\u00f3 Salazar.<\/p>\n<p style=\"text-align: justify;\">Asimismo durante la jornada, en la que tambi\u00e9n participaron las organizaciones que participan del comit\u00e9 de gesti\u00f3n de la RdB: CONAF,\u00a0 ONG Aumen y la Corporaci\u00f3n Los Glaciares, se realiz\u00f3 un proceso de levantamiento respecto de las principales iniciativas que se est\u00e1n ejecutando en el territorio. \u00abHubo harta interacci\u00f3n de la comunidad, preguntamos respecto de las iniciativas que cre\u00edan importante destacar por lo que esperamos poder vincularlas con iniciativas de otros territorios que forman parte de la reserva de la biosfera\u00bb, se\u00f1al\u00f3 la coordinadora del proyecto.<\/p>\n<p style=\"text-align: justify;\">La iniciativa, que tendr\u00e1 una ejecuci\u00f3n de 12 meses, buscar\u00e1 apoyar el desarrollo local, la gesti\u00f3n y proyecci\u00f3n de la Reserva de la Bi\u00f3sfera LSR-G, identificando desaf\u00edos en el contexto del cambio clim\u00e1tico, adem\u00e1s de apoyar estrategias locales de conservaci\u00f3n, valorizaci\u00f3n del patrimonio cultural y natural y actividades productivas sustentables que desarrollan actores del territorio.<\/p>\n<p style=\"text-align: justify;\">En la ocasi\u00f3n, Mar\u00eda Paz Hargreaves, organizadora del festival, destac\u00f3 la posibilidad de volver a realizar el festival para vincular ciencia y comunidad. \u00abLa idea era poder reflotar este festival que estuvimos haciendo por varios a\u00f1os con la idea de juntar la ciencia, la comunidad y algunas actividades culturales, la idea es reunirnos para conversar, dialogar y coordinarnos para desarrollar actividades a futuro\u00bb, indic\u00f3.<\/p>\n<p style=\"text-align: justify;\">Adem\u00e1s, durante la visita a la localidad, la coordinadora del proyecto sostuvo una reuni\u00f3n con el alcalde de Tortel, Abel Becerra, con el objetivo de presentar los principales lineamientos del proyecto\u00a0 e invitar al municipio a ser parte de la gobernanza de la reserva.<\/p>\n<p style=\"text-align: justify;\">Es importante se\u00f1alar que la Reserva de la Bi\u00f3sfera Laguna San Rafael y el Guayaneco (RB LSR-G), involucra las comunas de Ays\u00e9n, R\u00edo Ib\u00e1\u00f1ez, Chile Chico, Cochrane y Tortel, reconocida por la UNESCO el a\u00f1o 1979 y ampliado a las comunidades y localidades aleda\u00f1as al Parque Nacional Laguna San Rafael en 2019 por su\u00a0 gran calidad socio-ambiental a nivel mundial, por lo que se constituye en una oportunidad para propiciar un desarrollo inclusivo y arm\u00f3nico en un espacio natural y cultural de calidad.<\/p>\n<\/div><\/section><\/div><div  style='height:50px' class='hr hr-invisible   avia-builder-el-6  el_after_av_one_full  el_before_av_social_share '><span class='hr-inner ' ><span class='hr-inner-style'><\/span><\/span><\/div><\/p>\n<div  class='av-social-sharing-box  avia-builder-el-7  el_after_av_hr  el_before_av_hr  '><div class='av-share-box'><h5 class='av-share-link-description av-no-toc '>Compartir esta noticia<\/h5><ul class='av-share-box-list noLightbox'><li class='av-share-link av-social-link-facebook' ><a target=\"_blank\" aria-label=\"Compartir en Facebook\" href='https:\/\/www.facebook.com\/sharer.php?u=https:\/\/radiorevelacionfm.cl\/?p=38985&#038;t=Proyecto%20Fic%20Reserva%20de%20la%20Bi%C3%B3sfera%20Laguna%20San%20Rafael%20y%20el%20Guayaneco%20presenta%20iniciativa%20en%20Festival%20R%C3%ADos%20Libres%20de%20Tortel' aria-hidden='false' data-av_icon='\ue8f3' data-av_iconfont='entypo-fontello' title='' data-avia-related-tooltip='Compartir en Facebook' rel=\"noopener\"><span class='avia_hidden_link_text'>Compartir en Facebook<\/span><\/a><\/li><li class='av-share-link av-social-link-twitter' ><a target=\"_blank\" aria-label=\"Compartir en Twitter\" href='https:\/\/twitter.com\/share?text=Proyecto%20Fic%20Reserva%20de%20la%20Bi%C3%B3sfera%20Laguna%20San%20Rafael%20y%20el%20Guayaneco%20presenta%20iniciativa%20en%20Festival%20R%C3%ADos%20Libres%20de%20Tortel&#038;url=https:\/\/radiorevelacionfm.cl\/?p=38985' aria-hidden='false' data-av_icon='\ue8f1' data-av_iconfont='entypo-fontello' title='' data-avia-related-tooltip='Compartir en Twitter' rel=\"noopener\"><span class='avia_hidden_link_text'>Compartir en Twitter<\/span><\/a><\/li><li class='av-share-link av-social-link-whatsapp' ><a target=\"_blank\" aria-label=\"Compartir en Whatsapp\" href='https:\/\/api.whatsapp.com\/send?text=https:\/\/radiorevelacionfm.cl\/?p=38985' aria-hidden='false' data-av_icon='\uf232' data-av_iconfont='entypo-fontello' title='' data-avia-related-tooltip='Compartir en Whatsapp' rel=\"noopener\"><span class='avia_hidden_link_text'>Compartir en Whatsapp<\/span><\/a><\/li><li class='av-share-link av-social-link-linkedin' ><a target=\"_blank\" aria-label=\"Compartir en LinkedIn\" href='https:\/\/linkedin.com\/shareArticle?mini=true&#038;title=Proyecto%20Fic%20Reserva%20de%20la%20Bi%C3%B3sfera%20Laguna%20San%20Rafael%20y%20el%20Guayaneco%20presenta%20iniciativa%20en%20Festival%20R%C3%ADos%20Libres%20de%20Tortel&#038;url=https:\/\/radiorevelacionfm.cl\/?p=38985' aria-hidden='false' data-av_icon='\ue8fc' data-av_iconfont='entypo-fontello' title='' data-avia-related-tooltip='Compartir en LinkedIn' rel=\"noopener\"><span class='avia_hidden_link_text'>Compartir en LinkedIn<\/span><\/a><\/li><li class='av-share-link av-social-link-mail' ><a  aria-label=\"Compartir por correo\" href='mailto:?subject=Proyecto%20Fic%20Reserva%20de%20la%20Bi%C3%B3sfera%20Laguna%20San%20Rafael%20y%20el%20Guayaneco%20presenta%20iniciativa%20en%20Festival%20R%C3%ADos%20Libres%20de%20Tortel&#038;body=https:\/\/radiorevelacionfm.cl\/?p=38985' aria-hidden='false' data-av_icon='\ue805' data-av_iconfont='entypo-fontello' title='' data-avia-related-tooltip='Compartir por correo'><span class='avia_hidden_link_text'>Compartir por correo<\/span><\/a><\/li><\/ul><\/div><\/div>\n<div  style='height:50px' class='hr hr-invisible   avia-builder-el-8  el_after_av_social_share  el_before_av_comments_list '><span class='hr-inner ' ><span class='hr-inner-style'><\/span><\/span><\/div>\n<div  class='av-buildercomment  av-blog-meta-html-info-disabled av-blog-meta-tag-disabled  '><\/div>\n","protected":false},"excerpt":{"rendered":"","protected":false},"author":1,"featured_media":38986,"comment_status":"open","ping_status":"open","sticky":false,"template":"","format":"standard","meta":{"footnotes":""},"categories":[38],"tags":[],"class_list":["post-38985","post","type-post","status-publish","format-standard","has-post-thumbnail","hentry","category-regional"],"jetpack_featured_media_url":"https:\/\/radiorevelacionfm.cl\/wp-content\/uploads\/2024\/01\/tortel-plaza-kaweskar-1_optimized-1.jpg","_links":{"self":[{"href":"https:\/\/radiorevelacionfm.cl\/index.php?rest_route=\/wp\/v2\/posts\/38985","targetHints":{"allow":["GET"]}}],"collection":[{"href":"https:\/\/radiorevelacionfm.cl\/index.php?rest_route=\/wp\/v2\/posts"}],"about":[{"href":"https:\/\/radiorevelacionfm.cl\/index.php?rest_route=\/wp\/v2\/types\/post"}],"author":[{"embeddable":true,"href":"https:\/\/radiorevelacionfm.cl\/index.php?rest_route=\/wp\/v2\/users\/1"}],"replies":[{"embeddable":true,"href":"https:\/\/radiorevelacionfm.cl\/index.php?rest_route=%2Fwp%2Fv2%2Fcomments&post=38985"}],"version-history":[{"count":1,"href":"https:\/\/radiorevelacionfm.cl\/index.php?rest_route=\/wp\/v2\/posts\/38985\/revisions"}],"predecessor-version":[{"id":38987,"href":"https:\/\/radiorevelacionfm.cl\/index.php?rest_route=\/wp\/v2\/posts\/38985\/revisions\/38987"}],"wp:featuredmedia":[{"embeddable":true,"href":"https:\/\/radiorevelacionfm.cl\/index.php?rest_route=\/wp\/v2\/media\/38986"}],"wp:attachment":[{"href":"https:\/\/radiorevelacionfm.cl\/index.php?rest_route=%2Fwp%2Fv2%2Fmedia&parent=38985"}],"wp:term":[{"taxonomy":"category","embeddable":true,"href":"https:\/\/radiorevelacionfm.cl\/index.php?rest_route=%2Fwp%2Fv2%2Fcategories&post=38985"},{"taxonomy":"post_tag","embeddable":true,"href":"https:\/\/radiorevelacionfm.cl\/index.php?rest_route=%2Fwp%2Fv2%2Ftags&post=38985"}],"curies":[{"name":"wp","href":"https:\/\/api.w.org\/{rel}","templated":true}]}}