{"id":38979,"date":"2024-01-19T09:41:24","date_gmt":"2024-01-19T12:41:24","guid":{"rendered":"https:\/\/radiorevelacionfm.cl\/?p=38979"},"modified":"2024-01-19T09:41:24","modified_gmt":"2024-01-19T12:41:24","slug":"diputado-calisto-resalta-paso-del-proyecto-de-reposicion-de-escuela-espana-desde-el-municipio-al-slep","status":"publish","type":"post","link":"https:\/\/radiorevelacionfm.cl\/?p=38979","title":{"rendered":"Diputado Calisto resalta paso del proyecto de reposici\u00f3n de Escuela Espa\u00f1a desde el Municipio al SLEP"},"content":{"rendered":"<div class=\"flex_column av_one_full  flex_column_div av-zero-column-padding first  avia-builder-el-0  el_before_av_one_full  avia-builder-el-first  \" style='border-radius:0px; '><div  class='avia-image-container  av-styling-    avia-builder-el-1  avia-builder-el-no-sibling  avia-align-center '  itemprop=\"image\" itemscope=\"itemscope\" itemtype=\"https:\/\/schema.org\/ImageObject\"  ><div class='avia-image-container-inner'><div class='avia-image-overlay-wrap'><img decoding=\"async\" class='wp-image-38980 avia-img-lazy-loading-not-38980 avia_image' src=\"https:\/\/radiorevelacionfm.cl\/wp-content\/uploads\/2024\/01\/REU-EDUCACION-ESCUELA-ESPANA-2-1.jpg\" alt='' title='REU EDUCACI\u00d3N ESCUELA ESPA\u00d1A (2) (1)' height=\"600\" width=\"1057\"  itemprop=\"thumbnailUrl\" srcset=\"https:\/\/radiorevelacionfm.cl\/wp-content\/uploads\/2024\/01\/REU-EDUCACION-ESCUELA-ESPANA-2-1.jpg 1057w, https:\/\/radiorevelacionfm.cl\/wp-content\/uploads\/2024\/01\/REU-EDUCACION-ESCUELA-ESPANA-2-1-300x170.jpg 300w, https:\/\/radiorevelacionfm.cl\/wp-content\/uploads\/2024\/01\/REU-EDUCACION-ESCUELA-ESPANA-2-1-1030x585.jpg 1030w, https:\/\/radiorevelacionfm.cl\/wp-content\/uploads\/2024\/01\/REU-EDUCACION-ESCUELA-ESPANA-2-1-768x436.jpg 768w, https:\/\/radiorevelacionfm.cl\/wp-content\/uploads\/2024\/01\/REU-EDUCACION-ESCUELA-ESPANA-2-1-705x400.jpg 705w, https:\/\/radiorevelacionfm.cl\/wp-content\/uploads\/2024\/01\/REU-EDUCACION-ESCUELA-ESPANA-2-1-450x255.jpg 450w, https:\/\/radiorevelacionfm.cl\/wp-content\/uploads\/2024\/01\/REU-EDUCACION-ESCUELA-ESPANA-2-1-600x341.jpg 600w\" sizes=\"(max-width: 1057px) 100vw, 1057px\" \/><\/div><\/div><\/div><\/div><div class=\"flex_column av_one_full  flex_column_div av-zero-column-padding first  avia-builder-el-2  el_after_av_one_full  el_before_av_one_full  column-top-margin\" style='border-radius:0px; '><section class=\"av_textblock_section \"  itemscope=\"itemscope\" itemtype=\"https:\/\/schema.org\/BlogPosting\" itemprop=\"blogPost\" ><div class='avia_textblock  '   itemprop=\"text\" ><p style=\"text-align: center;\"><strong><span style=\"font-size: 18pt;\">Diputado Calisto resalta paso del proyecto de reposici\u00f3n de Escuela Espa\u00f1a desde el Municipio al SLEP<\/span><\/strong><\/p>\n<div id=\"gtx-trans\" style=\"position: absolute; left: -50px; top: 4.31534px;\">\n<div class=\"gtx-trans-icon\"><\/div>\n<\/div>\n<\/div><\/section><\/div><div class=\"flex_column av_one_full  flex_column_div av-zero-column-padding first  avia-builder-el-4  el_after_av_one_full  el_before_av_hr  column-top-margin\" style='border-radius:0px; '><section class=\"av_textblock_section \"  itemscope=\"itemscope\" itemtype=\"https:\/\/schema.org\/BlogPosting\" itemprop=\"blogPost\" ><div class='avia_textblock  '   itemprop=\"text\" ><p style=\"font-weight: 400; text-align: justify;\">El diputado Miguel \u00c1ngel Calisto valor\u00f3 el paso del proyecto de reposici\u00f3n de la Escuela Espa\u00f1a desde la Municipalidad de Coyhaique al SLEP, resaltando la urgente necesidad de avanzar en esta iniciativa y poder contar pronto con la Recomendaci\u00f3n Satisfactoria (RS) del Ministerio de Desarrollo Social, que permitir\u00eda comenzar con la construcci\u00f3n del nuevo edificio que albergar\u00e1 a esta instituci\u00f3n.<\/p>\n<p style=\"font-weight: 400; text-align: justify;\">Seg\u00fan el diputado, \u201cen el marco de la visita del Ministro de Educaci\u00f3n a Ays\u00e9n, logramos una audiencia con los padres, apoderados y comunidad educativa de la Escuela Especial Espa\u00f1a. Existe una deuda con esta escuela, que tiene que ver con la nueva infraestructura, que de condiciones de dignidad y justicia a sus alumnos\u201d.<\/p>\n<p style=\"font-weight: 400; text-align: justify;\">\u201cNosotros estamos haciendo las gestiones con el Ministerio, las hicimos con el Slep y tambi\u00e9n con la Municipalidad de Coyhaique. ac\u00e1 todas les entidades tienen que contribuir para poder sacar adelante las observaciones que hay en el Ministerio de Desarrollo Social y el proyecto pueda avanzar\u201d, indic\u00f3.<\/p>\n<p style=\"font-weight: 400; text-align: justify;\">Calisto agreg\u00f3 que \u201choy esta iniciativa va a pasar desde la Municipalidad al Slep, porque es la entidad p\u00fablica mandante. Destaco la disposici\u00f3n del Director del Slep, quien ha dicho que va a poner todo el esfuerzo e \u00edmpetu para sacar adelante este proyecto, tener el RS del Ministerio de Desarrollo Social\u201d.<\/p>\n<p style=\"font-weight: 400; text-align: justify;\">Finalmente, el diputado se\u00f1al\u00f3 que \u201cesto es fundamental, porque con ese paso cumplido, la Escuela Espa\u00f1a va a poder postular a los fondos que se requieren para concretar el proyecto, los que ya est\u00e1n comprometidos en el Gobierno Regional y Consejo Regional. Esperamos que esto no sea m\u00e1s all\u00e1 del mes de marzo, y ojal\u00e1 durante el segundo semestre ya tengamos un proceso de licitaci\u00f3n para iniciar las obras de infraestructura de la Escuela Espa\u00f1a\u201d.<\/p>\n<\/div><\/section><\/div><div  style='height:50px' class='hr hr-invisible   avia-builder-el-6  el_after_av_one_full  el_before_av_social_share '><span class='hr-inner ' ><span class='hr-inner-style'><\/span><\/span><\/div><\/p>\n<div  class='av-social-sharing-box  avia-builder-el-7  el_after_av_hr  el_before_av_hr  '><div class='av-share-box'><h5 class='av-share-link-description av-no-toc '>Compartir esta noticia<\/h5><ul class='av-share-box-list noLightbox'><li class='av-share-link av-social-link-facebook' ><a target=\"_blank\" aria-label=\"Compartir en Facebook\" href='https:\/\/www.facebook.com\/sharer.php?u=https:\/\/radiorevelacionfm.cl\/?p=38979&#038;t=Diputado%20Calisto%20resalta%20paso%20del%20proyecto%20de%20reposici%C3%B3n%20de%20Escuela%20Espa%C3%B1a%20desde%20el%20Municipio%20al%20SLEP' aria-hidden='false' data-av_icon='\ue8f3' data-av_iconfont='entypo-fontello' title='' data-avia-related-tooltip='Compartir en Facebook' rel=\"noopener\"><span class='avia_hidden_link_text'>Compartir en Facebook<\/span><\/a><\/li><li class='av-share-link av-social-link-twitter' ><a target=\"_blank\" aria-label=\"Compartir en Twitter\" href='https:\/\/twitter.com\/share?text=Diputado%20Calisto%20resalta%20paso%20del%20proyecto%20de%20reposici%C3%B3n%20de%20Escuela%20Espa%C3%B1a%20desde%20el%20Municipio%20al%20SLEP&#038;url=https:\/\/radiorevelacionfm.cl\/?p=38979' aria-hidden='false' data-av_icon='\ue8f1' data-av_iconfont='entypo-fontello' title='' data-avia-related-tooltip='Compartir en Twitter' rel=\"noopener\"><span class='avia_hidden_link_text'>Compartir en Twitter<\/span><\/a><\/li><li class='av-share-link av-social-link-whatsapp' ><a target=\"_blank\" aria-label=\"Compartir en Whatsapp\" href='https:\/\/api.whatsapp.com\/send?text=https:\/\/radiorevelacionfm.cl\/?p=38979' aria-hidden='false' data-av_icon='\uf232' data-av_iconfont='entypo-fontello' title='' data-avia-related-tooltip='Compartir en Whatsapp' rel=\"noopener\"><span class='avia_hidden_link_text'>Compartir en Whatsapp<\/span><\/a><\/li><li class='av-share-link av-social-link-linkedin' ><a target=\"_blank\" aria-label=\"Compartir en LinkedIn\" href='https:\/\/linkedin.com\/shareArticle?mini=true&#038;title=Diputado%20Calisto%20resalta%20paso%20del%20proyecto%20de%20reposici%C3%B3n%20de%20Escuela%20Espa%C3%B1a%20desde%20el%20Municipio%20al%20SLEP&#038;url=https:\/\/radiorevelacionfm.cl\/?p=38979' aria-hidden='false' data-av_icon='\ue8fc' data-av_iconfont='entypo-fontello' title='' data-avia-related-tooltip='Compartir en LinkedIn' rel=\"noopener\"><span class='avia_hidden_link_text'>Compartir en LinkedIn<\/span><\/a><\/li><li class='av-share-link av-social-link-mail' ><a  aria-label=\"Compartir por correo\" href='mailto:?subject=Diputado%20Calisto%20resalta%20paso%20del%20proyecto%20de%20reposici%C3%B3n%20de%20Escuela%20Espa%C3%B1a%20desde%20el%20Municipio%20al%20SLEP&#038;body=https:\/\/radiorevelacionfm.cl\/?p=38979' aria-hidden='false' data-av_icon='\ue805' data-av_iconfont='entypo-fontello' title='' data-avia-related-tooltip='Compartir por correo'><span class='avia_hidden_link_text'>Compartir por correo<\/span><\/a><\/li><\/ul><\/div><\/div>\n<div  style='height:50px' class='hr hr-invisible   avia-builder-el-8  el_after_av_social_share  el_before_av_comments_list '><span class='hr-inner ' ><span class='hr-inner-style'><\/span><\/span><\/div>\n<div  class='av-buildercomment  av-blog-meta-html-info-disabled av-blog-meta-tag-disabled  '><\/div>\n","protected":false},"excerpt":{"rendered":"","protected":false},"author":1,"featured_media":38980,"comment_status":"open","ping_status":"open","sticky":false,"template":"","format":"standard","meta":{"footnotes":""},"categories":[35],"tags":[],"class_list":["post-38979","post","type-post","status-publish","format-standard","has-post-thumbnail","hentry","category-politica"],"jetpack_featured_media_url":"https:\/\/radiorevelacionfm.cl\/wp-content\/uploads\/2024\/01\/REU-EDUCACION-ESCUELA-ESPANA-2-1.jpg","_links":{"self":[{"href":"https:\/\/radiorevelacionfm.cl\/index.php?rest_route=\/wp\/v2\/posts\/38979","targetHints":{"allow":["GET"]}}],"collection":[{"href":"https:\/\/radiorevelacionfm.cl\/index.php?rest_route=\/wp\/v2\/posts"}],"about":[{"href":"https:\/\/radiorevelacionfm.cl\/index.php?rest_route=\/wp\/v2\/types\/post"}],"author":[{"embeddable":true,"href":"https:\/\/radiorevelacionfm.cl\/index.php?rest_route=\/wp\/v2\/users\/1"}],"replies":[{"embeddable":true,"href":"https:\/\/radiorevelacionfm.cl\/index.php?rest_route=%2Fwp%2Fv2%2Fcomments&post=38979"}],"version-history":[{"count":1,"href":"https:\/\/radiorevelacionfm.cl\/index.php?rest_route=\/wp\/v2\/posts\/38979\/revisions"}],"predecessor-version":[{"id":38981,"href":"https:\/\/radiorevelacionfm.cl\/index.php?rest_route=\/wp\/v2\/posts\/38979\/revisions\/38981"}],"wp:featuredmedia":[{"embeddable":true,"href":"https:\/\/radiorevelacionfm.cl\/index.php?rest_route=\/wp\/v2\/media\/38980"}],"wp:attachment":[{"href":"https:\/\/radiorevelacionfm.cl\/index.php?rest_route=%2Fwp%2Fv2%2Fmedia&parent=38979"}],"wp:term":[{"taxonomy":"category","embeddable":true,"href":"https:\/\/radiorevelacionfm.cl\/index.php?rest_route=%2Fwp%2Fv2%2Fcategories&post=38979"},{"taxonomy":"post_tag","embeddable":true,"href":"https:\/\/radiorevelacionfm.cl\/index.php?rest_route=%2Fwp%2Fv2%2Ftags&post=38979"}],"curies":[{"name":"wp","href":"https:\/\/api.w.org\/{rel}","templated":true}]}}