{"id":38976,"date":"2024-01-20T12:39:49","date_gmt":"2024-01-20T15:39:49","guid":{"rendered":"https:\/\/radiorevelacionfm.cl\/?p=38976"},"modified":"2024-01-20T12:43:09","modified_gmt":"2024-01-20T15:43:09","slug":"con-exito-se-realizo-seminario-de-desarrollo-rural-que-reune-a-equipos-de-los-16-gobiernos-regionales","status":"publish","type":"post","link":"https:\/\/radiorevelacionfm.cl\/?p=38976","title":{"rendered":"Con \u00e9xito se realiz\u00f3 Seminario de Desarrollo Rural que reuni\u00f3 a equipos de los 16 Gobiernos Regionales"},"content":{"rendered":"<div class=\"flex_column av_one_full  flex_column_div av-zero-column-padding first  avia-builder-el-0  el_before_av_one_full  avia-builder-el-first  \" style='border-radius:0px; '><div  class='avia-image-container  av-styling-    avia-builder-el-1  avia-builder-el-no-sibling  avia-align-center '  itemprop=\"image\" itemscope=\"itemscope\" itemtype=\"https:\/\/schema.org\/ImageObject\"  ><div class='avia-image-container-inner'><div class='avia-image-overlay-wrap'><img decoding=\"async\" class='wp-image-38977 avia-img-lazy-loading-not-38977 avia_image' src=\"https:\/\/radiorevelacionfm.cl\/wp-content\/uploads\/2024\/01\/Subsecretaria-y-directora-de-Odepa-1-1.jpg\" alt='' title='Subsecretaria y directora de Odepa (1) (1)' height=\"600\" width=\"793\"  itemprop=\"thumbnailUrl\" srcset=\"https:\/\/radiorevelacionfm.cl\/wp-content\/uploads\/2024\/01\/Subsecretaria-y-directora-de-Odepa-1-1.jpg 793w, https:\/\/radiorevelacionfm.cl\/wp-content\/uploads\/2024\/01\/Subsecretaria-y-directora-de-Odepa-1-1-300x227.jpg 300w, https:\/\/radiorevelacionfm.cl\/wp-content\/uploads\/2024\/01\/Subsecretaria-y-directora-de-Odepa-1-1-768x581.jpg 768w, https:\/\/radiorevelacionfm.cl\/wp-content\/uploads\/2024\/01\/Subsecretaria-y-directora-de-Odepa-1-1-705x533.jpg 705w, https:\/\/radiorevelacionfm.cl\/wp-content\/uploads\/2024\/01\/Subsecretaria-y-directora-de-Odepa-1-1-450x340.jpg 450w, https:\/\/radiorevelacionfm.cl\/wp-content\/uploads\/2024\/01\/Subsecretaria-y-directora-de-Odepa-1-1-600x454.jpg 600w\" sizes=\"(max-width: 793px) 100vw, 793px\" \/><\/div><\/div><\/div><\/div>\n<div class=\"flex_column av_one_full  flex_column_div av-zero-column-padding first  avia-builder-el-2  el_after_av_one_full  el_before_av_one_full  column-top-margin\" style='border-radius:0px; '><section class=\"av_textblock_section \"  itemscope=\"itemscope\" itemtype=\"https:\/\/schema.org\/BlogPosting\" itemprop=\"blogPost\" ><div class='avia_textblock  '   itemprop=\"text\" ><p style=\"text-align: center;\"><strong><span style=\"font-size: 18pt;\">Con \u00e9xito se realiz\u00f3 Seminario de Desarrollo Rural que reuni\u00f3 a equipos de los 16 Gobiernos Regionales<\/span><\/strong><\/p>\n<div id=\"gtx-trans\" style=\"position: absolute; left: -50px; top: 4.31534px;\">\n<div class=\"gtx-trans-icon\"><\/div>\n<\/div>\n<\/div><\/section><\/div><div class=\"flex_column av_one_full  flex_column_div av-zero-column-padding first  avia-builder-el-4  el_after_av_one_full  el_before_av_hr  column-top-margin\" style='border-radius:0px; '><section class=\"av_textblock_section \"  itemscope=\"itemscope\" itemtype=\"https:\/\/schema.org\/BlogPosting\" itemprop=\"blogPost\" ><div class='avia_textblock  '   itemprop=\"text\" ><p class=\"v1MsoNormal\" style=\"text-align: justify;\">Como parte del proceso de implementaci\u00f3n de la Pol\u00edtica Nacional Desarrollo Rural (PNDR), Odepa desde el a\u00f1o 2021 \u2013 y con especial \u00e9nfasis durante los dos a\u00f1os siguientes-\u00a0 en conjunto con cada Gobierno Regional del pa\u00eds y Seremis de Agricultura respectivas, a trav\u00e9s de un proceso participativo, han impulsado la elaboraci\u00f3n de pol\u00edticas o planes regionales de desarrollo rural con el prop\u00f3sito contar con un instrumento de planificaci\u00f3n pertinente a cada realidad regional, que permita articular las diferentes iniciativas de inversi\u00f3n en la ruralidad y logre coordinar a los distintos actores para trabajar intersectorialmente por el desarrollo los territorios rurales.<\/p>\n<p class=\"v1MsoNormal\" style=\"text-align: justify;\">En este contexto, Odepa organiz\u00f3 el seminario \u201cPerspectivas para el fortalecimiento de los territorios rurales: Oportunidades y desaf\u00edos a partir de la implementaci\u00f3n de las pol\u00edticas\/planes regionales de desarrollo rural\u201d, que tiene como objetivo convocar a los equipos de planificaci\u00f3n de los gobiernos regionales para intercambiar experiencias asociadas a la planificaci\u00f3n, ordenamiento y gesti\u00f3n de los territorios rurales.<\/p>\n<p class=\"v1MsoNormal\" style=\"text-align: justify;\">Esta instancia fue encabezada por Ignacia Fernandez, subsecretar\u00eda de Agricultura; Andrea Garcia, directora nacional de Odepa; Claudio Osorio, representante del Banco Interamericano de Desarrollo (BID); y Martina Valenzuela, jefa de Divisi\u00f3n Desarrollo Regional, Subdere.<\/p>\n<p class=\"v1MsoNormal\" style=\"text-align: justify;\">El seminario busca no solo visibilizar las brechas presentes en dichos territorios, sino generar una instancia que permita reflexionar y proyectar un camino de largo plazo para un desarrollo rural sostenible e inclusivo del pa\u00eds bajo una l\u00f3gica descentralizada.<\/p>\n<p class=\"v1MsoNormal\" style=\"text-align: justify;\">Ignacia Fern\u00e1ndez, subsecretaria de Agricultura, se\u00f1al\u00f3 que \u201cEl Presidente Gabriel Boric ha sido claro en t\u00e9rminos de la importancia que la ruralidad tiene en el marco de su programa de Gobierno. Nuestro compromiso es destrabar, en un trabajo intersectorial con los distintos ministerios, los mecanismos que impiden que las pol\u00edticas p\u00fablicas resuelvan las brechas hist\u00f3ricas de los territorios rurales\u201d. Reforz\u00f3 tambi\u00e9n que la implementaci\u00f3n de \u201clos planes regionales de desarrollo rural nos permitir\u00e1n realizar una planificaci\u00f3n pertinente a cada realidad regional, que articule las diferentes iniciativas de inversi\u00f3n en los sectores territorios\u201d.<\/p>\n<p class=\"v1MsoNormal\" style=\"text-align: justify;\">Por su parte, Claudio Osorio, representante del Banco Interamericano de Desarrollo, se\u00f1al\u00f3 que esta entidad \u201cha estado apoyando desde el a\u00f1o 2022 a Odepa en la implementaci\u00f3n de la PNDR a trav\u00e9s de una Cooperaci\u00f3n T\u00e9cnica para apoyar la elaboraci\u00f3n de los Planes Regionales de Desarrollo Rural a trav\u00e9s de 52 procesos participativos e involucrando a 1.000 actores p\u00fablicos, privados y de la sociedad civil , el dise\u00f1o de sistemas de evaluaci\u00f3n de pol\u00edticas y programas de inversi\u00f3n p\u00fablica en \u00e1reas rurales (rural proofing)\u201d<\/p>\n<p class=\"v1MsoNormal\" style=\"text-align: justify;\">Por \u00faltimo, Andrea Garc\u00eda, directora de Odepa, valor\u00f3 este seminario, como una instancia de actualizaci\u00f3n de los conocimientos sobre el desarrollo rural en Chile, adem\u00e1s de ser un espacio de reflexi\u00f3n, di\u00e1logo e intercambio de ideas entre profesionales que se desempe\u00f1an en las unidades de planificaci\u00f3n de los 16 gobiernos regionales.<\/p>\n<p class=\"v1MsoNormal\" style=\"text-align: justify;\">Entre los asuntos abordados en el seminario destacan los avances de la Pol\u00edtica Nacional de Desarrollo Rural (PNDR) y desaf\u00edos en su implementaci\u00f3n. Luego se efectuaron 3 paneles de conversaci\u00f3n: 1) procesos de elaboraci\u00f3n de pol\u00edticas y planes de desarrollo rural; 2) el v\u00ednculo entre planificaci\u00f3n e inversi\u00f3n regional; y 3) Gobernanza territorial impulsada desde los gobiernos regionales.<\/p>\n<p class=\"v1MsoNormal\" style=\"text-align: justify;\">Este encuentro continuar\u00e1 el d\u00eda de ma\u00f1ana, con una jornada de trabajo que propiciar\u00e1 el\u00a0 intercambio entre gobiernos regionales y que tendr\u00e1 como fin \u00faltimo proyectar un trabajo con principios comunes en torno al desarrollo rural, identificando estrategias y herramientas de gesti\u00f3n que contribuyan a la implementaci\u00f3n de las pol\u00edticas o planes regionales de desarrollo rural.<\/p>\n<\/div><\/section><\/div><\/p>\n<div  style='height:50px' class='hr hr-invisible   avia-builder-el-6  el_after_av_one_full  el_before_av_social_share '><span class='hr-inner ' ><span class='hr-inner-style'><\/span><\/span><\/div>\n<div  class='av-social-sharing-box  avia-builder-el-7  el_after_av_hr  el_before_av_hr  '><div class='av-share-box'><h5 class='av-share-link-description av-no-toc '>Compartir esta noticia<\/h5><ul class='av-share-box-list noLightbox'><li class='av-share-link av-social-link-facebook' ><a target=\"_blank\" aria-label=\"Compartir en Facebook\" href='https:\/\/www.facebook.com\/sharer.php?u=https:\/\/radiorevelacionfm.cl\/?p=38976&#038;t=Con%20%C3%A9xito%20se%20realiz%C3%B3%20Seminario%20de%20Desarrollo%20Rural%20que%20reuni%C3%B3%20a%20equipos%20de%20los%2016%20Gobiernos%20Regionales' aria-hidden='false' data-av_icon='\ue8f3' data-av_iconfont='entypo-fontello' title='' data-avia-related-tooltip='Compartir en Facebook' rel=\"noopener\"><span class='avia_hidden_link_text'>Compartir en Facebook<\/span><\/a><\/li><li class='av-share-link av-social-link-twitter' ><a target=\"_blank\" aria-label=\"Compartir en Twitter\" href='https:\/\/twitter.com\/share?text=Con%20%C3%A9xito%20se%20realiz%C3%B3%20Seminario%20de%20Desarrollo%20Rural%20que%20reuni%C3%B3%20a%20equipos%20de%20los%2016%20Gobiernos%20Regionales&#038;url=https:\/\/radiorevelacionfm.cl\/?p=38976' aria-hidden='false' data-av_icon='\ue8f1' data-av_iconfont='entypo-fontello' title='' data-avia-related-tooltip='Compartir en Twitter' rel=\"noopener\"><span class='avia_hidden_link_text'>Compartir en Twitter<\/span><\/a><\/li><li class='av-share-link av-social-link-whatsapp' ><a target=\"_blank\" aria-label=\"Compartir en Whatsapp\" href='https:\/\/api.whatsapp.com\/send?text=https:\/\/radiorevelacionfm.cl\/?p=38976' aria-hidden='false' data-av_icon='\uf232' data-av_iconfont='entypo-fontello' title='' data-avia-related-tooltip='Compartir en Whatsapp' rel=\"noopener\"><span class='avia_hidden_link_text'>Compartir en Whatsapp<\/span><\/a><\/li><li class='av-share-link av-social-link-linkedin' ><a target=\"_blank\" aria-label=\"Compartir en LinkedIn\" href='https:\/\/linkedin.com\/shareArticle?mini=true&#038;title=Con%20%C3%A9xito%20se%20realiz%C3%B3%20Seminario%20de%20Desarrollo%20Rural%20que%20reuni%C3%B3%20a%20equipos%20de%20los%2016%20Gobiernos%20Regionales&#038;url=https:\/\/radiorevelacionfm.cl\/?p=38976' aria-hidden='false' data-av_icon='\ue8fc' data-av_iconfont='entypo-fontello' title='' data-avia-related-tooltip='Compartir en LinkedIn' rel=\"noopener\"><span class='avia_hidden_link_text'>Compartir en LinkedIn<\/span><\/a><\/li><li class='av-share-link av-social-link-mail' ><a  aria-label=\"Compartir por correo\" href='mailto:?subject=Con%20%C3%A9xito%20se%20realiz%C3%B3%20Seminario%20de%20Desarrollo%20Rural%20que%20reuni%C3%B3%20a%20equipos%20de%20los%2016%20Gobiernos%20Regionales&#038;body=https:\/\/radiorevelacionfm.cl\/?p=38976' aria-hidden='false' data-av_icon='\ue805' data-av_iconfont='entypo-fontello' title='' data-avia-related-tooltip='Compartir por correo'><span class='avia_hidden_link_text'>Compartir por correo<\/span><\/a><\/li><\/ul><\/div><\/div>\n<div  style='height:50px' class='hr hr-invisible   avia-builder-el-8  el_after_av_social_share  el_before_av_comments_list '><span class='hr-inner ' ><span class='hr-inner-style'><\/span><\/span><\/div>\n<div  class='av-buildercomment  av-blog-meta-html-info-disabled av-blog-meta-tag-disabled  '><\/div>\n","protected":false},"excerpt":{"rendered":"","protected":false},"author":1,"featured_media":38977,"comment_status":"open","ping_status":"open","sticky":false,"template":"","format":"standard","meta":{"footnotes":""},"categories":[61],"tags":[],"class_list":["post-38976","post","type-post","status-publish","format-standard","has-post-thumbnail","hentry","category-nacional"],"jetpack_featured_media_url":"https:\/\/radiorevelacionfm.cl\/wp-content\/uploads\/2024\/01\/Subsecretaria-y-directora-de-Odepa-1-1.jpg","_links":{"self":[{"href":"https:\/\/radiorevelacionfm.cl\/index.php?rest_route=\/wp\/v2\/posts\/38976","targetHints":{"allow":["GET"]}}],"collection":[{"href":"https:\/\/radiorevelacionfm.cl\/index.php?rest_route=\/wp\/v2\/posts"}],"about":[{"href":"https:\/\/radiorevelacionfm.cl\/index.php?rest_route=\/wp\/v2\/types\/post"}],"author":[{"embeddable":true,"href":"https:\/\/radiorevelacionfm.cl\/index.php?rest_route=\/wp\/v2\/users\/1"}],"replies":[{"embeddable":true,"href":"https:\/\/radiorevelacionfm.cl\/index.php?rest_route=%2Fwp%2Fv2%2Fcomments&post=38976"}],"version-history":[{"count":3,"href":"https:\/\/radiorevelacionfm.cl\/index.php?rest_route=\/wp\/v2\/posts\/38976\/revisions"}],"predecessor-version":[{"id":39030,"href":"https:\/\/radiorevelacionfm.cl\/index.php?rest_route=\/wp\/v2\/posts\/38976\/revisions\/39030"}],"wp:featuredmedia":[{"embeddable":true,"href":"https:\/\/radiorevelacionfm.cl\/index.php?rest_route=\/wp\/v2\/media\/38977"}],"wp:attachment":[{"href":"https:\/\/radiorevelacionfm.cl\/index.php?rest_route=%2Fwp%2Fv2%2Fmedia&parent=38976"}],"wp:term":[{"taxonomy":"category","embeddable":true,"href":"https:\/\/radiorevelacionfm.cl\/index.php?rest_route=%2Fwp%2Fv2%2Fcategories&post=38976"},{"taxonomy":"post_tag","embeddable":true,"href":"https:\/\/radiorevelacionfm.cl\/index.php?rest_route=%2Fwp%2Fv2%2Ftags&post=38976"}],"curies":[{"name":"wp","href":"https:\/\/api.w.org\/{rel}","templated":true}]}}