{"id":38969,"date":"2024-01-18T21:26:04","date_gmt":"2024-01-19T00:26:04","guid":{"rendered":"https:\/\/radiorevelacionfm.cl\/?p=38969"},"modified":"2024-01-18T21:26:04","modified_gmt":"2024-01-19T00:26:04","slug":"becas-junaeb-plazo-de-postulacion-y-renovacion-se-extendio-hasta-el-26-de-enero","status":"publish","type":"post","link":"https:\/\/radiorevelacionfm.cl\/?p=38969","title":{"rendered":"Becas Junaeb: plazo de postulaci\u00f3n y renovaci\u00f3n se extendi\u00f3 hasta el 26 de enero"},"content":{"rendered":"<div class=\"flex_column av_one_full  flex_column_div av-zero-column-padding first  avia-builder-el-0  el_before_av_one_full  avia-builder-el-first  \" style='border-radius:0px; '><div  class='avia-image-container  av-styling-    avia-builder-el-1  avia-builder-el-no-sibling  avia-align-center '  itemprop=\"image\" itemscope=\"itemscope\" itemtype=\"https:\/\/schema.org\/ImageObject\"  ><div class='avia-image-container-inner'><div class='avia-image-overlay-wrap'><img decoding=\"async\" class='wp-image-38970 avia-img-lazy-loading-not-38970 avia_image' src=\"https:\/\/radiorevelacionfm.cl\/wp-content\/uploads\/2024\/01\/becas-2-1.jpg\" alt='' title='becas (2) (1)' height=\"600\" width=\"800\"  itemprop=\"thumbnailUrl\" srcset=\"https:\/\/radiorevelacionfm.cl\/wp-content\/uploads\/2024\/01\/becas-2-1.jpg 800w, https:\/\/radiorevelacionfm.cl\/wp-content\/uploads\/2024\/01\/becas-2-1-300x225.jpg 300w, https:\/\/radiorevelacionfm.cl\/wp-content\/uploads\/2024\/01\/becas-2-1-768x576.jpg 768w, https:\/\/radiorevelacionfm.cl\/wp-content\/uploads\/2024\/01\/becas-2-1-705x529.jpg 705w, https:\/\/radiorevelacionfm.cl\/wp-content\/uploads\/2024\/01\/becas-2-1-450x338.jpg 450w, https:\/\/radiorevelacionfm.cl\/wp-content\/uploads\/2024\/01\/becas-2-1-600x450.jpg 600w\" sizes=\"(max-width: 800px) 100vw, 800px\" \/><\/div><\/div><\/div><\/div><div class=\"flex_column av_one_full  flex_column_div av-zero-column-padding first  avia-builder-el-2  el_after_av_one_full  el_before_av_one_full  column-top-margin\" style='border-radius:0px; '><section class=\"av_textblock_section \"  itemscope=\"itemscope\" itemtype=\"https:\/\/schema.org\/BlogPosting\" itemprop=\"blogPost\" ><div class='avia_textblock  '   itemprop=\"text\" ><p style=\"text-align: center;\"><strong><span style=\"font-size: 18pt;\">Becas Junaeb: plazo de postulaci\u00f3n y renovaci\u00f3n se extendi\u00f3 hasta el 26 de enero<\/span><\/strong><\/p>\n<div id=\"gtx-trans\" style=\"position: absolute; left: -50px; top: 4.31534px;\">\n<div class=\"gtx-trans-icon\"><\/div>\n<\/div>\n<\/div><\/section><\/div><div class=\"flex_column av_one_full  flex_column_div av-zero-column-padding first  avia-builder-el-4  el_after_av_one_full  el_before_av_hr  column-top-margin\" style='border-radius:0px; '><section class=\"av_textblock_section \"  itemscope=\"itemscope\" itemtype=\"https:\/\/schema.org\/BlogPosting\" itemprop=\"blogPost\" ><div class='avia_textblock  '   itemprop=\"text\" ><p style=\"text-align: justify;\">El programa de becas es un apoyo para miles de estudiantes de todos los niveles y su objetivo es asegurar la permanencia de ni\u00f1as, ni\u00f1os y j\u00f3venes en el sistema educacional.<\/p>\n<p style=\"text-align: justify;\">Hasta el viernes 26 de enero, v\u00eda online, estudiantes de educaci\u00f3n b\u00e1sica, media y superior podr\u00e1n postular a la variada oferta de becas de alimentaci\u00f3n y mantenci\u00f3n, como por ejemplo, beca Ays\u00e9n, beca Patagonia, Programa Residencia Familiar Estudiantil, beca ind\u00edgena y beca de integraci\u00f3n territorial, entre otras.<\/p>\n<p style=\"text-align: justify;\">Manuel Vivar, director regional de Junaeb, destaca la importancia de estos beneficios para el desarrollo educativo de ni\u00f1os, ni\u00f1as, j\u00f3venes y adultos. \u201cLas becas est\u00e1n orientadas principalmente a la mantenci\u00f3n y traslado de las y los estudiantes, apoyando sus trayectorias educativas a trav\u00e9s de distintos mecanismos. Esperamos que esta ampliaci\u00f3n de plazo entregue m\u00e1s tranquilidad a las y los estudiantes, para que puedan completar de buena forma el proceso de postulaci\u00f3n considerando la importancia de las becas para las familias de nuestra regi\u00f3n\u201d.<\/p>\n<p style=\"text-align: justify;\">Para postular, es necesario contar con el Registro Social de Hogares actualizado, y para quienes tienen ascendencia ind\u00edgena, contar con el certificado de acreditaci\u00f3n ind\u00edgena otorgado por CONADI, adem\u00e1s de revisar los requisitos espec\u00edficos que cada beca o programa de Residencia tiene, detallados en https:\/\/www.junaeb.cl\/becas-junaeb\/<\/p>\n<p style=\"text-align: justify;\">Para conocer las becas, la documentaci\u00f3n necesaria y las condiciones, ingresa a\u00a0<a href=\"https:\/\/www.junaeb.cl\/renovacion-postulacion-becas-2024\/?fbclid=IwAR29YhYC6egRU6WNfhUW1emA9zm9PNPgGuIUOh4MXmwAiklCfOkPUjCIRKk\">https:\/\/www.junaeb.cl\/renovacion-postulacion-becas-2024<\/a>\/ y para consultas que no puedan ser resueltas a trav\u00e9s de la plataforma, los y las estudiantes pueden acercarse a las nuevas dependencias de Junaeb, ubicadas en callle Bilbao 891, Coyhaique, y\/o contactarse con los y las profesionales de la red colaboradora de Junaeb, como los departamentos sociales de los distintos municipios y en delegaciones provinciales. Tambi\u00e9n se ha habilitado un n\u00famero especial para atenci\u00f3n de p\u00fablico de consultas relacionadas a becas: 9 58582972<\/p>\n<\/div><\/section><\/div><div  style='height:50px' class='hr hr-invisible   avia-builder-el-6  el_after_av_one_full  el_before_av_social_share '><span class='hr-inner ' ><span class='hr-inner-style'><\/span><\/span><\/div><\/p>\n<div  class='av-social-sharing-box  avia-builder-el-7  el_after_av_hr  el_before_av_hr  '><div class='av-share-box'><h5 class='av-share-link-description av-no-toc '>Compartir esta noticia<\/h5><ul class='av-share-box-list noLightbox'><li class='av-share-link av-social-link-facebook' ><a target=\"_blank\" aria-label=\"Compartir en Facebook\" href='https:\/\/www.facebook.com\/sharer.php?u=https:\/\/radiorevelacionfm.cl\/?p=38969&#038;t=Becas%20Junaeb%3A%20plazo%20de%20postulaci%C3%B3n%20y%20renovaci%C3%B3n%20se%20extendi%C3%B3%20hasta%20el%2026%20de%20enero' aria-hidden='false' data-av_icon='\ue8f3' data-av_iconfont='entypo-fontello' title='' data-avia-related-tooltip='Compartir en Facebook' rel=\"noopener\"><span class='avia_hidden_link_text'>Compartir en Facebook<\/span><\/a><\/li><li class='av-share-link av-social-link-twitter' ><a target=\"_blank\" aria-label=\"Compartir en Twitter\" href='https:\/\/twitter.com\/share?text=Becas%20Junaeb%3A%20plazo%20de%20postulaci%C3%B3n%20y%20renovaci%C3%B3n%20se%20extendi%C3%B3%20hasta%20el%2026%20de%20enero&#038;url=https:\/\/radiorevelacionfm.cl\/?p=38969' aria-hidden='false' data-av_icon='\ue8f1' data-av_iconfont='entypo-fontello' title='' data-avia-related-tooltip='Compartir en Twitter' rel=\"noopener\"><span class='avia_hidden_link_text'>Compartir en Twitter<\/span><\/a><\/li><li class='av-share-link av-social-link-whatsapp' ><a target=\"_blank\" aria-label=\"Compartir en Whatsapp\" href='https:\/\/api.whatsapp.com\/send?text=https:\/\/radiorevelacionfm.cl\/?p=38969' aria-hidden='false' data-av_icon='\uf232' data-av_iconfont='entypo-fontello' title='' data-avia-related-tooltip='Compartir en Whatsapp' rel=\"noopener\"><span class='avia_hidden_link_text'>Compartir en Whatsapp<\/span><\/a><\/li><li class='av-share-link av-social-link-linkedin' ><a target=\"_blank\" aria-label=\"Compartir en LinkedIn\" href='https:\/\/linkedin.com\/shareArticle?mini=true&#038;title=Becas%20Junaeb%3A%20plazo%20de%20postulaci%C3%B3n%20y%20renovaci%C3%B3n%20se%20extendi%C3%B3%20hasta%20el%2026%20de%20enero&#038;url=https:\/\/radiorevelacionfm.cl\/?p=38969' aria-hidden='false' data-av_icon='\ue8fc' data-av_iconfont='entypo-fontello' title='' data-avia-related-tooltip='Compartir en LinkedIn' rel=\"noopener\"><span class='avia_hidden_link_text'>Compartir en LinkedIn<\/span><\/a><\/li><li class='av-share-link av-social-link-mail' ><a  aria-label=\"Compartir por correo\" href='mailto:?subject=Becas%20Junaeb%3A%20plazo%20de%20postulaci%C3%B3n%20y%20renovaci%C3%B3n%20se%20extendi%C3%B3%20hasta%20el%2026%20de%20enero&#038;body=https:\/\/radiorevelacionfm.cl\/?p=38969' aria-hidden='false' data-av_icon='\ue805' data-av_iconfont='entypo-fontello' title='' data-avia-related-tooltip='Compartir por correo'><span class='avia_hidden_link_text'>Compartir por correo<\/span><\/a><\/li><\/ul><\/div><\/div>\n<div  style='height:50px' class='hr hr-invisible   avia-builder-el-8  el_after_av_social_share  el_before_av_comments_list '><span class='hr-inner ' ><span class='hr-inner-style'><\/span><\/span><\/div>\n<div  class='av-buildercomment  av-blog-meta-html-info-disabled av-blog-meta-tag-disabled  '><\/div>\n","protected":false},"excerpt":{"rendered":"","protected":false},"author":1,"featured_media":38970,"comment_status":"open","ping_status":"open","sticky":false,"template":"","format":"standard","meta":{"footnotes":""},"categories":[49],"tags":[],"class_list":["post-38969","post","type-post","status-publish","format-standard","has-post-thumbnail","hentry","category-educacion"],"jetpack_featured_media_url":"https:\/\/radiorevelacionfm.cl\/wp-content\/uploads\/2024\/01\/becas-2-1.jpg","_links":{"self":[{"href":"https:\/\/radiorevelacionfm.cl\/index.php?rest_route=\/wp\/v2\/posts\/38969","targetHints":{"allow":["GET"]}}],"collection":[{"href":"https:\/\/radiorevelacionfm.cl\/index.php?rest_route=\/wp\/v2\/posts"}],"about":[{"href":"https:\/\/radiorevelacionfm.cl\/index.php?rest_route=\/wp\/v2\/types\/post"}],"author":[{"embeddable":true,"href":"https:\/\/radiorevelacionfm.cl\/index.php?rest_route=\/wp\/v2\/users\/1"}],"replies":[{"embeddable":true,"href":"https:\/\/radiorevelacionfm.cl\/index.php?rest_route=%2Fwp%2Fv2%2Fcomments&post=38969"}],"version-history":[{"count":1,"href":"https:\/\/radiorevelacionfm.cl\/index.php?rest_route=\/wp\/v2\/posts\/38969\/revisions"}],"predecessor-version":[{"id":38971,"href":"https:\/\/radiorevelacionfm.cl\/index.php?rest_route=\/wp\/v2\/posts\/38969\/revisions\/38971"}],"wp:featuredmedia":[{"embeddable":true,"href":"https:\/\/radiorevelacionfm.cl\/index.php?rest_route=\/wp\/v2\/media\/38970"}],"wp:attachment":[{"href":"https:\/\/radiorevelacionfm.cl\/index.php?rest_route=%2Fwp%2Fv2%2Fmedia&parent=38969"}],"wp:term":[{"taxonomy":"category","embeddable":true,"href":"https:\/\/radiorevelacionfm.cl\/index.php?rest_route=%2Fwp%2Fv2%2Fcategories&post=38969"},{"taxonomy":"post_tag","embeddable":true,"href":"https:\/\/radiorevelacionfm.cl\/index.php?rest_route=%2Fwp%2Fv2%2Ftags&post=38969"}],"curies":[{"name":"wp","href":"https:\/\/api.w.org\/{rel}","templated":true}]}}