{"id":38966,"date":"2024-01-18T15:32:44","date_gmt":"2024-01-18T18:32:44","guid":{"rendered":"https:\/\/radiorevelacionfm.cl\/?p=38966"},"modified":"2024-01-18T15:32:44","modified_gmt":"2024-01-18T18:32:44","slug":"desde-melinka-dan-el-vamos-al-centro-de-cuidados-para-trabajos-de-temporada","status":"publish","type":"post","link":"https:\/\/radiorevelacionfm.cl\/?p=38966","title":{"rendered":"Desde Melinka dan el vamos al Centro de Cuidados para Trabajos de Temporada"},"content":{"rendered":"<div class=\"flex_column av_one_full  flex_column_div av-zero-column-padding first  avia-builder-el-0  el_before_av_one_full  avia-builder-el-first  \" style='border-radius:0px; '><div  class='avia-image-container  av-styling-    avia-builder-el-1  avia-builder-el-no-sibling  avia-align-center '  itemprop=\"image\" itemscope=\"itemscope\" itemtype=\"https:\/\/schema.org\/ImageObject\"  ><div class='avia-image-container-inner'><div class='avia-image-overlay-wrap'><img decoding=\"async\" class='wp-image-38967 avia-img-lazy-loading-not-38967 avia_image' src=\"https:\/\/radiorevelacionfm.cl\/wp-content\/uploads\/2024\/01\/melinka-1-2_optimized-1.jpg\" alt='' title='melinka-1-(2)_optimized (1)' height=\"600\" width=\"1067\"  itemprop=\"thumbnailUrl\" srcset=\"https:\/\/radiorevelacionfm.cl\/wp-content\/uploads\/2024\/01\/melinka-1-2_optimized-1.jpg 1067w, https:\/\/radiorevelacionfm.cl\/wp-content\/uploads\/2024\/01\/melinka-1-2_optimized-1-300x169.jpg 300w, https:\/\/radiorevelacionfm.cl\/wp-content\/uploads\/2024\/01\/melinka-1-2_optimized-1-1030x579.jpg 1030w, https:\/\/radiorevelacionfm.cl\/wp-content\/uploads\/2024\/01\/melinka-1-2_optimized-1-768x432.jpg 768w, https:\/\/radiorevelacionfm.cl\/wp-content\/uploads\/2024\/01\/melinka-1-2_optimized-1-705x396.jpg 705w, https:\/\/radiorevelacionfm.cl\/wp-content\/uploads\/2024\/01\/melinka-1-2_optimized-1-450x253.jpg 450w, https:\/\/radiorevelacionfm.cl\/wp-content\/uploads\/2024\/01\/melinka-1-2_optimized-1-600x337.jpg 600w\" sizes=\"(max-width: 1067px) 100vw, 1067px\" \/><\/div><\/div><\/div><\/div><div class=\"flex_column av_one_full  flex_column_div av-zero-column-padding first  avia-builder-el-2  el_after_av_one_full  el_before_av_one_full  column-top-margin\" style='border-radius:0px; '><section class=\"av_textblock_section \"  itemscope=\"itemscope\" itemtype=\"https:\/\/schema.org\/BlogPosting\" itemprop=\"blogPost\" ><div class='avia_textblock  '   itemprop=\"text\" ><p style=\"text-align: center;\"><strong><span style=\"font-size: 18pt;\">Desde Melinka dan el vamos al Centro de Cuidados para Trabajos de Temporada <\/span><\/strong><\/p>\n<div id=\"gtx-trans\" style=\"position: absolute; left: -50px; top: 4.31534px;\">\n<div class=\"gtx-trans-icon\"><\/div>\n<\/div>\n<\/div><\/section><\/div><div class=\"flex_column av_one_full  flex_column_div av-zero-column-padding first  avia-builder-el-4  el_after_av_one_full  el_before_av_hr  column-top-margin\" style='border-radius:0px; '><section class=\"av_textblock_section \"  itemscope=\"itemscope\" itemtype=\"https:\/\/schema.org\/BlogPosting\" itemprop=\"blogPost\" ><div class='avia_textblock  '   itemprop=\"text\" ><p style=\"text-align: justify;\">Hasta la entrada norte a la regi\u00f3n de Ays\u00e9n en la comuna de Las Guaitecas, se traslad\u00f3 la Seremi de Desarrollo Social y Familia Karina Acevedo para dar el vamos con el alcalde Marcos Silva este lunes, en la Biblioteca Municipal de Melinka, al programa Centro de Cuidados para Trabajos de Temporada que atiende a 20 ni\u00f1as y ni\u00f1os desde los 6 a 12 a\u00f1os mientras sus mam\u00e1s, padres o cuidadores se encuentran en periodo de trabajo estival.<\/p>\n<p style=\"text-align: justify;\">La Seremi de Desarrollo Social y Familia Karina Acevedo, constat\u00f3 en terreno la implementaci\u00f3n del Programa y el recinto resaltando la seguridad y protecci\u00f3n que desde el Ministerio se busca garantizar a ni\u00f1as, ni\u00f1os y adolescentes \u00abEstamos en Melinka para dar el puntapi\u00e9 inicial al Centro de Cuidados, pudimos conversar con los ni\u00f1os y ni\u00f1as y nos contaron sus expectativas. Es un programa en conjunto con el IND y Junaeb, por tanto, tienen monitores y alimentaci\u00f3n adecuada para esta temporada. Las modificaciones que ha tenido este programa obedece a lo que el presidente Gabriel Boric nos ha pedido, dar garant\u00eda de seguridad y protecci\u00f3n a la ni\u00f1ez y adolescencia, por tanto, madres y padres que trabajan tienen la posibilidad de tener a su ni\u00f1o\/a al cuidado de un profesional durante su\u00a0periodo laboral\u00bb.<\/p>\n<p style=\"text-align: justify;\">Como \u00abprivilegiados y agradecidos\u00bb catalog\u00f3 el alcalde de la comuna de Las Guaitecas, Marcos Silva al programa que est\u00e1 activo solo en 3 comunas de la regi\u00f3n de Ays\u00e9n \u00abEstamos felices porque les permite a familias estar tranquilos y seguir su rutina laboral, sus ni\u00f1as y ni\u00f1os van a estar bien cuidados, van a estar haciendo distintas actividades, se contempla colaciones y es un tremendo impulso. Hoy d\u00eda son solamente 3 comunas y creemos que de alguna manera somos privilegiados de que nos consideren. Hacemos un llamado tambi\u00e9n a las madres y padres que tengan la dificultad que env\u00eden a sus ni\u00f1os. Este programa dura un mes, as\u00ed que traten de aprovechar lo m\u00e1s que puedan, se alivia la responsabilidad de los pap\u00e1s para que puedan trabajar de forma normal, as\u00ed que agradecido por aquello y por supuesto, vamos a seguir haciendo un esfuerzo para que estos programas se mantengan y sigan aumentando cada d\u00eda m\u00e1s en la\u00a0comuna\u00bb.<\/p>\n<p style=\"text-align: justify;\">El Centro de Cuidados para Trabajos de Temporada, conocido en las localidades como \u00abescuelita de verano\u00bb es posible con la alianza de la Junta Nacional de Auxilio y Becas y el Instituto Nacional del Deporte por lo que la seremi de la cartera Mar\u00eda Eugenia Dur\u00e1n resalt\u00f3 la colaboraci\u00f3n con el recurso humano y equipos \u00abA cada centro se le entrega \u00a0material deportivo con juegos de sal\u00f3n, tambi\u00e9n vamos a hacer pr\u00e9stamo de bastones para actividades de senderismo, entregamos bloqueadores, jockey; la inversi\u00f3n sectorial asciende a $5.700.000 en honorarios y $3.600.000 en implementaci\u00f3n, para un universo aproximado de 60 ni\u00f1as y ni\u00f1os, reafirmamos el compromiso del Presidente Gabriel Boric\u00a0 con la ni\u00f1ez y la adolescencia a trav\u00e9s de actividades deportivas, es una linda iniciativa intersectorial que ya lleva bastante tiempo y esperamos seguir colaborando como Mindep-IND\u00bb<\/p>\n<p class=\"v1elementToProof\" style=\"text-align: justify;\">Actualmente son Ib\u00e1\u00f1ez, Melinka y Cisnes las 3 comunas beneficiadas con el programa que culmina este 16 de febrero.\u00a0Finalmente, Manuel Vivar, director regional de Junaeb destac\u00f3 que aportan con 260 raciones de alimentaci\u00f3n para la ejecuci\u00f3n del programa en Melinka y 780 en la regi\u00f3n \u00abvaloramos la importancia de estas iniciativas que apuntan a disminuir las brechas de g\u00e9nero en materia generaci\u00f3n de ingresos en localidades aisladas, y en este contexto, Junaeb pone a disposici\u00f3n su programa de alimentaci\u00f3n con toda la log\u00edstica involucrada, entregando raciones de alimentaci\u00f3n\u00a0diaria a las ni\u00f1as y ni\u00f1os, facilitando el funcionamiento del programa en estos territorios\u00bb.<\/p>\n<\/div><\/section><\/div><div  style='height:50px' class='hr hr-invisible   avia-builder-el-6  el_after_av_one_full  el_before_av_social_share '><span class='hr-inner ' ><span class='hr-inner-style'><\/span><\/span><\/div><\/p>\n<div  class='av-social-sharing-box  avia-builder-el-7  el_after_av_hr  el_before_av_hr  '><div class='av-share-box'><h5 class='av-share-link-description av-no-toc '>Compartir esta noticia<\/h5><ul class='av-share-box-list noLightbox'><li class='av-share-link av-social-link-facebook' ><a target=\"_blank\" aria-label=\"Compartir en Facebook\" href='https:\/\/www.facebook.com\/sharer.php?u=https:\/\/radiorevelacionfm.cl\/?p=38966&#038;t=Desde%20Melinka%20dan%20el%20vamos%20al%20Centro%20de%20Cuidados%20para%20Trabajos%20de%20Temporada' aria-hidden='false' data-av_icon='\ue8f3' data-av_iconfont='entypo-fontello' title='' data-avia-related-tooltip='Compartir en Facebook' rel=\"noopener\"><span class='avia_hidden_link_text'>Compartir en Facebook<\/span><\/a><\/li><li class='av-share-link av-social-link-twitter' ><a target=\"_blank\" aria-label=\"Compartir en Twitter\" href='https:\/\/twitter.com\/share?text=Desde%20Melinka%20dan%20el%20vamos%20al%20Centro%20de%20Cuidados%20para%20Trabajos%20de%20Temporada&#038;url=https:\/\/radiorevelacionfm.cl\/?p=38966' aria-hidden='false' data-av_icon='\ue8f1' data-av_iconfont='entypo-fontello' title='' data-avia-related-tooltip='Compartir en Twitter' rel=\"noopener\"><span class='avia_hidden_link_text'>Compartir en Twitter<\/span><\/a><\/li><li class='av-share-link av-social-link-whatsapp' ><a target=\"_blank\" aria-label=\"Compartir en Whatsapp\" href='https:\/\/api.whatsapp.com\/send?text=https:\/\/radiorevelacionfm.cl\/?p=38966' aria-hidden='false' data-av_icon='\uf232' data-av_iconfont='entypo-fontello' title='' data-avia-related-tooltip='Compartir en Whatsapp' rel=\"noopener\"><span class='avia_hidden_link_text'>Compartir en Whatsapp<\/span><\/a><\/li><li class='av-share-link av-social-link-linkedin' ><a target=\"_blank\" aria-label=\"Compartir en LinkedIn\" href='https:\/\/linkedin.com\/shareArticle?mini=true&#038;title=Desde%20Melinka%20dan%20el%20vamos%20al%20Centro%20de%20Cuidados%20para%20Trabajos%20de%20Temporada&#038;url=https:\/\/radiorevelacionfm.cl\/?p=38966' aria-hidden='false' data-av_icon='\ue8fc' data-av_iconfont='entypo-fontello' title='' data-avia-related-tooltip='Compartir en LinkedIn' rel=\"noopener\"><span class='avia_hidden_link_text'>Compartir en LinkedIn<\/span><\/a><\/li><li class='av-share-link av-social-link-mail' ><a  aria-label=\"Compartir por correo\" href='mailto:?subject=Desde%20Melinka%20dan%20el%20vamos%20al%20Centro%20de%20Cuidados%20para%20Trabajos%20de%20Temporada&#038;body=https:\/\/radiorevelacionfm.cl\/?p=38966' aria-hidden='false' data-av_icon='\ue805' data-av_iconfont='entypo-fontello' title='' data-avia-related-tooltip='Compartir por correo'><span class='avia_hidden_link_text'>Compartir por correo<\/span><\/a><\/li><\/ul><\/div><\/div>\n<div  style='height:50px' class='hr hr-invisible   avia-builder-el-8  el_after_av_social_share  el_before_av_comments_list '><span class='hr-inner ' ><span class='hr-inner-style'><\/span><\/span><\/div>\n<div  class='av-buildercomment  av-blog-meta-html-info-disabled av-blog-meta-tag-disabled  '><\/div>\n","protected":false},"excerpt":{"rendered":"","protected":false},"author":1,"featured_media":38967,"comment_status":"open","ping_status":"open","sticky":false,"template":"","format":"standard","meta":{"footnotes":""},"categories":[38],"tags":[],"class_list":["post-38966","post","type-post","status-publish","format-standard","has-post-thumbnail","hentry","category-regional"],"jetpack_featured_media_url":"https:\/\/radiorevelacionfm.cl\/wp-content\/uploads\/2024\/01\/melinka-1-2_optimized-1.jpg","_links":{"self":[{"href":"https:\/\/radiorevelacionfm.cl\/index.php?rest_route=\/wp\/v2\/posts\/38966","targetHints":{"allow":["GET"]}}],"collection":[{"href":"https:\/\/radiorevelacionfm.cl\/index.php?rest_route=\/wp\/v2\/posts"}],"about":[{"href":"https:\/\/radiorevelacionfm.cl\/index.php?rest_route=\/wp\/v2\/types\/post"}],"author":[{"embeddable":true,"href":"https:\/\/radiorevelacionfm.cl\/index.php?rest_route=\/wp\/v2\/users\/1"}],"replies":[{"embeddable":true,"href":"https:\/\/radiorevelacionfm.cl\/index.php?rest_route=%2Fwp%2Fv2%2Fcomments&post=38966"}],"version-history":[{"count":1,"href":"https:\/\/radiorevelacionfm.cl\/index.php?rest_route=\/wp\/v2\/posts\/38966\/revisions"}],"predecessor-version":[{"id":38968,"href":"https:\/\/radiorevelacionfm.cl\/index.php?rest_route=\/wp\/v2\/posts\/38966\/revisions\/38968"}],"wp:featuredmedia":[{"embeddable":true,"href":"https:\/\/radiorevelacionfm.cl\/index.php?rest_route=\/wp\/v2\/media\/38967"}],"wp:attachment":[{"href":"https:\/\/radiorevelacionfm.cl\/index.php?rest_route=%2Fwp%2Fv2%2Fmedia&parent=38966"}],"wp:term":[{"taxonomy":"category","embeddable":true,"href":"https:\/\/radiorevelacionfm.cl\/index.php?rest_route=%2Fwp%2Fv2%2Fcategories&post=38966"},{"taxonomy":"post_tag","embeddable":true,"href":"https:\/\/radiorevelacionfm.cl\/index.php?rest_route=%2Fwp%2Fv2%2Ftags&post=38966"}],"curies":[{"name":"wp","href":"https:\/\/api.w.org\/{rel}","templated":true}]}}