{"id":38963,"date":"2024-01-18T17:39:41","date_gmt":"2024-01-18T20:39:41","guid":{"rendered":"https:\/\/radiorevelacionfm.cl\/?p=38963"},"modified":"2024-01-18T17:39:41","modified_gmt":"2024-01-18T20:39:41","slug":"cinco-espacios-regionales-se-suman-a-museos-en-verano","status":"publish","type":"post","link":"https:\/\/radiorevelacionfm.cl\/?p=38963","title":{"rendered":"Cinco espacios regionales se suman a Museos en Verano"},"content":{"rendered":"<div class=\"flex_column av_one_full  flex_column_div av-zero-column-padding first  avia-builder-el-0  el_before_av_one_full  avia-builder-el-first  \" style='border-radius:0px; '><div  class='avia-image-container  av-styling-    avia-builder-el-1  avia-builder-el-no-sibling  avia-align-center '  itemprop=\"image\" itemscope=\"itemscope\" itemtype=\"https:\/\/schema.org\/ImageObject\"  ><div class='avia-image-container-inner'><div class='avia-image-overlay-wrap'><img decoding=\"async\" class='wp-image-38964 avia-img-lazy-loading-not-38964 avia_image' src=\"https:\/\/radiorevelacionfm.cl\/wp-content\/uploads\/2024\/01\/museo-4-1_optimized.jpg\" alt='' title='museo-4-(1)_optimized' height=\"600\" width=\"900\"  itemprop=\"thumbnailUrl\" srcset=\"https:\/\/radiorevelacionfm.cl\/wp-content\/uploads\/2024\/01\/museo-4-1_optimized.jpg 900w, https:\/\/radiorevelacionfm.cl\/wp-content\/uploads\/2024\/01\/museo-4-1_optimized-300x200.jpg 300w, https:\/\/radiorevelacionfm.cl\/wp-content\/uploads\/2024\/01\/museo-4-1_optimized-768x512.jpg 768w, https:\/\/radiorevelacionfm.cl\/wp-content\/uploads\/2024\/01\/museo-4-1_optimized-705x470.jpg 705w, https:\/\/radiorevelacionfm.cl\/wp-content\/uploads\/2024\/01\/museo-4-1_optimized-450x300.jpg 450w, https:\/\/radiorevelacionfm.cl\/wp-content\/uploads\/2024\/01\/museo-4-1_optimized-600x400.jpg 600w\" sizes=\"(max-width: 900px) 100vw, 900px\" \/><\/div><\/div><\/div><\/div><div class=\"flex_column av_one_full  flex_column_div av-zero-column-padding first  avia-builder-el-2  el_after_av_one_full  el_before_av_one_full  column-top-margin\" style='border-radius:0px; '><section class=\"av_textblock_section \"  itemscope=\"itemscope\" itemtype=\"https:\/\/schema.org\/BlogPosting\" itemprop=\"blogPost\" ><div class='avia_textblock  '   itemprop=\"text\" ><p style=\"text-align: center;\"><strong><span style=\"font-size: 18pt;\">Cinco espacios regionales se suman a Museos en Verano <\/span><\/strong><\/p>\n<div id=\"gtx-trans\" style=\"position: absolute; left: -50px; top: 4.31534px;\">\n<div class=\"gtx-trans-icon\"><\/div>\n<\/div>\n<\/div><\/section><\/div><div class=\"flex_column av_one_full  flex_column_div av-zero-column-padding first  avia-builder-el-4  el_after_av_one_full  el_before_av_hr  column-top-margin\" style='border-radius:0px; '><section class=\"av_textblock_section \"  itemscope=\"itemscope\" itemtype=\"https:\/\/schema.org\/BlogPosting\" itemprop=\"blogPost\" ><div class='avia_textblock  '   itemprop=\"text\" ><p style=\"text-align: justify;\">Este viernes 19 de enero, los museos de todo el pa\u00eds se unen nuevamente para brindar una especial cartelera en todas las regiones de Chile. Y Ays\u00e9n no es la excepci\u00f3n. Es por esto que cinco espacios ya se inscribieron en el sitio\u00a0<a href=\"http:\/\/museosenverano.cl\/\" target=\"_blank\" rel=\"noopener\" data-saferedirecturl=\"https:\/\/www.google.com\/url?q=http:\/\/museosenverano.cl&amp;source=gmail&amp;ust=1705685677079000&amp;usg=AOvVaw2ZywyjmuaJbCRskaXxL-ac\">museosenverano.cl<\/a>\u00a0con diversas actividades art\u00edstico-culturales para que las familias del territorio vivan la cultura desde los espacios especialmente dise\u00f1ados para estos fines, con eventos gratuitos y horarios extendidos.<\/p>\n<p style=\"text-align: justify;\">Museos en Verano es una iniciativa impulsada por el Servicio Nacional del Patrimonio Cultural para promover las visitas a los museos y espacios culturales y patrimoniales a lo largo del pa\u00eds durante el per\u00edodo estival. Hay actividades en todas las regiones y 150 espacios inscritos.<\/p>\n<p style=\"text-align: justify;\">La seremi (s) de Culturas Ays\u00e9n, Claudia Bustamante, invit\u00f3 a la comunidad y dijo que \u201cpara nosotros es muy importante aprovechar al m\u00e1ximo el verano y hacerlo desde los espacios culturales con actividades para toda la familia va justamente en la l\u00ednea mandatada por el Gobierno del presidente Boric. Museos en Verano cumple con el objetivo de acercar el arte y la cultura a las y los habitantes de todo el territorio. En esta ocasi\u00f3n, se inscribieron lugares tan diversos como el Museo Regional de Ays\u00e9n, el Monumento Casa Ludwig de Puyuhuapi, el Museo de Chile Chico, el Museo del F\u00fatbol Bajo Marquesina y el Centro Cultural de Coyhaique. Son actividades gratuitas con horario extendido y actividades especiales. No se lo pueden perder\u201d<\/p>\n<p style=\"text-align: justify;\">La cartelera familiar se puede ordenar accediendo al sitio\u00a0<a href=\"http:\/\/museosenverano.cl\/\" target=\"_blank\" rel=\"noopener\" data-saferedirecturl=\"https:\/\/www.google.com\/url?q=http:\/\/museosenverano.cl&amp;source=gmail&amp;ust=1705685677079000&amp;usg=AOvVaw2ZywyjmuaJbCRskaXxL-ac\">museosenverano.cl<\/a>\u00a0y buscar por regi\u00f3n y comuna.<\/p>\n<p style=\"text-align: justify;\">Gustavo Saldivia, director del Museo Regional de Ays\u00e9n, extendi\u00f3 la invitaci\u00f3n a la comunidad y dijo que \u00bb desde las tres de la tarde tendremos preparado nuestro espacio entre almac\u00e9n y oficina de contador para un gran p\u00edcnic patrimonial que estar\u00e1 desde las tres a las ocho de la tarde. Tendremos espacios para pintar con actividades para ni\u00f1os junto a la revista somos Cultura Aysen. Los invitamos a que traigan tejido y guitarra para que hagamos un gran picnic. Adem\u00e1s, tendremos intervenciones art\u00edsticas en el territorio la corporaci\u00f3n regional memoria Austral que estar\u00e1 proyectando micro documentales de diversas intervenciones que han desarrollado y que vincula un patrimonio natural y cultural. Habr\u00e1 visitas guiadas por nuestras exposiciones temporales\u201d.<\/p>\n<p style=\"text-align: justify;\">Luisa Ludwig, escritora, cronista y parte de la familia propietaria de la Casa Ludwig, invit\u00f3 desde Puyuhuapi a visitar el Monumento Hist\u00f3rico en las orillas del fiordo: \u201cQueremos presentar la Casa Ludwig que es una casa de colonos en Puyuhuapi de cinco pisos, enteramente hecha de madera, construida en los a\u00f1os 50. Tiene un interior precioso y unas terminaciones maravillosas. Fue declarado Monumento Hist\u00f3rico en 2014\u201d.<\/p>\n<\/div><\/section><\/div><div  style='height:50px' class='hr hr-invisible   avia-builder-el-6  el_after_av_one_full  el_before_av_social_share '><span class='hr-inner ' ><span class='hr-inner-style'><\/span><\/span><\/div><\/p>\n<div  class='av-social-sharing-box  avia-builder-el-7  el_after_av_hr  el_before_av_hr  '><div class='av-share-box'><h5 class='av-share-link-description av-no-toc '>Compartir esta noticia<\/h5><ul class='av-share-box-list noLightbox'><li class='av-share-link av-social-link-facebook' ><a target=\"_blank\" aria-label=\"Compartir en Facebook\" href='https:\/\/www.facebook.com\/sharer.php?u=https:\/\/radiorevelacionfm.cl\/?p=38963&#038;t=Cinco%20espacios%20regionales%20se%20suman%20a%20Museos%20en%20Verano' aria-hidden='false' data-av_icon='\ue8f3' data-av_iconfont='entypo-fontello' title='' data-avia-related-tooltip='Compartir en Facebook' rel=\"noopener\"><span class='avia_hidden_link_text'>Compartir en Facebook<\/span><\/a><\/li><li class='av-share-link av-social-link-twitter' ><a target=\"_blank\" aria-label=\"Compartir en Twitter\" href='https:\/\/twitter.com\/share?text=Cinco%20espacios%20regionales%20se%20suman%20a%20Museos%20en%20Verano&#038;url=https:\/\/radiorevelacionfm.cl\/?p=38963' aria-hidden='false' data-av_icon='\ue8f1' data-av_iconfont='entypo-fontello' title='' data-avia-related-tooltip='Compartir en Twitter' rel=\"noopener\"><span class='avia_hidden_link_text'>Compartir en Twitter<\/span><\/a><\/li><li class='av-share-link av-social-link-whatsapp' ><a target=\"_blank\" aria-label=\"Compartir en Whatsapp\" href='https:\/\/api.whatsapp.com\/send?text=https:\/\/radiorevelacionfm.cl\/?p=38963' aria-hidden='false' data-av_icon='\uf232' data-av_iconfont='entypo-fontello' title='' data-avia-related-tooltip='Compartir en Whatsapp' rel=\"noopener\"><span class='avia_hidden_link_text'>Compartir en Whatsapp<\/span><\/a><\/li><li class='av-share-link av-social-link-linkedin' ><a target=\"_blank\" aria-label=\"Compartir en LinkedIn\" href='https:\/\/linkedin.com\/shareArticle?mini=true&#038;title=Cinco%20espacios%20regionales%20se%20suman%20a%20Museos%20en%20Verano&#038;url=https:\/\/radiorevelacionfm.cl\/?p=38963' aria-hidden='false' data-av_icon='\ue8fc' data-av_iconfont='entypo-fontello' title='' data-avia-related-tooltip='Compartir en LinkedIn' rel=\"noopener\"><span class='avia_hidden_link_text'>Compartir en LinkedIn<\/span><\/a><\/li><li class='av-share-link av-social-link-mail' ><a  aria-label=\"Compartir por correo\" href='mailto:?subject=Cinco%20espacios%20regionales%20se%20suman%20a%20Museos%20en%20Verano&#038;body=https:\/\/radiorevelacionfm.cl\/?p=38963' aria-hidden='false' data-av_icon='\ue805' data-av_iconfont='entypo-fontello' title='' data-avia-related-tooltip='Compartir por correo'><span class='avia_hidden_link_text'>Compartir por correo<\/span><\/a><\/li><\/ul><\/div><\/div>\n<div  style='height:50px' class='hr hr-invisible   avia-builder-el-8  el_after_av_social_share  el_before_av_comments_list '><span class='hr-inner ' ><span class='hr-inner-style'><\/span><\/span><\/div>\n<div  class='av-buildercomment  av-blog-meta-html-info-disabled av-blog-meta-tag-disabled  '><\/div>\n","protected":false},"excerpt":{"rendered":"","protected":false},"author":1,"featured_media":38964,"comment_status":"open","ping_status":"open","sticky":false,"template":"","format":"standard","meta":{"footnotes":""},"categories":[52],"tags":[],"class_list":["post-38963","post","type-post","status-publish","format-standard","has-post-thumbnail","hentry","category-cultura"],"jetpack_featured_media_url":"https:\/\/radiorevelacionfm.cl\/wp-content\/uploads\/2024\/01\/museo-4-1_optimized.jpg","_links":{"self":[{"href":"https:\/\/radiorevelacionfm.cl\/index.php?rest_route=\/wp\/v2\/posts\/38963","targetHints":{"allow":["GET"]}}],"collection":[{"href":"https:\/\/radiorevelacionfm.cl\/index.php?rest_route=\/wp\/v2\/posts"}],"about":[{"href":"https:\/\/radiorevelacionfm.cl\/index.php?rest_route=\/wp\/v2\/types\/post"}],"author":[{"embeddable":true,"href":"https:\/\/radiorevelacionfm.cl\/index.php?rest_route=\/wp\/v2\/users\/1"}],"replies":[{"embeddable":true,"href":"https:\/\/radiorevelacionfm.cl\/index.php?rest_route=%2Fwp%2Fv2%2Fcomments&post=38963"}],"version-history":[{"count":1,"href":"https:\/\/radiorevelacionfm.cl\/index.php?rest_route=\/wp\/v2\/posts\/38963\/revisions"}],"predecessor-version":[{"id":38965,"href":"https:\/\/radiorevelacionfm.cl\/index.php?rest_route=\/wp\/v2\/posts\/38963\/revisions\/38965"}],"wp:featuredmedia":[{"embeddable":true,"href":"https:\/\/radiorevelacionfm.cl\/index.php?rest_route=\/wp\/v2\/media\/38964"}],"wp:attachment":[{"href":"https:\/\/radiorevelacionfm.cl\/index.php?rest_route=%2Fwp%2Fv2%2Fmedia&parent=38963"}],"wp:term":[{"taxonomy":"category","embeddable":true,"href":"https:\/\/radiorevelacionfm.cl\/index.php?rest_route=%2Fwp%2Fv2%2Fcategories&post=38963"},{"taxonomy":"post_tag","embeddable":true,"href":"https:\/\/radiorevelacionfm.cl\/index.php?rest_route=%2Fwp%2Fv2%2Ftags&post=38963"}],"curies":[{"name":"wp","href":"https:\/\/api.w.org\/{rel}","templated":true}]}}