{"id":38960,"date":"2024-01-18T16:13:13","date_gmt":"2024-01-18T19:13:13","guid":{"rendered":"https:\/\/radiorevelacionfm.cl\/?p=38960"},"modified":"2024-01-18T16:13:13","modified_gmt":"2024-01-18T19:13:13","slug":"cinco-empresas-buscan-incorporar-sellos-s-y-q-con-el-apoyo-de-corfo-aysen","status":"publish","type":"post","link":"https:\/\/radiorevelacionfm.cl\/?p=38960","title":{"rendered":"Cinco empresas buscan incorporar Sellos S y Q con el apoyo de Corfo Ays\u00e9n"},"content":{"rendered":"<div class=\"flex_column av_one_full  flex_column_div av-zero-column-padding first  avia-builder-el-0  el_before_av_one_full  avia-builder-el-first  \" style='border-radius:0px; '><div  class='avia-image-container  av-styling-    avia-builder-el-1  avia-builder-el-no-sibling  avia-align-center '  itemprop=\"image\" itemscope=\"itemscope\" itemtype=\"https:\/\/schema.org\/ImageObject\"  ><div class='avia-image-container-inner'><div class='avia-image-overlay-wrap'><img decoding=\"async\" class='wp-image-38961 avia-img-lazy-loading-not-38961 avia_image' src=\"https:\/\/radiorevelacionfm.cl\/wp-content\/uploads\/2024\/01\/00-6453e2a593ffc-1-1.jpg\" alt='' title='00 6453e2a593ffc (1) (1)' height=\"600\" width=\"923\"  itemprop=\"thumbnailUrl\" srcset=\"https:\/\/radiorevelacionfm.cl\/wp-content\/uploads\/2024\/01\/00-6453e2a593ffc-1-1.jpg 923w, https:\/\/radiorevelacionfm.cl\/wp-content\/uploads\/2024\/01\/00-6453e2a593ffc-1-1-300x195.jpg 300w, https:\/\/radiorevelacionfm.cl\/wp-content\/uploads\/2024\/01\/00-6453e2a593ffc-1-1-768x499.jpg 768w, https:\/\/radiorevelacionfm.cl\/wp-content\/uploads\/2024\/01\/00-6453e2a593ffc-1-1-705x458.jpg 705w, https:\/\/radiorevelacionfm.cl\/wp-content\/uploads\/2024\/01\/00-6453e2a593ffc-1-1-450x293.jpg 450w, https:\/\/radiorevelacionfm.cl\/wp-content\/uploads\/2024\/01\/00-6453e2a593ffc-1-1-600x390.jpg 600w\" sizes=\"(max-width: 923px) 100vw, 923px\" \/><\/div><\/div><\/div><\/div><div class=\"flex_column av_one_full  flex_column_div av-zero-column-padding first  avia-builder-el-2  el_after_av_one_full  el_before_av_one_full  column-top-margin\" style='border-radius:0px; '><section class=\"av_textblock_section \"  itemscope=\"itemscope\" itemtype=\"https:\/\/schema.org\/BlogPosting\" itemprop=\"blogPost\" ><div class='avia_textblock  '   itemprop=\"text\" ><p style=\"text-align: center;\"><strong><span style=\"font-size: 18pt;\">Cinco empresas buscan incorporar Sellos S y Q con el apoyo de Corfo Ays\u00e9n<\/span><\/strong><\/p>\n<div id=\"gtx-trans\" style=\"position: absolute; left: -50px; top: 4.31534px;\">\n<div class=\"gtx-trans-icon\"><\/div>\n<\/div>\n<\/div><\/section><\/div><div class=\"flex_column av_one_full  flex_column_div av-zero-column-padding first  avia-builder-el-4  el_after_av_one_full  el_before_av_hr  column-top-margin\" style='border-radius:0px; '><section class=\"av_textblock_section \"  itemscope=\"itemscope\" itemtype=\"https:\/\/schema.org\/BlogPosting\" itemprop=\"blogPost\" ><div class='avia_textblock  '   itemprop=\"text\" ><p style=\"text-align: justify;\"><em>Empresas regionales se adjudicaron el apoyo a trav\u00e9s del Programa FOCAL, para elevar la calidad de servicios tur\u00edsticos y posicionar a Ays\u00e9n como destino de excelencia.<\/em><\/p>\n<p style=\"text-align: justify;\">A trav\u00e9s del Programa FOCAL de Corfo, cinco empresas de la Regi\u00f3n de Ays\u00e9n buscan obtener los sellos S de Turismo Sustentable y Q, de Calidad Tur\u00edstica, reconocidos a nivel internacional.<\/p>\n<p style=\"text-align: justify;\">As\u00ed lo inform\u00f3 Humberto Mar\u00edn Leiva, director de Corfo, quien explic\u00f3 que bajo la premisa de \u00abFomento a la Calidad\u00bb, el objetivo del programa es impulsar la productividad y competitividad de las empresas mediante la implementaci\u00f3n y certificaci\u00f3n de normas t\u00e9cnicas espec\u00edficas. En esta ocasi\u00f3n, el enfoque se centra en normativas que otorgan los sellos S y Q, elementos esenciales para elevar los est\u00e1ndares de calidad y sostenibilidad en los servicios tur\u00edsticos.<\/p>\n<p style=\"text-align: justify;\">Detall\u00f3 que \u201cla importancia de este programa radica en su capacidad para mejorar la calidad de los servicios tur\u00edsticos locales, permitiendo a las empresas incorporar pr\u00e1cticas de gesti\u00f3n y productos que cumplan con est\u00e1ndares reconocidos. Esto no solo beneficia a las empresas involucradas, sino que tambi\u00e9n posiciona a Ays\u00e9n como un destino tur\u00edstico de calidad, respetuoso con el entorno y atractivo para visitantes exigentes\u00bb.<\/p>\n<p style=\"text-align: justify;\">Por su parte, Claudio Montecinos Angulo, director de Sernatur Ays\u00e9n se\u00f1al\u00f3 que \u201cdesde Sernatur queremos relevar el financiamiento de Corfo destinado a la certificaci\u00f3n de empresas regionales en materia de sustentabilidad y calidad tur\u00edstica. Los sellos S y Q son certificaciones que entrega Sernatur y que permiten acreditar normas t\u00e9cnicas y est\u00e1ndares de calidad a las empresas de turismo que operan en el pa\u00eds. La obtenci\u00f3n de estos sellos por parte de las empresas regionales nos permitir\u00e1 incorporarlas a las distintas acciones y plataformas de promoci\u00f3n tur\u00edstica que desarrollamos desde Sernatur\u201d.<\/p>\n<p style=\"text-align: justify;\">Finalmente, el director de Corfo indic\u00f3 que la iniciativa est\u00e1 en l\u00ednea con el compromiso gubernamental hacia el crecimiento sostenible de la regi\u00f3n, consolidando a Ays\u00e9n como un destino tur\u00edstico de excelencia a nivel internacional. \u201cFortalecer el turismo local es un compromiso colectivo. Desde Corfo continuaremos trabajando para apoyar proyectos que promuevan la calidad, la sostenibilidad y la proyecci\u00f3n internacional de nuestra regi\u00f3n como destino tur\u00edstico de excelencia. Al respaldar a estas cinco empresas locales, se abren nuevas oportunidades de negocio que contribuyen al desarrollo econ\u00f3mico regional, fortaleciendo la calidad y sostenibilidad en el turismo local. De esta forma, el programa FOCAL no solo es un aliado estrat\u00e9gico, sino tambi\u00e9n un impulsor clave para acceder a mercados m\u00e1s atractivos\u00bb, concluy\u00f3.<\/p>\n<\/div><\/section><\/div><div  style='height:50px' class='hr hr-invisible   avia-builder-el-6  el_after_av_one_full  el_before_av_social_share '><span class='hr-inner ' ><span class='hr-inner-style'><\/span><\/span><\/div><\/p>\n<div  class='av-social-sharing-box  avia-builder-el-7  el_after_av_hr  el_before_av_hr  '><div class='av-share-box'><h5 class='av-share-link-description av-no-toc '>Compartir esta noticia<\/h5><ul class='av-share-box-list noLightbox'><li class='av-share-link av-social-link-facebook' ><a target=\"_blank\" aria-label=\"Compartir en Facebook\" href='https:\/\/www.facebook.com\/sharer.php?u=https:\/\/radiorevelacionfm.cl\/?p=38960&#038;t=Cinco%20empresas%20buscan%20incorporar%20Sellos%20S%20y%20Q%20con%20el%20apoyo%20de%20Corfo%20Ays%C3%A9n' aria-hidden='false' data-av_icon='\ue8f3' data-av_iconfont='entypo-fontello' title='' data-avia-related-tooltip='Compartir en Facebook' rel=\"noopener\"><span class='avia_hidden_link_text'>Compartir en Facebook<\/span><\/a><\/li><li class='av-share-link av-social-link-twitter' ><a target=\"_blank\" aria-label=\"Compartir en Twitter\" href='https:\/\/twitter.com\/share?text=Cinco%20empresas%20buscan%20incorporar%20Sellos%20S%20y%20Q%20con%20el%20apoyo%20de%20Corfo%20Ays%C3%A9n&#038;url=https:\/\/radiorevelacionfm.cl\/?p=38960' aria-hidden='false' data-av_icon='\ue8f1' data-av_iconfont='entypo-fontello' title='' data-avia-related-tooltip='Compartir en Twitter' rel=\"noopener\"><span class='avia_hidden_link_text'>Compartir en Twitter<\/span><\/a><\/li><li class='av-share-link av-social-link-whatsapp' ><a target=\"_blank\" aria-label=\"Compartir en Whatsapp\" href='https:\/\/api.whatsapp.com\/send?text=https:\/\/radiorevelacionfm.cl\/?p=38960' aria-hidden='false' data-av_icon='\uf232' data-av_iconfont='entypo-fontello' title='' data-avia-related-tooltip='Compartir en Whatsapp' rel=\"noopener\"><span class='avia_hidden_link_text'>Compartir en Whatsapp<\/span><\/a><\/li><li class='av-share-link av-social-link-linkedin' ><a target=\"_blank\" aria-label=\"Compartir en LinkedIn\" href='https:\/\/linkedin.com\/shareArticle?mini=true&#038;title=Cinco%20empresas%20buscan%20incorporar%20Sellos%20S%20y%20Q%20con%20el%20apoyo%20de%20Corfo%20Ays%C3%A9n&#038;url=https:\/\/radiorevelacionfm.cl\/?p=38960' aria-hidden='false' data-av_icon='\ue8fc' data-av_iconfont='entypo-fontello' title='' data-avia-related-tooltip='Compartir en LinkedIn' rel=\"noopener\"><span class='avia_hidden_link_text'>Compartir en LinkedIn<\/span><\/a><\/li><li class='av-share-link av-social-link-mail' ><a  aria-label=\"Compartir por correo\" href='mailto:?subject=Cinco%20empresas%20buscan%20incorporar%20Sellos%20S%20y%20Q%20con%20el%20apoyo%20de%20Corfo%20Ays%C3%A9n&#038;body=https:\/\/radiorevelacionfm.cl\/?p=38960' aria-hidden='false' data-av_icon='\ue805' data-av_iconfont='entypo-fontello' title='' data-avia-related-tooltip='Compartir por correo'><span class='avia_hidden_link_text'>Compartir por correo<\/span><\/a><\/li><\/ul><\/div><\/div>\n<div  style='height:50px' class='hr hr-invisible   avia-builder-el-8  el_after_av_social_share  el_before_av_comments_list '><span class='hr-inner ' ><span class='hr-inner-style'><\/span><\/span><\/div>\n<div  class='av-buildercomment  av-blog-meta-html-info-disabled av-blog-meta-tag-disabled  '><\/div>\n","protected":false},"excerpt":{"rendered":"","protected":false},"author":1,"featured_media":38961,"comment_status":"open","ping_status":"open","sticky":false,"template":"","format":"standard","meta":{"footnotes":""},"categories":[54],"tags":[],"class_list":["post-38960","post","type-post","status-publish","format-standard","has-post-thumbnail","hentry","category-turismo"],"jetpack_featured_media_url":"https:\/\/radiorevelacionfm.cl\/wp-content\/uploads\/2024\/01\/00-6453e2a593ffc-1-1.jpg","_links":{"self":[{"href":"https:\/\/radiorevelacionfm.cl\/index.php?rest_route=\/wp\/v2\/posts\/38960","targetHints":{"allow":["GET"]}}],"collection":[{"href":"https:\/\/radiorevelacionfm.cl\/index.php?rest_route=\/wp\/v2\/posts"}],"about":[{"href":"https:\/\/radiorevelacionfm.cl\/index.php?rest_route=\/wp\/v2\/types\/post"}],"author":[{"embeddable":true,"href":"https:\/\/radiorevelacionfm.cl\/index.php?rest_route=\/wp\/v2\/users\/1"}],"replies":[{"embeddable":true,"href":"https:\/\/radiorevelacionfm.cl\/index.php?rest_route=%2Fwp%2Fv2%2Fcomments&post=38960"}],"version-history":[{"count":1,"href":"https:\/\/radiorevelacionfm.cl\/index.php?rest_route=\/wp\/v2\/posts\/38960\/revisions"}],"predecessor-version":[{"id":38962,"href":"https:\/\/radiorevelacionfm.cl\/index.php?rest_route=\/wp\/v2\/posts\/38960\/revisions\/38962"}],"wp:featuredmedia":[{"embeddable":true,"href":"https:\/\/radiorevelacionfm.cl\/index.php?rest_route=\/wp\/v2\/media\/38961"}],"wp:attachment":[{"href":"https:\/\/radiorevelacionfm.cl\/index.php?rest_route=%2Fwp%2Fv2%2Fmedia&parent=38960"}],"wp:term":[{"taxonomy":"category","embeddable":true,"href":"https:\/\/radiorevelacionfm.cl\/index.php?rest_route=%2Fwp%2Fv2%2Fcategories&post=38960"},{"taxonomy":"post_tag","embeddable":true,"href":"https:\/\/radiorevelacionfm.cl\/index.php?rest_route=%2Fwp%2Fv2%2Ftags&post=38960"}],"curies":[{"name":"wp","href":"https:\/\/api.w.org\/{rel}","templated":true}]}}