{"id":3896,"date":"2021-05-07T15:49:29","date_gmt":"2021-05-07T18:49:29","guid":{"rendered":"https:\/\/radiorevelacionfm.cl\/?p=3896"},"modified":"2021-05-07T15:49:29","modified_gmt":"2021-05-07T18:49:29","slug":"en-chile-chico-continua-mejoramiento-de-la-costanera-del-lago-con-sistema-de-adocretos","status":"publish","type":"post","link":"https:\/\/radiorevelacionfm.cl\/?p=3896","title":{"rendered":"En Chile Chico contin\u00faa mejoramiento de la costanera del Lago con sistema de adocretos"},"content":{"rendered":"<div class=\"flex_column av_one_full  flex_column_div av-zero-column-padding first  avia-builder-el-0  el_before_av_one_full  avia-builder-el-first  \" style='border-radius:0px; '><div  class='avia-image-container  av-styling-    avia-builder-el-1  avia-builder-el-no-sibling  avia-align-center '  itemprop=\"image\" itemscope=\"itemscope\" itemtype=\"https:\/\/schema.org\/ImageObject\"  ><div class='avia-image-container-inner'><div class='avia-image-overlay-wrap'><img decoding=\"async\" class='wp-image-0 avia-img-lazy-loading-not-0 avia_image' src=\"https:\/\/radiorevelacionfm.cl\/wp-content\/uploads\/2021\/05\/COSTANERA-SEGUNDA-ETAPA-1-1-1.jpg\" alt='' title=''   itemprop=\"thumbnailUrl\"  \/><\/div><\/div><\/div><\/div><div class=\"flex_column av_one_full  flex_column_div av-zero-column-padding first  avia-builder-el-2  el_after_av_one_full  el_before_av_one_full  column-top-margin\" style='border-radius:0px; '><section class=\"av_textblock_section \"  itemscope=\"itemscope\" itemtype=\"https:\/\/schema.org\/BlogPosting\" itemprop=\"blogPost\" ><div class='avia_textblock  '   itemprop=\"text\" ><p style=\"text-align: center;\"><strong><span style=\"font-size: 18pt;\">En Chile Chico contin\u00faa mejoramiento de la costanera del Lago con sistema de adocretos<\/span><\/strong><\/p>\n<div id=\"gtx-trans\" style=\"position: absolute; left: -50px; top: 4.31534px;\">\n<div class=\"gtx-trans-icon\"><\/div>\n<\/div>\n<\/div><\/section><\/div><div class=\"flex_column av_one_full  flex_column_div av-zero-column-padding first  avia-builder-el-4  el_after_av_one_full  el_before_av_hr  column-top-margin\" style='border-radius:0px; '><section class=\"av_textblock_section \"  itemscope=\"itemscope\" itemtype=\"https:\/\/schema.org\/BlogPosting\" itemprop=\"blogPost\" ><div class='avia_textblock  '   itemprop=\"text\" ><p style=\"text-align: justify;\">La Municipalidad de Chile Chico ha iniciado un nuevo proyecto para avanzar en el mejoramiento de la costanera de Chile Chico, es as\u00ed que, gracias al compromiso de nueve vecinos y vecinas de la localidad se adocretar\u00e1 la segunda etapa del sector, esto luego del buen resultado de los primeros trabajos.<\/p>\n<p style=\"text-align: justify;\">Al lugar llego el Alcalde (s) de Chile Chico Omar Ruiz, acompa\u00f1ado del director de obras Gustavo Cruces y el inspector t\u00e9cnico de la obra Rodrigo Cabero, quienes dialogaron con los trabajadores, valorando el inter\u00e9s de contribuir a mejorar un espacio que por muchos a\u00f1os no estuvo en las mejores condiciones.<\/p>\n<p style=\"text-align: justify;\">Omar Ruiz, puso en valor la creaci\u00f3n de la f\u00e1brica municipal de adocretos que ha tenido un importante resultado y lo que significar\u00e1n las mejores para nuestra comunidad y quienes nos visitan.<\/p>\n<p style=\"text-align: justify;\">\u201cEstamos dando inicio a la segunda etapa de los trabajos de mejoramiento a la costanera, estamos con el director de obras, con el inspector t\u00e9cnico, tambi\u00e9n con los nueve trabajadores que van a ejecutar iniciativa por cinco meses. Estamos hablando de una mejora de 75 metros lineales, esto es fruto de lo que ha sido la implementaci\u00f3n de la f\u00e1brica de adocretos. Por lo tanto, queremos empalmar y poder continuar con esta iniciativa, se ha mejorado bastante lo que es la costanera, se han incorporado luminarias, lo que ha generado un entorno atractivo, seguro y sin duda un aporte para el turismo en la ciudad\u201d.<\/p>\n<p style=\"text-align: justify;\">El director de obras municipales, Gustavo Cruces, entreg\u00f3 algunos detalles t\u00e9cnicos del mejoramiento en la costanera de la \u201cciudad del sol\u201d.<\/p>\n<p style=\"text-align: justify;\">\u201cDestacar que la primera etapa fue todo un \u00e9xito, como todos pueden apreciar durante la noche esta calle esta iluminada, cuenta con un buen mejoramiento de suelo a trav\u00e9s de los adocretos y solerillas. Hoy partimos con 75 metros lineales, adicionales a los 116 metros que ya se trabajaron con el mismo tipo de mejoramiento que es, colocar adocretos, instalar gaviones, proteger las capas estructurales que van a soportar los adocretos y las cargas de los veh\u00edculos y camiones. Tenemos un control de aguas lluvias de la calle Soto Mayor, que llega a evacuar justamente a esa zona, entonces, a trav\u00e9s de este tipo de obras vamos mitigar la llegada de las aguas lluvias\u201d.<\/p>\n<p style=\"text-align: justify;\">Esta iniciativa nace por requerimiento del Alcalde, donde el compromiso del equipo t\u00e9cnico y profesional de las \u00e1reas de Administraci\u00f3n, Secplac y Obras junto al impecable desempe\u00f1o de los trabajadores y trabajadoras que ejecutan la iniciativa, la comuna de Chile Chico sigue avanzando.<\/p>\n<p style=\"text-align: justify;\"><strong>\u00a0<\/strong><\/p>\n<\/div><\/section><\/div><div  style='height:50px' class='hr hr-invisible   avia-builder-el-6  el_after_av_one_full  el_before_av_social_share '><span class='hr-inner ' ><span class='hr-inner-style'><\/span><\/span><\/div><\/p>\n<div  class='av-social-sharing-box  avia-builder-el-7  el_after_av_hr  el_before_av_hr  '><div class='av-share-box'><h5 class='av-share-link-description av-no-toc '>Compartir esta noticia<\/h5><ul class='av-share-box-list noLightbox'><li class='av-share-link av-social-link-facebook' ><a target=\"_blank\" aria-label=\"Compartir en Facebook\" href='https:\/\/www.facebook.com\/sharer.php?u=https:\/\/radiorevelacionfm.cl\/?p=3896&#038;t=En%20Chile%20Chico%20contin%C3%BAa%20mejoramiento%20de%20la%20costanera%20del%20Lago%20con%20sistema%20de%20adocretos' aria-hidden='false' data-av_icon='\ue8f3' data-av_iconfont='entypo-fontello' title='' data-avia-related-tooltip='Compartir en Facebook' rel=\"noopener\"><span class='avia_hidden_link_text'>Compartir en Facebook<\/span><\/a><\/li><li class='av-share-link av-social-link-twitter' ><a target=\"_blank\" aria-label=\"Compartir en Twitter\" href='https:\/\/twitter.com\/share?text=En%20Chile%20Chico%20contin%C3%BAa%20mejoramiento%20de%20la%20costanera%20del%20Lago%20con%20sistema%20de%20adocretos&#038;url=https:\/\/radiorevelacionfm.cl\/?p=3896' aria-hidden='false' data-av_icon='\ue8f1' data-av_iconfont='entypo-fontello' title='' data-avia-related-tooltip='Compartir en Twitter' rel=\"noopener\"><span class='avia_hidden_link_text'>Compartir en Twitter<\/span><\/a><\/li><li class='av-share-link av-social-link-whatsapp' ><a target=\"_blank\" aria-label=\"Compartir en Whatsapp\" href='https:\/\/api.whatsapp.com\/send?text=https:\/\/radiorevelacionfm.cl\/?p=3896' aria-hidden='false' data-av_icon='\uf232' data-av_iconfont='entypo-fontello' title='' data-avia-related-tooltip='Compartir en Whatsapp' rel=\"noopener\"><span class='avia_hidden_link_text'>Compartir en Whatsapp<\/span><\/a><\/li><li class='av-share-link av-social-link-linkedin' ><a target=\"_blank\" aria-label=\"Compartir en LinkedIn\" href='https:\/\/linkedin.com\/shareArticle?mini=true&#038;title=En%20Chile%20Chico%20contin%C3%BAa%20mejoramiento%20de%20la%20costanera%20del%20Lago%20con%20sistema%20de%20adocretos&#038;url=https:\/\/radiorevelacionfm.cl\/?p=3896' aria-hidden='false' data-av_icon='\ue8fc' data-av_iconfont='entypo-fontello' title='' data-avia-related-tooltip='Compartir en LinkedIn' rel=\"noopener\"><span class='avia_hidden_link_text'>Compartir en LinkedIn<\/span><\/a><\/li><li class='av-share-link av-social-link-mail' ><a  aria-label=\"Compartir por correo\" href='mailto:?subject=En%20Chile%20Chico%20contin%C3%BAa%20mejoramiento%20de%20la%20costanera%20del%20Lago%20con%20sistema%20de%20adocretos&#038;body=https:\/\/radiorevelacionfm.cl\/?p=3896' aria-hidden='false' data-av_icon='\ue805' data-av_iconfont='entypo-fontello' title='' data-avia-related-tooltip='Compartir por correo'><span class='avia_hidden_link_text'>Compartir por correo<\/span><\/a><\/li><\/ul><\/div><\/div>\n<div  style='height:50px' class='hr hr-invisible   avia-builder-el-8  el_after_av_social_share  el_before_av_comments_list '><span class='hr-inner ' ><span class='hr-inner-style'><\/span><\/span><\/div>\n<div  class='av-buildercomment  av-blog-meta-html-info-disabled av-blog-meta-tag-disabled  '><\/div>\n","protected":false},"excerpt":{"rendered":"","protected":false},"author":1,"featured_media":0,"comment_status":"open","ping_status":"open","sticky":false,"template":"","format":"standard","meta":{"footnotes":""},"categories":[38],"tags":[],"class_list":["post-3896","post","type-post","status-publish","format-standard","hentry","category-regional"],"jetpack_featured_media_url":"","_links":{"self":[{"href":"https:\/\/radiorevelacionfm.cl\/index.php?rest_route=\/wp\/v2\/posts\/3896","targetHints":{"allow":["GET"]}}],"collection":[{"href":"https:\/\/radiorevelacionfm.cl\/index.php?rest_route=\/wp\/v2\/posts"}],"about":[{"href":"https:\/\/radiorevelacionfm.cl\/index.php?rest_route=\/wp\/v2\/types\/post"}],"author":[{"embeddable":true,"href":"https:\/\/radiorevelacionfm.cl\/index.php?rest_route=\/wp\/v2\/users\/1"}],"replies":[{"embeddable":true,"href":"https:\/\/radiorevelacionfm.cl\/index.php?rest_route=%2Fwp%2Fv2%2Fcomments&post=3896"}],"version-history":[{"count":1,"href":"https:\/\/radiorevelacionfm.cl\/index.php?rest_route=\/wp\/v2\/posts\/3896\/revisions"}],"predecessor-version":[{"id":3898,"href":"https:\/\/radiorevelacionfm.cl\/index.php?rest_route=\/wp\/v2\/posts\/3896\/revisions\/3898"}],"wp:attachment":[{"href":"https:\/\/radiorevelacionfm.cl\/index.php?rest_route=%2Fwp%2Fv2%2Fmedia&parent=3896"}],"wp:term":[{"taxonomy":"category","embeddable":true,"href":"https:\/\/radiorevelacionfm.cl\/index.php?rest_route=%2Fwp%2Fv2%2Fcategories&post=3896"},{"taxonomy":"post_tag","embeddable":true,"href":"https:\/\/radiorevelacionfm.cl\/index.php?rest_route=%2Fwp%2Fv2%2Ftags&post=3896"}],"curies":[{"name":"wp","href":"https:\/\/api.w.org\/{rel}","templated":true}]}}