{"id":38920,"date":"2024-01-17T16:01:52","date_gmt":"2024-01-17T19:01:52","guid":{"rendered":"https:\/\/radiorevelacionfm.cl\/?p=38920"},"modified":"2024-01-17T16:05:04","modified_gmt":"2024-01-17T19:05:04","slug":"anuncian-trabajos-de-ampliacion-y-mejoras-en-el-servicio-electrico-de-puerto-cisnes","status":"publish","type":"post","link":"https:\/\/radiorevelacionfm.cl\/?p=38920","title":{"rendered":"Anuncian trabajos de ampliaci\u00f3n y mejoras en el servicio el\u00e9ctrico de Puerto Cisnes"},"content":{"rendered":"<div class=\"flex_column av_one_full  flex_column_div av-zero-column-padding first  avia-builder-el-0  el_before_av_one_full  avia-builder-el-first  \" style='border-radius:0px; '><div  class='avia-image-container  av-styling-    avia-builder-el-1  avia-builder-el-no-sibling  avia-align-center '  itemprop=\"image\" itemscope=\"itemscope\" itemtype=\"https:\/\/schema.org\/ImageObject\"  ><div class='avia-image-container-inner'><div class='avia-image-overlay-wrap'><img decoding=\"async\" class='wp-image-38921 avia-img-lazy-loading-not-38921 avia_image' src=\"https:\/\/radiorevelacionfm.cl\/wp-content\/uploads\/2024\/01\/Interrupcion-de-energia-11_12-2-1-1.jpeg\" alt='' title='Interrupci\u00f3n de energ\u00eda 11_12 (2) (1) (1)' height=\"600\" width=\"1067\"  itemprop=\"thumbnailUrl\" srcset=\"https:\/\/radiorevelacionfm.cl\/wp-content\/uploads\/2024\/01\/Interrupcion-de-energia-11_12-2-1-1.jpeg 1067w, https:\/\/radiorevelacionfm.cl\/wp-content\/uploads\/2024\/01\/Interrupcion-de-energia-11_12-2-1-1-300x169.jpeg 300w, https:\/\/radiorevelacionfm.cl\/wp-content\/uploads\/2024\/01\/Interrupcion-de-energia-11_12-2-1-1-1030x579.jpeg 1030w, https:\/\/radiorevelacionfm.cl\/wp-content\/uploads\/2024\/01\/Interrupcion-de-energia-11_12-2-1-1-768x432.jpeg 768w, https:\/\/radiorevelacionfm.cl\/wp-content\/uploads\/2024\/01\/Interrupcion-de-energia-11_12-2-1-1-705x396.jpeg 705w, https:\/\/radiorevelacionfm.cl\/wp-content\/uploads\/2024\/01\/Interrupcion-de-energia-11_12-2-1-1-450x253.jpeg 450w, https:\/\/radiorevelacionfm.cl\/wp-content\/uploads\/2024\/01\/Interrupcion-de-energia-11_12-2-1-1-600x337.jpeg 600w\" sizes=\"(max-width: 1067px) 100vw, 1067px\" \/><\/div><\/div><\/div><\/div>\n<div class=\"flex_column av_one_full  flex_column_div av-zero-column-padding first  avia-builder-el-2  el_after_av_one_full  el_before_av_one_full  column-top-margin\" style='border-radius:0px; '><section class=\"av_textblock_section \"  itemscope=\"itemscope\" itemtype=\"https:\/\/schema.org\/BlogPosting\" itemprop=\"blogPost\" ><div class='avia_textblock  '   itemprop=\"text\" ><p style=\"text-align: center;\"><strong><span style=\"font-size: 18pt;\">Anuncian trabajos de ampliaci\u00f3n y mejoras en el servicio el\u00e9ctrico de Puerto Cisnes<\/span><\/strong><\/p>\n<div id=\"gtx-trans\" style=\"position: absolute; left: -50px; top: 4.31534px;\">\n<div class=\"gtx-trans-icon\"><\/div>\n<\/div>\n<\/div><\/section><\/div>\n<div class=\"flex_column av_one_full  flex_column_div av-zero-column-padding first  avia-builder-el-4  el_after_av_one_full  el_before_av_hr  column-top-margin\" style='border-radius:0px; '><section class=\"av_textblock_section \"  itemscope=\"itemscope\" itemtype=\"https:\/\/schema.org\/BlogPosting\" itemprop=\"blogPost\" ><div class='avia_textblock  '   itemprop=\"text\" ><p style=\"text-align: justify;\"><em>La empresa el\u00e9ctrica inform\u00f3 desconexi\u00f3n programada de energ\u00eda durante la jornada del domingo 21 de enero en la zona urbana de la comuna.<\/em><\/p>\n<p style=\"text-align: justify;\">En un esfuerzo continuo por garantizar la calidad y confiabilidad de los servicios de la empresa el\u00e9ctrica, se anunciaron trabajos de mantenimiento en el patio de media tensi\u00f3n de la Central Nuevo Reino durante el periodo mencionado desde las 09:00 a 15:00 horas. Las faenas incluir\u00e1n cambio tecnol\u00f3gico en los elementos de maniobra y aislaci\u00f3n de dicha central, as\u00ed como instalaci\u00f3n de cobertores aislados para prevenir eventos imprevistos que puedan afectar el suministro normal de los vecinos de Puerto Cisnes.<\/p>\n<p style=\"text-align: justify;\">De acuerdo con ello, desde Edelaysen solicitan la comprensi\u00f3n de la comunidad ante los posibles impactos que pueda ocasionar esta desconexi\u00f3n temporal, enfatizando que estas mejoras son necesarias para garantizar la confiabilidad y seguridad del suministro el\u00e9ctrico en Puerto Cisnes. Adicionalmente, durante esta desconexi\u00f3n programada se llevar\u00e1n a cabo faenas relacionadas con las nuevas l\u00edneas de electrificaci\u00f3n rural comprometida a trav\u00e9s del Fondo Nacional de Desarrollo Regional (FNDR) en la zona.<\/p>\n<p style=\"text-align: justify;\">En tal sentido, Francisco Pavez, jefe de zona de Puerto Cisnes indic\u00f3 que: \u201cEstamos comprometidos con seguir avanzando hacia una calidad de servicio de alto est\u00e1ndar, para lo cual son absolutamente necesarias estas desconexiones programadas que nos permiten cambiar tecnolog\u00eda, ofrecer una flexibilidad operacional mayor y entregar energ\u00eda el\u00e9ctrica confiable y segura a la comunidad de Puerto Cisnes. Entendemos que estos trabajos pudiesen generar inconvenientes en el d\u00eda a d\u00eda de los vecinos, no obstante, contamos con que la comunidad entiende que estos trabajos son vitales para fortalecer la infraestructura el\u00e9ctrica en Puerto Cisnes y desde ya agradecemos la comprensi\u00f3n de los vecinos\u201d.<\/p>\n<p style=\"text-align: justify;\">La distribuidora insta a los clientes a obtener informaci\u00f3n en tiempo real a trav\u00e9s del mapa de desconexiones disponible en el sitio web oficial\u00a0<a href=\"https:\/\/nam10.safelinks.protection.outlook.com\/?url=http%3A%2F%2Fwww.edelaysen.cl%2F&amp;data=05%7C02%7Cmaria.marchant%40saesa.cl%7Cd00a77d4635549e4232508dc1785e122%7C136d6ab55b55496f97cb2424247715ed%7C0%7C0%7C638411110975362336%7CUnknown%7CTWFpbGZsb3d8eyJWIjoiMC4wLjAwMDAiLCJQIjoiV2luMzIiLCJBTiI6Ik1haWwiLCJXVCI6Mn0%3D%7C3000%7C%7C%7C&amp;sdata=ZmNxPTv7Q1b%2FfupfuBS4fM5VmG9VzT4pPdfVTECqwSo%3D&amp;reserved=0\">www.edelaysen.cl<\/a>\u00a0y su aplicaci\u00f3n m\u00f3vil, adem\u00e1s de su l\u00ednea gratuita al 800 600 803 donde se ofrecer\u00e1n actualizaciones detalladas sobre el estado del servicio.<\/p>\n<\/div><\/section><\/div><div  style='height:50px' class='hr hr-invisible   avia-builder-el-6  el_after_av_one_full  el_before_av_social_share '><span class='hr-inner ' ><span class='hr-inner-style'><\/span><\/span><\/div><\/p>\n<div  class='av-social-sharing-box  avia-builder-el-7  el_after_av_hr  el_before_av_hr  '><div class='av-share-box'><h5 class='av-share-link-description av-no-toc '>Compartir esta noticia<\/h5><ul class='av-share-box-list noLightbox'><li class='av-share-link av-social-link-facebook' ><a target=\"_blank\" aria-label=\"Compartir en Facebook\" href='https:\/\/www.facebook.com\/sharer.php?u=https:\/\/radiorevelacionfm.cl\/?p=38920&#038;t=Anuncian%20trabajos%20de%20ampliaci%C3%B3n%20y%20mejoras%20en%20el%20servicio%20el%C3%A9ctrico%20de%20Puerto%20Cisnes' aria-hidden='false' data-av_icon='\ue8f3' data-av_iconfont='entypo-fontello' title='' data-avia-related-tooltip='Compartir en Facebook' rel=\"noopener\"><span class='avia_hidden_link_text'>Compartir en Facebook<\/span><\/a><\/li><li class='av-share-link av-social-link-twitter' ><a target=\"_blank\" aria-label=\"Compartir en Twitter\" href='https:\/\/twitter.com\/share?text=Anuncian%20trabajos%20de%20ampliaci%C3%B3n%20y%20mejoras%20en%20el%20servicio%20el%C3%A9ctrico%20de%20Puerto%20Cisnes&#038;url=https:\/\/radiorevelacionfm.cl\/?p=38920' aria-hidden='false' data-av_icon='\ue8f1' data-av_iconfont='entypo-fontello' title='' data-avia-related-tooltip='Compartir en Twitter' rel=\"noopener\"><span class='avia_hidden_link_text'>Compartir en Twitter<\/span><\/a><\/li><li class='av-share-link av-social-link-whatsapp' ><a target=\"_blank\" aria-label=\"Compartir en Whatsapp\" href='https:\/\/api.whatsapp.com\/send?text=https:\/\/radiorevelacionfm.cl\/?p=38920' aria-hidden='false' data-av_icon='\uf232' data-av_iconfont='entypo-fontello' title='' data-avia-related-tooltip='Compartir en Whatsapp' rel=\"noopener\"><span class='avia_hidden_link_text'>Compartir en Whatsapp<\/span><\/a><\/li><li class='av-share-link av-social-link-linkedin' ><a target=\"_blank\" aria-label=\"Compartir en LinkedIn\" href='https:\/\/linkedin.com\/shareArticle?mini=true&#038;title=Anuncian%20trabajos%20de%20ampliaci%C3%B3n%20y%20mejoras%20en%20el%20servicio%20el%C3%A9ctrico%20de%20Puerto%20Cisnes&#038;url=https:\/\/radiorevelacionfm.cl\/?p=38920' aria-hidden='false' data-av_icon='\ue8fc' data-av_iconfont='entypo-fontello' title='' data-avia-related-tooltip='Compartir en LinkedIn' rel=\"noopener\"><span class='avia_hidden_link_text'>Compartir en LinkedIn<\/span><\/a><\/li><li class='av-share-link av-social-link-mail' ><a  aria-label=\"Compartir por correo\" href='mailto:?subject=Anuncian%20trabajos%20de%20ampliaci%C3%B3n%20y%20mejoras%20en%20el%20servicio%20el%C3%A9ctrico%20de%20Puerto%20Cisnes&#038;body=https:\/\/radiorevelacionfm.cl\/?p=38920' aria-hidden='false' data-av_icon='\ue805' data-av_iconfont='entypo-fontello' title='' data-avia-related-tooltip='Compartir por correo'><span class='avia_hidden_link_text'>Compartir por correo<\/span><\/a><\/li><\/ul><\/div><\/div>\n<div  style='height:50px' class='hr hr-invisible   avia-builder-el-8  el_after_av_social_share  el_before_av_comments_list '><span class='hr-inner ' ><span class='hr-inner-style'><\/span><\/span><\/div>\n<div  class='av-buildercomment  av-blog-meta-html-info-disabled av-blog-meta-tag-disabled  '><\/div>\n","protected":false},"excerpt":{"rendered":"","protected":false},"author":1,"featured_media":38921,"comment_status":"open","ping_status":"open","sticky":false,"template":"","format":"standard","meta":{"footnotes":""},"categories":[38],"tags":[],"class_list":["post-38920","post","type-post","status-publish","format-standard","has-post-thumbnail","hentry","category-regional"],"jetpack_featured_media_url":"https:\/\/radiorevelacionfm.cl\/wp-content\/uploads\/2024\/01\/Interrupcion-de-energia-11_12-2-1-1.jpeg","_links":{"self":[{"href":"https:\/\/radiorevelacionfm.cl\/index.php?rest_route=\/wp\/v2\/posts\/38920","targetHints":{"allow":["GET"]}}],"collection":[{"href":"https:\/\/radiorevelacionfm.cl\/index.php?rest_route=\/wp\/v2\/posts"}],"about":[{"href":"https:\/\/radiorevelacionfm.cl\/index.php?rest_route=\/wp\/v2\/types\/post"}],"author":[{"embeddable":true,"href":"https:\/\/radiorevelacionfm.cl\/index.php?rest_route=\/wp\/v2\/users\/1"}],"replies":[{"embeddable":true,"href":"https:\/\/radiorevelacionfm.cl\/index.php?rest_route=%2Fwp%2Fv2%2Fcomments&post=38920"}],"version-history":[{"count":3,"href":"https:\/\/radiorevelacionfm.cl\/index.php?rest_route=\/wp\/v2\/posts\/38920\/revisions"}],"predecessor-version":[{"id":38924,"href":"https:\/\/radiorevelacionfm.cl\/index.php?rest_route=\/wp\/v2\/posts\/38920\/revisions\/38924"}],"wp:featuredmedia":[{"embeddable":true,"href":"https:\/\/radiorevelacionfm.cl\/index.php?rest_route=\/wp\/v2\/media\/38921"}],"wp:attachment":[{"href":"https:\/\/radiorevelacionfm.cl\/index.php?rest_route=%2Fwp%2Fv2%2Fmedia&parent=38920"}],"wp:term":[{"taxonomy":"category","embeddable":true,"href":"https:\/\/radiorevelacionfm.cl\/index.php?rest_route=%2Fwp%2Fv2%2Fcategories&post=38920"},{"taxonomy":"post_tag","embeddable":true,"href":"https:\/\/radiorevelacionfm.cl\/index.php?rest_route=%2Fwp%2Fv2%2Ftags&post=38920"}],"curies":[{"name":"wp","href":"https:\/\/api.w.org\/{rel}","templated":true}]}}