{"id":3892,"date":"2021-05-07T12:12:11","date_gmt":"2021-05-07T15:12:11","guid":{"rendered":"https:\/\/radiorevelacionfm.cl\/?p=3892"},"modified":"2021-05-07T12:12:11","modified_gmt":"2021-05-07T15:12:11","slug":"invitan-a-profesores-y-audiovisualistas-a-inscribirse-en-el-3-seminario-internacional-la-infancia-quiere-cine","status":"publish","type":"post","link":"https:\/\/radiorevelacionfm.cl\/?p=3892","title":{"rendered":"Invitan a profesores y audiovisualistas a inscribirse en el 3\u00b0 Seminario Internacional \u00abLa Infancia Quiere Cine\u00bb"},"content":{"rendered":"<div class=\"flex_column av_one_full  flex_column_div av-zero-column-padding first  avia-builder-el-0  el_before_av_one_full  avia-builder-el-first  \" style='border-radius:0px; '><div  class='avia-image-container  av-styling-    avia-builder-el-1  avia-builder-el-no-sibling  avia-align-center '  itemprop=\"image\" itemscope=\"itemscope\" itemtype=\"https:\/\/schema.org\/ImageObject\"  ><div class='avia-image-container-inner'><div class='avia-image-overlay-wrap'><img decoding=\"async\" class='wp-image-3893 avia-img-lazy-loading-not-3893 avia_image' src=\"https:\/\/radiorevelacionfm.cl\/wp-content\/uploads\/2021\/05\/Ojo-de-Pescado-2-1-1.jpg\" alt='' title='Ojo de Pescado 2 (1) (1)' height=\"600\" width=\"800\"  itemprop=\"thumbnailUrl\" srcset=\"https:\/\/radiorevelacionfm.cl\/wp-content\/uploads\/2021\/05\/Ojo-de-Pescado-2-1-1.jpg 800w, https:\/\/radiorevelacionfm.cl\/wp-content\/uploads\/2021\/05\/Ojo-de-Pescado-2-1-1-300x225.jpg 300w, https:\/\/radiorevelacionfm.cl\/wp-content\/uploads\/2021\/05\/Ojo-de-Pescado-2-1-1-768x576.jpg 768w, https:\/\/radiorevelacionfm.cl\/wp-content\/uploads\/2021\/05\/Ojo-de-Pescado-2-1-1-705x529.jpg 705w, https:\/\/radiorevelacionfm.cl\/wp-content\/uploads\/2021\/05\/Ojo-de-Pescado-2-1-1-600x450.jpg 600w\" sizes=\"(max-width: 800px) 100vw, 800px\" \/><\/div><\/div><\/div><\/div><div class=\"flex_column av_one_full  flex_column_div av-zero-column-padding first  avia-builder-el-2  el_after_av_one_full  el_before_av_one_full  column-top-margin\" style='border-radius:0px; '><section class=\"av_textblock_section \"  itemscope=\"itemscope\" itemtype=\"https:\/\/schema.org\/BlogPosting\" itemprop=\"blogPost\" ><div class='avia_textblock  '   itemprop=\"text\" ><p style=\"text-align: center;\"><span style=\"font-size: 18pt;\"><strong>Invitan a profesores y audiovisualistas a inscribirse en el 3\u00b0 Seminario Internacional \u00abLa Infancia Quiere Cine\u00bb<\/strong><\/span><\/p>\n<div id=\"gtx-trans\" style=\"position: absolute; left: -50px; top: 4.31534px;\">\n<div class=\"gtx-trans-icon\"><\/div>\n<\/div>\n<\/div><\/section><\/div><div class=\"flex_column av_one_full  flex_column_div av-zero-column-padding first  avia-builder-el-4  el_after_av_one_full  el_before_av_hr  column-top-margin\" style='border-radius:0px; '><section class=\"av_textblock_section \"  itemscope=\"itemscope\" itemtype=\"https:\/\/schema.org\/BlogPosting\" itemprop=\"blogPost\" ><div class='avia_textblock  '   itemprop=\"text\" ><p class=\"v1MsoNormal\" style=\"text-align: justify;\">Con un especial \u00e9nfasis en el sur de nuestro pa\u00eds, en las regiones de Los R\u00edos, Los Lagos y Ays\u00e9n, la <b>Corporaci\u00f3n Cultural Ojo de Pescado<\/b>\u00a0est\u00e1 invitando a profesores\/as, educadores\/as y audiovisualistas a participar del\u00a0<b>3\u00b0 Seminario Internacional \u00abLa Infancia quiere Cine\u00bb<\/b>\u00a0orientado a entregar estrategias para abordar el cine y las artes visuales en las aulas junto a ni\u00f1os, ni\u00f1as y j\u00f3venes.\u00a0 Las inscripciones estar\u00e1n abiertas hasta el\u00a0<b>17 de mayo<\/b>\u00a0en:\u00a0<b>www.\u00a0<a href=\"http:\/\/ojodepescado.cl\/3o-seminario\/\" target=\"_blank\" rel=\"noopener noreferrer\">ojodepescado.cl\/3o-seminario\/<\/a>.<\/b>\u00a0Este Seminario, que es financiado por los Fondos Cultura, Convocatoria 2020, del Ministerio de las Culturas, las Artes y el Patrimonio, se enmarca en los\u00a010 a\u00f1os del Festival Internacional de Cine para ni\u00f1os, ni\u00f1as y j\u00f3venes \u00abOjo de Pescado\u00bb, hecho que es muy relevante para la Corporaci\u00f3n Cultural Ojo de Pescado, ya que se cumple un ciclo de trabajo comprometido con los derechos de ni\u00f1os, ni\u00f1as y j\u00f3venes a participar de la vida art\u00edstica y cultural de nuestro pa\u00eds.<\/p>\n<p class=\"v1MsoNormal\" style=\"text-align: justify;\">Al respecto, Alejandra Fritis, Directora de la Corporaci\u00f3n Cultural Ojo de Pescado, se\u00f1al\u00f3: \u00abEl cine tiene una influencia muy positiva\u00a0 en la educaci\u00f3n de los ni\u00f1os y las ni\u00f1as, primero como fuente de conocimiento, porque a trav\u00e9s de del cine se abren horizontes, se abren ventanas que permiten a los ni\u00f1os conocer la diversidad del mundo entero, no s\u00f3lo del punto de vista f\u00edsico, geogr\u00e1fico, sino tambi\u00e9n de las distintas culturas y formas de ver el mundo con las cuales nos podemos encontrar en la gran diversidad de nuestro planeta, y eso adem\u00e1s es muy valioso en contextos rurales\u00a0y zonas extremas. Ni\u00f1os y ni\u00f1as reconocen la diversidad cultural que propone el cine, se identifican con ella y, al mismo tiempo, revaloran su propia identidad y cultura\u00bb.<\/p>\n<p class=\"v1MsoNormal\" style=\"text-align: justify;\">Asimismo, enfatiz\u00f3:\u00a0<span lang=\"ES\">\u00abNosotros hemos tenido experiencias muy importantes\u00a0en la Regi\u00f3n de Los Lagos -en zonas urbanas y rurales de Puerto Montt, y en la Isla Grande de Chilo\u00e9 e islas del Archipi\u00e9lago-, en donde como Ojo de Pescado hemos sido promotores de que los ni\u00f1os y ni\u00f1as puedan participar del mundo del cine no s\u00f3lo viendo, sino que tambi\u00e9n haciendo sus propias obras. As\u00ed, en la medida que ellos participan de estos procesos creativos,\u00a0 tienen una disposici\u00f3n distinta al momento de ver el cine, se sienten empoderados al ser creadores y\u00a0 poder reinventar el mundo, materializando y concretando sus propias formas de ver\u00a0la realidad, por lo que nos parece fundamental la vinculaci\u00f3n del cine con los ni\u00f1os, las ni\u00f1as y la educaci\u00f3n,\u00a0 esa es la invitaci\u00f3n que estamos haciendo a la comunidad educativa\u00bb.<\/span><\/p>\n<p style=\"text-align: justify;\">Las tem\u00e1ticas de los talleres que se realizar\u00e1n en este\u00a0<b>3\u00b0 Seminario Internacional \u00abLa Infancia Quiere Cine\u00bb\u00a0<\/b>fueron seleccionadas con especial cuidado para ser un aporte real y significativo para todos los profesores\/as y educadores\/as que est\u00e1n realizando sus clases en contexto de pandemia. Porque es fundamental para el quehacer de\u00a0<b>Ojo de Pescado<\/b>\u00a0la inclusi\u00f3n de estudiantes con capacidades diferentes, el reconocer y permitir que se expresen las emociones de los estudiantes en contexto de pandemia, entregar herramientas de alfabetizaci\u00f3n digital para educadores y docentes, adem\u00e1s de estrategias innovadoras y creativas para abordar el cine y audiovisual en el aula, como la animaci\u00f3n y la co-creaci\u00f3n de proyectos audiovisuales.<\/p>\n<p style=\"text-align: justify;\">Los talleres que impartir\u00e1 el 3er Seminario Internacional \u00abLa Infancia quiere cine\u00bb son\u00a0\u00abCine para todas y todos&#8230; \u00bfme incluyes?\u00bb\u00a0con Miquel Ivars y Nieves Ram\u00edrez (Espa\u00f1a);\u00a0\u00abSentimientos en foco: taller de escrituras audiovisuales para la gesti\u00f3n creativa de las emociones\u00bb\u00a0junto a M\u00f3nica Mondrag\u00f3n (Colombia);\u00a0\u00abCo-creaci\u00f3n de proyectos audiovisuales con infancias\u00bb\u00a0impartido por Irma \u00c1vila Pietrasanta (M\u00e9xico);\u00a0\u00abMis estudiantes animan\u00bb, junto a Irene Blei (Argentina);\u00a0\u00abCine en la escuela: una aventura de atenci\u00f3n, memoria e imaginaci\u00f3n\u00bb\u00a0junto a Adriana Fresquet (Brasil). Y, finalmente,\u00a0\u00abBienestar digital en la educaci\u00f3n\u00bb, un taller facilitado por la Fundaci\u00f3n Nativo Digital (Chile).<\/p>\n<p style=\"text-align: justify;\">En estos\u00a010 a\u00f1os de Ojo de Pescado\u00a0la invitaci\u00f3n es a imaginar y reinventar el mundo con la mirada de los ni\u00f1os, ni\u00f1as y j\u00f3venes, y qu\u00e9 mejor manera de hacerlo que a trav\u00e9s del cine y el audiovisual, de la mano de los educadores y docentes que est\u00e1n en contacto permanente con la ni\u00f1ez en el territorio m\u00e1s austral de nuestro pa\u00eds. Las inscripciones para participar de los talleres del\u00a0<b>3er Seminario Internacional \u00abLa Infancia Quiere Cine\u00bb\u00a0<\/b>contin\u00faan abiertas hasta el\u00a0<b>17 de mayo<\/b>\u00a0a trav\u00e9s de la plataforma online:\u00a0<b>www.\u00a0<a href=\"http:\/\/ojodepescado.cl\/3o-seminario\/\" target=\"_blank\" rel=\"noopener noreferrer\">ojodepescado.cl\/3o-seminario\/<\/a><\/b>. Para dudas o consultas pueden escribir al mail\u00a0<a href=\"mailto:formacion@ojodepescado.cl\" rel=\"noreferrer\">formacion@ojodepescado.cl<\/a><\/p>\n<\/div><\/section><\/div><div  style='height:50px' class='hr hr-invisible   avia-builder-el-6  el_after_av_one_full  el_before_av_social_share '><span class='hr-inner ' ><span class='hr-inner-style'><\/span><\/span><\/div><\/p>\n<div  class='av-social-sharing-box  avia-builder-el-7  el_after_av_hr  el_before_av_hr  '><div class='av-share-box'><h5 class='av-share-link-description av-no-toc '>Compartir esta noticia<\/h5><ul class='av-share-box-list noLightbox'><li class='av-share-link av-social-link-facebook' ><a target=\"_blank\" aria-label=\"Compartir en Facebook\" href='https:\/\/www.facebook.com\/sharer.php?u=https:\/\/radiorevelacionfm.cl\/?p=3892&#038;t=Invitan%20a%20profesores%20y%20audiovisualistas%20a%20inscribirse%20en%20el%203%C2%B0%20Seminario%20Internacional%20%C2%ABLa%20Infancia%20Quiere%20Cine%C2%BB' aria-hidden='false' data-av_icon='\ue8f3' data-av_iconfont='entypo-fontello' title='' data-avia-related-tooltip='Compartir en Facebook' rel=\"noopener\"><span class='avia_hidden_link_text'>Compartir en Facebook<\/span><\/a><\/li><li class='av-share-link av-social-link-twitter' ><a target=\"_blank\" aria-label=\"Compartir en Twitter\" href='https:\/\/twitter.com\/share?text=Invitan%20a%20profesores%20y%20audiovisualistas%20a%20inscribirse%20en%20el%203%C2%B0%20Seminario%20Internacional%20%C2%ABLa%20Infancia%20Quiere%20Cine%C2%BB&#038;url=https:\/\/radiorevelacionfm.cl\/?p=3892' aria-hidden='false' data-av_icon='\ue8f1' data-av_iconfont='entypo-fontello' title='' data-avia-related-tooltip='Compartir en Twitter' rel=\"noopener\"><span class='avia_hidden_link_text'>Compartir en Twitter<\/span><\/a><\/li><li class='av-share-link av-social-link-whatsapp' ><a target=\"_blank\" aria-label=\"Compartir en Whatsapp\" href='https:\/\/api.whatsapp.com\/send?text=https:\/\/radiorevelacionfm.cl\/?p=3892' aria-hidden='false' data-av_icon='\uf232' data-av_iconfont='entypo-fontello' title='' data-avia-related-tooltip='Compartir en Whatsapp' rel=\"noopener\"><span class='avia_hidden_link_text'>Compartir en Whatsapp<\/span><\/a><\/li><li class='av-share-link av-social-link-linkedin' ><a target=\"_blank\" aria-label=\"Compartir en LinkedIn\" href='https:\/\/linkedin.com\/shareArticle?mini=true&#038;title=Invitan%20a%20profesores%20y%20audiovisualistas%20a%20inscribirse%20en%20el%203%C2%B0%20Seminario%20Internacional%20%C2%ABLa%20Infancia%20Quiere%20Cine%C2%BB&#038;url=https:\/\/radiorevelacionfm.cl\/?p=3892' aria-hidden='false' data-av_icon='\ue8fc' data-av_iconfont='entypo-fontello' title='' data-avia-related-tooltip='Compartir en LinkedIn' rel=\"noopener\"><span class='avia_hidden_link_text'>Compartir en LinkedIn<\/span><\/a><\/li><li class='av-share-link av-social-link-mail' ><a  aria-label=\"Compartir por correo\" href='mailto:?subject=Invitan%20a%20profesores%20y%20audiovisualistas%20a%20inscribirse%20en%20el%203%C2%B0%20Seminario%20Internacional%20%C2%ABLa%20Infancia%20Quiere%20Cine%C2%BB&#038;body=https:\/\/radiorevelacionfm.cl\/?p=3892' aria-hidden='false' data-av_icon='\ue805' data-av_iconfont='entypo-fontello' title='' data-avia-related-tooltip='Compartir por correo'><span class='avia_hidden_link_text'>Compartir por correo<\/span><\/a><\/li><\/ul><\/div><\/div>\n<div  style='height:50px' class='hr hr-invisible   avia-builder-el-8  el_after_av_social_share  el_before_av_comments_list '><span class='hr-inner ' ><span class='hr-inner-style'><\/span><\/span><\/div>\n<div  class='av-buildercomment  av-blog-meta-html-info-disabled av-blog-meta-tag-disabled  '><\/div>\n","protected":false},"excerpt":{"rendered":"","protected":false},"author":1,"featured_media":3893,"comment_status":"open","ping_status":"open","sticky":false,"template":"","format":"standard","meta":{"footnotes":""},"categories":[52],"tags":[],"class_list":["post-3892","post","type-post","status-publish","format-standard","has-post-thumbnail","hentry","category-cultura"],"jetpack_featured_media_url":"https:\/\/radiorevelacionfm.cl\/wp-content\/uploads\/2021\/05\/Ojo-de-Pescado-2-1-1.jpg","_links":{"self":[{"href":"https:\/\/radiorevelacionfm.cl\/index.php?rest_route=\/wp\/v2\/posts\/3892","targetHints":{"allow":["GET"]}}],"collection":[{"href":"https:\/\/radiorevelacionfm.cl\/index.php?rest_route=\/wp\/v2\/posts"}],"about":[{"href":"https:\/\/radiorevelacionfm.cl\/index.php?rest_route=\/wp\/v2\/types\/post"}],"author":[{"embeddable":true,"href":"https:\/\/radiorevelacionfm.cl\/index.php?rest_route=\/wp\/v2\/users\/1"}],"replies":[{"embeddable":true,"href":"https:\/\/radiorevelacionfm.cl\/index.php?rest_route=%2Fwp%2Fv2%2Fcomments&post=3892"}],"version-history":[{"count":1,"href":"https:\/\/radiorevelacionfm.cl\/index.php?rest_route=\/wp\/v2\/posts\/3892\/revisions"}],"predecessor-version":[{"id":3894,"href":"https:\/\/radiorevelacionfm.cl\/index.php?rest_route=\/wp\/v2\/posts\/3892\/revisions\/3894"}],"wp:featuredmedia":[{"embeddable":true,"href":"https:\/\/radiorevelacionfm.cl\/index.php?rest_route=\/wp\/v2\/media\/3893"}],"wp:attachment":[{"href":"https:\/\/radiorevelacionfm.cl\/index.php?rest_route=%2Fwp%2Fv2%2Fmedia&parent=3892"}],"wp:term":[{"taxonomy":"category","embeddable":true,"href":"https:\/\/radiorevelacionfm.cl\/index.php?rest_route=%2Fwp%2Fv2%2Fcategories&post=3892"},{"taxonomy":"post_tag","embeddable":true,"href":"https:\/\/radiorevelacionfm.cl\/index.php?rest_route=%2Fwp%2Fv2%2Ftags&post=3892"}],"curies":[{"name":"wp","href":"https:\/\/api.w.org\/{rel}","templated":true}]}}