{"id":38915,"date":"2024-01-17T14:47:37","date_gmt":"2024-01-17T17:47:37","guid":{"rendered":"https:\/\/radiorevelacionfm.cl\/?p=38915"},"modified":"2024-01-17T14:57:15","modified_gmt":"2024-01-17T17:57:15","slug":"con-certificacion-en-origen-140-mil-varas-de-peonias-viajan-desde-aysen-a-europa","status":"publish","type":"post","link":"https:\/\/radiorevelacionfm.cl\/?p=38915","title":{"rendered":"Con certificaci\u00f3n en origen 140 mil varas de peon\u00edas viajan desde Ays\u00e9n al mercado Europeo"},"content":{"rendered":"<div class=\"flex_column av_one_full  flex_column_div av-zero-column-padding first  avia-builder-el-0  el_before_av_one_full  avia-builder-el-first  \" style='border-radius:0px; '><div  class='avia-image-container  av-styling-    avia-builder-el-1  avia-builder-el-no-sibling  avia-align-center '  itemprop=\"image\" itemscope=\"itemscope\" itemtype=\"https:\/\/schema.org\/ImageObject\"  ><div class='avia-image-container-inner'><div class='avia-image-overlay-wrap'><img decoding=\"async\" class='wp-image-38916 avia-img-lazy-loading-not-38916 avia_image' src=\"https:\/\/radiorevelacionfm.cl\/wp-content\/uploads\/2024\/01\/peonias-2024-01-16-1_optimized-e1705513401681.jpeg\" alt='' title='peonias-2024-01-16-(1)_optimized' height=\"600\" width=\"800\"  itemprop=\"thumbnailUrl\" srcset=\"https:\/\/radiorevelacionfm.cl\/wp-content\/uploads\/2024\/01\/peonias-2024-01-16-1_optimized-e1705513401681.jpeg 800w, https:\/\/radiorevelacionfm.cl\/wp-content\/uploads\/2024\/01\/peonias-2024-01-16-1_optimized-e1705513401681-300x225.jpeg 300w, https:\/\/radiorevelacionfm.cl\/wp-content\/uploads\/2024\/01\/peonias-2024-01-16-1_optimized-e1705513401681-768x576.jpeg 768w, https:\/\/radiorevelacionfm.cl\/wp-content\/uploads\/2024\/01\/peonias-2024-01-16-1_optimized-e1705513401681-705x529.jpeg 705w, https:\/\/radiorevelacionfm.cl\/wp-content\/uploads\/2024\/01\/peonias-2024-01-16-1_optimized-e1705513401681-450x338.jpeg 450w, https:\/\/radiorevelacionfm.cl\/wp-content\/uploads\/2024\/01\/peonias-2024-01-16-1_optimized-e1705513401681-600x450.jpeg 600w\" sizes=\"(max-width: 800px) 100vw, 800px\" \/><\/div><\/div><\/div><\/div>\n<div class=\"flex_column av_one_full  flex_column_div av-zero-column-padding first  avia-builder-el-2  el_after_av_one_full  el_before_av_one_full  column-top-margin\" style='border-radius:0px; '><section class=\"av_textblock_section \"  itemscope=\"itemscope\" itemtype=\"https:\/\/schema.org\/BlogPosting\" itemprop=\"blogPost\" ><div class='avia_textblock  '   itemprop=\"text\" ><p style=\"text-align: center;\"><span style=\"font-size: 18pt;\"><strong>Con certificaci\u00f3n en origen 140 mil varas de peon\u00edas viajan desde Ays\u00e9n al mercado Europeo<\/strong><\/span><\/p>\n<div id=\"gtx-trans\" style=\"position: absolute; left: -50px; top: 4.31534px;\">\n<div class=\"gtx-trans-icon\"><\/div>\n<\/div>\n<\/div><\/section><\/div><div class=\"flex_column av_one_full  flex_column_div av-zero-column-padding first  avia-builder-el-4  el_after_av_one_full  el_before_av_hr  column-top-margin\" style='border-radius:0px; '><section class=\"av_textblock_section \"  itemscope=\"itemscope\" itemtype=\"https:\/\/schema.org\/BlogPosting\" itemprop=\"blogPost\" ><div class='avia_textblock  '   itemprop=\"text\" ><p style=\"text-align: justify;\"><em>El Servicio Agr\u00edcola y Ganadero, inspeccion\u00f3 y certific\u00f3 en origen por quinta vez flores de corte en Ays\u00e9n.<\/em><\/p>\n<p style=\"text-align: justify;\">Han pasado cinco a\u00f1os desde la primera exportaci\u00f3n de peonias, con certificaci\u00f3n en origen desde la regi\u00f3n de Ays\u00e9n a Europa.<\/p>\n<p style=\"text-align: justify;\">\u201cLas peon\u00edas chilenas gozan de una alta demanda en Holanda y otros pa\u00edses del viejo continente, el SAG es el organismo del Estado, encargado de entregar las garant\u00edas sanitarias y certificar el cumplimiento de altos est\u00e1ndares fitosanitarios de los pa\u00edses de destino\u201d, indic\u00f3 Julio Cerda Cordero, director regional SAG Ays\u00e9n.<\/p>\n<p style=\"text-align: justify;\">EL Servicio Agr\u00edcola y Ganadero en la regi\u00f3n de Ays\u00e9n ha certificado desde el a\u00f1o 2019, varas de peon\u00edas con destino a Pa\u00edses Bajos, del huerto de flores ubicado en la comuna de Coyhaique, ubicada en la regi\u00f3n de Ays\u00e9n, que se destaca por sus condiciones clim\u00e1ticas, de bajas temperaturas, con abundantes precipitaciones, fuertes vientos, mucha humedad y temperaturas en invierno que son inferior a los cero grados. \u00a0No obstante, el n\u00famero de flores ha ido en aumento cada temporada.<\/p>\n<p style=\"text-align: justify;\">Mauricio \u00c1lamos, gerente de la empresa Platinium Flowers, comenta \u201cEstamos muy agradecido del huerto y del trabajo de todos y todas, tuvimos una temporada muy extendida y dilatada por un clima fr\u00edo desde el inicio de primavera, sin embargo, nos permiti\u00f3 una muy buena producci\u00f3n, exportamos un total de 140.000 varas con destino a Holanda y Estados Unidos, lo que supera la meta que ten\u00edamos pensado para este a\u00f1o. Fue un periodo de aprendizaje, probamos el almacenaje de la flor por m\u00e1s tiempo cosa que nos result\u00f3, muy bien.\u201d<\/p>\n<p style=\"text-align: justify;\">Por otra parte, la autoridad del Servicio, coment\u00f3 \u201cla certificaci\u00f3n en origen ha permitido que el productor del rubro de floricultura de la regi\u00f3n de Ays\u00e9n, reduzca los tiempos de env\u00edo a Holanda de 7 d\u00edas a 3 y de esta manera aportar mejorando la gesti\u00f3n de manufactura y calidad del producto en destino\u201d.<\/p>\n<p style=\"text-align: justify;\">Finalmente nos coment\u00f3, Mauricio \u00c1lamos, \u201cpara la pr\u00f3xima temporada esperamos tener listo el nuevo almacenaje en fr\u00edo. Un contenedor que nos permita almacenar el volumen que proyectamos, lo que nos permitir\u00e1 crecer y aumentar las exportaciones, y que a la vez es beneficioso para la regi\u00f3n ya que estamos lejos del resto del mundo. Queremos crecer, mejorar y seguir poniendo el nombre de la Patagonia en cada flor que se env\u00eda al extranjero.<\/p>\n<\/div><\/section><\/div><\/p>\n<div  style='height:50px' class='hr hr-invisible   avia-builder-el-6  el_after_av_one_full  el_before_av_social_share '><span class='hr-inner ' ><span class='hr-inner-style'><\/span><\/span><\/div>\n<div  class='av-social-sharing-box  avia-builder-el-7  el_after_av_hr  el_before_av_hr  '><div class='av-share-box'><h5 class='av-share-link-description av-no-toc '>Compartir esta noticia<\/h5><ul class='av-share-box-list noLightbox'><li class='av-share-link av-social-link-facebook' ><a target=\"_blank\" aria-label=\"Compartir en Facebook\" href='https:\/\/www.facebook.com\/sharer.php?u=https:\/\/radiorevelacionfm.cl\/?p=38915&#038;t=Con%20certificaci%C3%B3n%20en%20origen%20140%20mil%20varas%20de%20peon%C3%ADas%20viajan%20desde%20Ays%C3%A9n%20al%20mercado%20Europeo' aria-hidden='false' data-av_icon='\ue8f3' data-av_iconfont='entypo-fontello' title='' data-avia-related-tooltip='Compartir en Facebook' rel=\"noopener\"><span class='avia_hidden_link_text'>Compartir en Facebook<\/span><\/a><\/li><li class='av-share-link av-social-link-twitter' ><a target=\"_blank\" aria-label=\"Compartir en Twitter\" href='https:\/\/twitter.com\/share?text=Con%20certificaci%C3%B3n%20en%20origen%20140%20mil%20varas%20de%20peon%C3%ADas%20viajan%20desde%20Ays%C3%A9n%20al%20mercado%20Europeo&#038;url=https:\/\/radiorevelacionfm.cl\/?p=38915' aria-hidden='false' data-av_icon='\ue8f1' data-av_iconfont='entypo-fontello' title='' data-avia-related-tooltip='Compartir en Twitter' rel=\"noopener\"><span class='avia_hidden_link_text'>Compartir en Twitter<\/span><\/a><\/li><li class='av-share-link av-social-link-whatsapp' ><a target=\"_blank\" aria-label=\"Compartir en Whatsapp\" href='https:\/\/api.whatsapp.com\/send?text=https:\/\/radiorevelacionfm.cl\/?p=38915' aria-hidden='false' data-av_icon='\uf232' data-av_iconfont='entypo-fontello' title='' data-avia-related-tooltip='Compartir en Whatsapp' rel=\"noopener\"><span class='avia_hidden_link_text'>Compartir en Whatsapp<\/span><\/a><\/li><li class='av-share-link av-social-link-linkedin' ><a target=\"_blank\" aria-label=\"Compartir en LinkedIn\" href='https:\/\/linkedin.com\/shareArticle?mini=true&#038;title=Con%20certificaci%C3%B3n%20en%20origen%20140%20mil%20varas%20de%20peon%C3%ADas%20viajan%20desde%20Ays%C3%A9n%20al%20mercado%20Europeo&#038;url=https:\/\/radiorevelacionfm.cl\/?p=38915' aria-hidden='false' data-av_icon='\ue8fc' data-av_iconfont='entypo-fontello' title='' data-avia-related-tooltip='Compartir en LinkedIn' rel=\"noopener\"><span class='avia_hidden_link_text'>Compartir en LinkedIn<\/span><\/a><\/li><li class='av-share-link av-social-link-mail' ><a  aria-label=\"Compartir por correo\" href='mailto:?subject=Con%20certificaci%C3%B3n%20en%20origen%20140%20mil%20varas%20de%20peon%C3%ADas%20viajan%20desde%20Ays%C3%A9n%20al%20mercado%20Europeo&#038;body=https:\/\/radiorevelacionfm.cl\/?p=38915' aria-hidden='false' data-av_icon='\ue805' data-av_iconfont='entypo-fontello' title='' data-avia-related-tooltip='Compartir por correo'><span class='avia_hidden_link_text'>Compartir por correo<\/span><\/a><\/li><\/ul><\/div><\/div>\n<div  style='height:50px' class='hr hr-invisible   avia-builder-el-8  el_after_av_social_share  el_before_av_comments_list '><span class='hr-inner ' ><span class='hr-inner-style'><\/span><\/span><\/div>\n<div  class='av-buildercomment  av-blog-meta-html-info-disabled av-blog-meta-tag-disabled  '><\/div>\n","protected":false},"excerpt":{"rendered":"","protected":false},"author":1,"featured_media":38916,"comment_status":"open","ping_status":"open","sticky":false,"template":"","format":"standard","meta":{"footnotes":""},"categories":[58],"tags":[],"class_list":["post-38915","post","type-post","status-publish","format-standard","has-post-thumbnail","hentry","category-agricultura"],"jetpack_featured_media_url":"https:\/\/radiorevelacionfm.cl\/wp-content\/uploads\/2024\/01\/peonias-2024-01-16-1_optimized-e1705513401681.jpeg","_links":{"self":[{"href":"https:\/\/radiorevelacionfm.cl\/index.php?rest_route=\/wp\/v2\/posts\/38915","targetHints":{"allow":["GET"]}}],"collection":[{"href":"https:\/\/radiorevelacionfm.cl\/index.php?rest_route=\/wp\/v2\/posts"}],"about":[{"href":"https:\/\/radiorevelacionfm.cl\/index.php?rest_route=\/wp\/v2\/types\/post"}],"author":[{"embeddable":true,"href":"https:\/\/radiorevelacionfm.cl\/index.php?rest_route=\/wp\/v2\/users\/1"}],"replies":[{"embeddable":true,"href":"https:\/\/radiorevelacionfm.cl\/index.php?rest_route=%2Fwp%2Fv2%2Fcomments&post=38915"}],"version-history":[{"count":3,"href":"https:\/\/radiorevelacionfm.cl\/index.php?rest_route=\/wp\/v2\/posts\/38915\/revisions"}],"predecessor-version":[{"id":38919,"href":"https:\/\/radiorevelacionfm.cl\/index.php?rest_route=\/wp\/v2\/posts\/38915\/revisions\/38919"}],"wp:featuredmedia":[{"embeddable":true,"href":"https:\/\/radiorevelacionfm.cl\/index.php?rest_route=\/wp\/v2\/media\/38916"}],"wp:attachment":[{"href":"https:\/\/radiorevelacionfm.cl\/index.php?rest_route=%2Fwp%2Fv2%2Fmedia&parent=38915"}],"wp:term":[{"taxonomy":"category","embeddable":true,"href":"https:\/\/radiorevelacionfm.cl\/index.php?rest_route=%2Fwp%2Fv2%2Fcategories&post=38915"},{"taxonomy":"post_tag","embeddable":true,"href":"https:\/\/radiorevelacionfm.cl\/index.php?rest_route=%2Fwp%2Fv2%2Ftags&post=38915"}],"curies":[{"name":"wp","href":"https:\/\/api.w.org\/{rel}","templated":true}]}}