{"id":38912,"date":"2024-01-17T17:27:39","date_gmt":"2024-01-17T20:27:39","guid":{"rendered":"https:\/\/radiorevelacionfm.cl\/?p=38912"},"modified":"2024-01-17T17:27:39","modified_gmt":"2024-01-17T20:27:39","slug":"en-coyhaique-78-familias-fortaleceran-habilidades-para-la-vida-con-apoyo-del-programa-accion-del-fosis","status":"publish","type":"post","link":"https:\/\/radiorevelacionfm.cl\/?p=38912","title":{"rendered":"En Coyhaique 78 familias fortalecer\u00e1n habilidades para la vida con apoyo del programa Acci\u00f3n del FOSIS"},"content":{"rendered":"<div class=\"flex_column av_one_full  flex_column_div av-zero-column-padding first  avia-builder-el-0  el_before_av_one_full  avia-builder-el-first  \" style='border-radius:0px; '><div  class='avia-image-container  av-styling-    avia-builder-el-1  avia-builder-el-no-sibling  avia-align-center '  itemprop=\"image\" itemscope=\"itemscope\" itemtype=\"https:\/\/schema.org\/ImageObject\"  ><div class='avia-image-container-inner'><div class='avia-image-overlay-wrap'><img decoding=\"async\" class='wp-image-38913 avia-img-lazy-loading-not-38913 avia_image' src=\"https:\/\/radiorevelacionfm.cl\/wp-content\/uploads\/2024\/01\/1-2024-01-17t133046_optimized.858-1.jpg\" alt='' title='1---2024-01-17t133046_optimized.858-(1)' height=\"600\" width=\"1066\"  itemprop=\"thumbnailUrl\" srcset=\"https:\/\/radiorevelacionfm.cl\/wp-content\/uploads\/2024\/01\/1-2024-01-17t133046_optimized.858-1.jpg 1066w, https:\/\/radiorevelacionfm.cl\/wp-content\/uploads\/2024\/01\/1-2024-01-17t133046_optimized.858-1-300x169.jpg 300w, https:\/\/radiorevelacionfm.cl\/wp-content\/uploads\/2024\/01\/1-2024-01-17t133046_optimized.858-1-1030x580.jpg 1030w, https:\/\/radiorevelacionfm.cl\/wp-content\/uploads\/2024\/01\/1-2024-01-17t133046_optimized.858-1-768x432.jpg 768w, https:\/\/radiorevelacionfm.cl\/wp-content\/uploads\/2024\/01\/1-2024-01-17t133046_optimized.858-1-705x397.jpg 705w, https:\/\/radiorevelacionfm.cl\/wp-content\/uploads\/2024\/01\/1-2024-01-17t133046_optimized.858-1-450x253.jpg 450w, https:\/\/radiorevelacionfm.cl\/wp-content\/uploads\/2024\/01\/1-2024-01-17t133046_optimized.858-1-600x338.jpg 600w\" sizes=\"(max-width: 1066px) 100vw, 1066px\" \/><\/div><\/div><\/div><\/div><div class=\"flex_column av_one_full  flex_column_div av-zero-column-padding first  avia-builder-el-2  el_after_av_one_full  el_before_av_one_full  column-top-margin\" style='border-radius:0px; '><section class=\"av_textblock_section \"  itemscope=\"itemscope\" itemtype=\"https:\/\/schema.org\/BlogPosting\" itemprop=\"blogPost\" ><div class='avia_textblock  '   itemprop=\"text\" ><p style=\"text-align: center;\"><strong><span style=\"font-size: 18pt;\">En Coyhaique 78 familias fortalecer\u00e1n habilidades para la vida con apoyo del programa Acci\u00f3n del FOSIS<\/span><\/strong><\/p>\n<div id=\"gtx-trans\" style=\"position: absolute; left: -50px; top: 4.31534px;\">\n<div class=\"gtx-trans-icon\"><\/div>\n<\/div>\n<\/div><\/section><\/div><div class=\"flex_column av_one_full  flex_column_div av-zero-column-padding first  avia-builder-el-4  el_after_av_one_full  el_before_av_hr  column-top-margin\" style='border-radius:0px; '><section class=\"av_textblock_section \"  itemscope=\"itemscope\" itemtype=\"https:\/\/schema.org\/BlogPosting\" itemprop=\"blogPost\" ><div class='avia_textblock  '   itemprop=\"text\" ><p style=\"text-align: justify;\"><em>La instancia formativa permitir\u00e1 trabajar con familias integradas por ni\u00f1os, ni\u00f1as y adolescentes; donde participar\u00e1n de talleres para desarrollar y financiar planes de trabajo familiares.<\/em><\/p>\n<p style=\"text-align: justify;\">En la Sede de la JJ.VV. Gabriela Mistral se llev\u00f3 a cabo la ceremonia de inicio del programa Acci\u00f3n, financiado por el Fondo de Solidaridad e Inversi\u00f3n Social, FOSIS, donde las usuarias y usuarios recibieron su cuadernillo de plan de trabajo familiar de manos de la Seremi de Desarrollo Social y Familia, Karina Acevedo y la Directora Regional del FOSIS, Fernanda Leiva.<\/p>\n<p style=\"text-align: justify;\">Las familias podr\u00e1n desarrollar habilidades para la vida, enfocadas en las relaciones al interior de los hogares y entre los hogares que viven en una comunidad, a trav\u00e9s de la ejecuci\u00f3n de planes de trabajo familiares; junto con ser parte de talleres que abordan el autoconocimiento, empat\u00eda, comunicaci\u00f3n asertiva, comunicaciones interpersonales, manejo de emociones, manejo del estr\u00e9s, capacidad para la toma de decisiones y resoluci\u00f3n de conflictos.<\/p>\n<p style=\"text-align: justify;\">Mircia Espejo, es due\u00f1a de casa en Coyhaique y est\u00e1 participando del programa Acci\u00f3n. \u201cMe va a favorecer harto porque ten\u00eda proyectos, pero como para empezar hay que estar inscritos en el Emprendamos Semilla y despu\u00e9s pasar al FOSIS. Con esto ya me va a dar un pie para iniciar un proyecto de emprendimiento que tenga m\u00e1s o menos claro. Tengo proyectos, pero tengo que ver cual me va a convenir m\u00e1s, pero con esto yo creo que me va a ayudar y me va a servir para salir de la rutina tambi\u00e9n\u201d.<\/p>\n<p style=\"text-align: justify;\">La Seremi de Desarrollo Social y Familia, Karina Acevedo, enfatiz\u00f3 que \u201cen esta oportunidad lo que hace el FOSIS, a trav\u00e9s del programa Acci\u00f3n, es poder entregar habilidades parentales, compartir con el n\u00facleo familiar y vincularlas nuevamente a todo el sistema del \u00e1rea social. Es un programa \u00fanico, son unos privilegiados quienes hoy participan del programa y as\u00ed los sienten nuestros beneficiarios. Estamos muy contentos de dar cumplimiento a la pol\u00edtica del Presidente Gabriel Boric\u201d.<\/p>\n<p style=\"text-align: justify;\">Fernanda Leiva, Directora Regional del FOSIS en Ays\u00e9n, destac\u00f3 que \u00abdimos la bienvenida a las 78 familias que van a ser parte del programa Acci\u00f3n, con una ceremonia muy bonita, donde invitamos a todas nuestras familias a participar y aprovechar este proceso de intervenci\u00f3n que van a tener para poder mejorar sus relaciones familiares, poder construir un plan de trabajo y que busca poder financiar una iniciativa que contempla a todo el grupo familiar y poder as\u00ed mejorar su calidad de d\u00eda\u201d.<\/p>\n<p style=\"text-align: justify;\">El programa Acci\u00f3n est\u00e1 orientado a hogares con ni\u00f1os, ni\u00f1as y\/o adolescentes de hasta 18 a\u00f1os, que se encuentran dentro del 60% de vulnerabilidad seg\u00fan Registro Social del Hogares.<\/p>\n<\/div><\/section><\/div><div  style='height:50px' class='hr hr-invisible   avia-builder-el-6  el_after_av_one_full  el_before_av_social_share '><span class='hr-inner ' ><span class='hr-inner-style'><\/span><\/span><\/div><\/p>\n<div  class='av-social-sharing-box  avia-builder-el-7  el_after_av_hr  el_before_av_hr  '><div class='av-share-box'><h5 class='av-share-link-description av-no-toc '>Compartir esta noticia<\/h5><ul class='av-share-box-list noLightbox'><li class='av-share-link av-social-link-facebook' ><a target=\"_blank\" aria-label=\"Compartir en Facebook\" href='https:\/\/www.facebook.com\/sharer.php?u=https:\/\/radiorevelacionfm.cl\/?p=38912&#038;t=En%20Coyhaique%2078%20familias%20fortalecer%C3%A1n%20habilidades%20para%20la%20vida%20con%20apoyo%20del%20programa%20Acci%C3%B3n%20del%20FOSIS' aria-hidden='false' data-av_icon='\ue8f3' data-av_iconfont='entypo-fontello' title='' data-avia-related-tooltip='Compartir en Facebook' rel=\"noopener\"><span class='avia_hidden_link_text'>Compartir en Facebook<\/span><\/a><\/li><li class='av-share-link av-social-link-twitter' ><a target=\"_blank\" aria-label=\"Compartir en Twitter\" href='https:\/\/twitter.com\/share?text=En%20Coyhaique%2078%20familias%20fortalecer%C3%A1n%20habilidades%20para%20la%20vida%20con%20apoyo%20del%20programa%20Acci%C3%B3n%20del%20FOSIS&#038;url=https:\/\/radiorevelacionfm.cl\/?p=38912' aria-hidden='false' data-av_icon='\ue8f1' data-av_iconfont='entypo-fontello' title='' data-avia-related-tooltip='Compartir en Twitter' rel=\"noopener\"><span class='avia_hidden_link_text'>Compartir en Twitter<\/span><\/a><\/li><li class='av-share-link av-social-link-whatsapp' ><a target=\"_blank\" aria-label=\"Compartir en Whatsapp\" href='https:\/\/api.whatsapp.com\/send?text=https:\/\/radiorevelacionfm.cl\/?p=38912' aria-hidden='false' data-av_icon='\uf232' data-av_iconfont='entypo-fontello' title='' data-avia-related-tooltip='Compartir en Whatsapp' rel=\"noopener\"><span class='avia_hidden_link_text'>Compartir en Whatsapp<\/span><\/a><\/li><li class='av-share-link av-social-link-linkedin' ><a target=\"_blank\" aria-label=\"Compartir en LinkedIn\" href='https:\/\/linkedin.com\/shareArticle?mini=true&#038;title=En%20Coyhaique%2078%20familias%20fortalecer%C3%A1n%20habilidades%20para%20la%20vida%20con%20apoyo%20del%20programa%20Acci%C3%B3n%20del%20FOSIS&#038;url=https:\/\/radiorevelacionfm.cl\/?p=38912' aria-hidden='false' data-av_icon='\ue8fc' data-av_iconfont='entypo-fontello' title='' data-avia-related-tooltip='Compartir en LinkedIn' rel=\"noopener\"><span class='avia_hidden_link_text'>Compartir en LinkedIn<\/span><\/a><\/li><li class='av-share-link av-social-link-mail' ><a  aria-label=\"Compartir por correo\" href='mailto:?subject=En%20Coyhaique%2078%20familias%20fortalecer%C3%A1n%20habilidades%20para%20la%20vida%20con%20apoyo%20del%20programa%20Acci%C3%B3n%20del%20FOSIS&#038;body=https:\/\/radiorevelacionfm.cl\/?p=38912' aria-hidden='false' data-av_icon='\ue805' data-av_iconfont='entypo-fontello' title='' data-avia-related-tooltip='Compartir por correo'><span class='avia_hidden_link_text'>Compartir por correo<\/span><\/a><\/li><\/ul><\/div><\/div>\n<div  style='height:50px' class='hr hr-invisible   avia-builder-el-8  el_after_av_social_share  el_before_av_comments_list '><span class='hr-inner ' ><span class='hr-inner-style'><\/span><\/span><\/div>\n<div  class='av-buildercomment  av-blog-meta-html-info-disabled av-blog-meta-tag-disabled  '><\/div>\n","protected":false},"excerpt":{"rendered":"","protected":false},"author":1,"featured_media":38913,"comment_status":"open","ping_status":"open","sticky":false,"template":"","format":"standard","meta":{"footnotes":""},"categories":[38],"tags":[],"class_list":["post-38912","post","type-post","status-publish","format-standard","has-post-thumbnail","hentry","category-regional"],"jetpack_featured_media_url":"https:\/\/radiorevelacionfm.cl\/wp-content\/uploads\/2024\/01\/1-2024-01-17t133046_optimized.858-1.jpg","_links":{"self":[{"href":"https:\/\/radiorevelacionfm.cl\/index.php?rest_route=\/wp\/v2\/posts\/38912","targetHints":{"allow":["GET"]}}],"collection":[{"href":"https:\/\/radiorevelacionfm.cl\/index.php?rest_route=\/wp\/v2\/posts"}],"about":[{"href":"https:\/\/radiorevelacionfm.cl\/index.php?rest_route=\/wp\/v2\/types\/post"}],"author":[{"embeddable":true,"href":"https:\/\/radiorevelacionfm.cl\/index.php?rest_route=\/wp\/v2\/users\/1"}],"replies":[{"embeddable":true,"href":"https:\/\/radiorevelacionfm.cl\/index.php?rest_route=%2Fwp%2Fv2%2Fcomments&post=38912"}],"version-history":[{"count":1,"href":"https:\/\/radiorevelacionfm.cl\/index.php?rest_route=\/wp\/v2\/posts\/38912\/revisions"}],"predecessor-version":[{"id":38914,"href":"https:\/\/radiorevelacionfm.cl\/index.php?rest_route=\/wp\/v2\/posts\/38912\/revisions\/38914"}],"wp:featuredmedia":[{"embeddable":true,"href":"https:\/\/radiorevelacionfm.cl\/index.php?rest_route=\/wp\/v2\/media\/38913"}],"wp:attachment":[{"href":"https:\/\/radiorevelacionfm.cl\/index.php?rest_route=%2Fwp%2Fv2%2Fmedia&parent=38912"}],"wp:term":[{"taxonomy":"category","embeddable":true,"href":"https:\/\/radiorevelacionfm.cl\/index.php?rest_route=%2Fwp%2Fv2%2Fcategories&post=38912"},{"taxonomy":"post_tag","embeddable":true,"href":"https:\/\/radiorevelacionfm.cl\/index.php?rest_route=%2Fwp%2Fv2%2Ftags&post=38912"}],"curies":[{"name":"wp","href":"https:\/\/api.w.org\/{rel}","templated":true}]}}