{"id":38908,"date":"2024-01-17T12:07:45","date_gmt":"2024-01-17T15:07:45","guid":{"rendered":"https:\/\/radiorevelacionfm.cl\/?p=38908"},"modified":"2024-01-17T12:15:17","modified_gmt":"2024-01-17T15:15:17","slug":"inedita-iniciativa-de-empresa-aysenina-busca-recolectar-el-pasto-a-traves-de-bateas","status":"publish","type":"post","link":"https:\/\/radiorevelacionfm.cl\/?p=38908","title":{"rendered":"In\u00e9dita iniciativa de empresa aysenina busca recolectar el pasto a trav\u00e9s de bateas"},"content":{"rendered":"<div class=\"flex_column av_one_full  flex_column_div av-zero-column-padding first  avia-builder-el-0  el_before_av_one_full  avia-builder-el-first  \" style='border-radius:0px; '><div  class='avia-image-container  av-styling-    avia-builder-el-1  avia-builder-el-no-sibling  avia-align-center '  itemprop=\"image\" itemscope=\"itemscope\" itemtype=\"https:\/\/schema.org\/ImageObject\"  ><div class='avia-image-container-inner'><div class='avia-image-overlay-wrap'><img decoding=\"async\" class='wp-image-38909 avia-img-lazy-loading-not-38909 avia_image' src=\"https:\/\/radiorevelacionfm.cl\/wp-content\/uploads\/2024\/01\/pasto-suma_02-1_optimized.jpeg\" alt='' title='pasto-suma_02-(1)_optimized' height=\"600\" width=\"800\"  itemprop=\"thumbnailUrl\" srcset=\"https:\/\/radiorevelacionfm.cl\/wp-content\/uploads\/2024\/01\/pasto-suma_02-1_optimized.jpeg 800w, https:\/\/radiorevelacionfm.cl\/wp-content\/uploads\/2024\/01\/pasto-suma_02-1_optimized-300x225.jpeg 300w, https:\/\/radiorevelacionfm.cl\/wp-content\/uploads\/2024\/01\/pasto-suma_02-1_optimized-768x576.jpeg 768w, https:\/\/radiorevelacionfm.cl\/wp-content\/uploads\/2024\/01\/pasto-suma_02-1_optimized-705x529.jpeg 705w, https:\/\/radiorevelacionfm.cl\/wp-content\/uploads\/2024\/01\/pasto-suma_02-1_optimized-450x338.jpeg 450w, https:\/\/radiorevelacionfm.cl\/wp-content\/uploads\/2024\/01\/pasto-suma_02-1_optimized-600x450.jpeg 600w\" sizes=\"(max-width: 800px) 100vw, 800px\" \/><\/div><\/div><\/div><\/div>\n<div class=\"flex_column av_one_full  flex_column_div av-zero-column-padding first  avia-builder-el-2  el_after_av_one_full  el_before_av_one_full  column-top-margin\" style='border-radius:0px; '><section class=\"av_textblock_section \"  itemscope=\"itemscope\" itemtype=\"https:\/\/schema.org\/BlogPosting\" itemprop=\"blogPost\" ><div class='avia_textblock  '   itemprop=\"text\" ><p style=\"text-align: center;\"><strong><span style=\"font-size: 18pt;\">In\u00e9dita iniciativa de empresa aysenina busca recolectar el pasto a trav\u00e9s de bateas<\/span><\/strong><\/p>\n<div id=\"gtx-trans\" style=\"position: absolute; left: -50px; top: 4.31534px;\">\n<div class=\"gtx-trans-icon\"><\/div>\n<\/div>\n<\/div><\/section><\/div>\n<div class=\"flex_column av_one_full  flex_column_div av-zero-column-padding first  avia-builder-el-4  el_after_av_one_full  el_before_av_hr  column-top-margin\" style='border-radius:0px; '><section class=\"av_textblock_section \"  itemscope=\"itemscope\" itemtype=\"https:\/\/schema.org\/BlogPosting\" itemprop=\"blogPost\" ><div class='avia_textblock  '   itemprop=\"text\" ><p style=\"text-align: justify;\">La campa\u00f1a es parte de las orientaciones al cuidado y protecci\u00f3n tanto de trabajadores como del ambiente.<\/p>\n<p style=\"text-align: justify;\">\u201cTodo pasto suma\u201d es el nombre de la cruzada que impulsa Empresas Bahamonde y que tiene como aliado principal a la Ilustre Municipalidad de Ays\u00e9n. Es as\u00ed como de manera gratuita se dispuso de una batea itinerante para recolectar el pasto de los vecinos y vecinas de la comuna porte\u00f1a, considerando principalmente el aumento de volumen que posee esta hierba en temporada estival. Una parte importante de lo recolectado ser\u00e1 utilizado por la empresa aysenina para la alimentaci\u00f3n de las lombrices californianas que se encuentran en el Relleno Sanitario y que producen el fertilizante natural de alta calidad, Humus. El material restante tendr\u00e1 la correcta disposici\u00f3n final que establece la normativa ambiental.<\/p>\n<p style=\"text-align: justify;\">Al respecto, B\u00e1rbara Weisser Rivera, Ingeniera en Recursos Naturales Renovables y encargada de Vinculaci\u00f3n con el Medio de Empresas Bahamonde, destac\u00f3 la alianza que se genera con el municipio para resolver la necesidad detectada con el residuo de pasto en Puerto Ays\u00e9n. Adem\u00e1s, explic\u00f3 los procesos a los cuales ser\u00e1 sometido el material recolectado y que culminan en el Relleno Sanitario de la empresa aysenina.<\/p>\n<p style=\"text-align: justify;\">Por su parte, Carolina Pachecho, encargada de Medio Ambienten en la MuniAys\u00e9n indic\u00f3 que los trabajos de recolecci\u00f3n se efectuar\u00e1n de lunes a viernes, en jornadas AM y PM de 09:00 a 12:00 horas y de 14:30 a 17:00, respectivamente. Con ello, explic\u00f3 que se busca abarcar los distintos sectores cada dos semanas hasta culminar con esta iniciativa en el mes de marzo. \u201cDe todas maneras, la calendarizaci\u00f3n estar\u00e1 disponible en las redes sociales de la municipalidad\u201d, enfatiz\u00f3.<\/p>\n<p style=\"text-align: justify;\">Finalmente, el encargado de Aseo y Ornato del municipio, Ricardo Walh, abord\u00f3 en esta materia que \u201cla idea principal es recoger pasto de distintas zonas de la ciudad de Puerto Ays\u00e9n. Para estos efectos, se ha dispuesto de bateas que se ubicar\u00e1n en distintos sectores y nosotros como Unidad de Aseo y Ornato vamos a apoyar la iniciativa teniendo personal para poder ordenar y hacer la recepci\u00f3n de estos productos. Exclusivamente pasto, no se recepcionar\u00e1n otras cosas\u201d, sentenci\u00f3 el profesional aysenino.<\/p>\n<\/div><\/section><\/div><div  style='height:50px' class='hr hr-invisible   avia-builder-el-6  el_after_av_one_full  el_before_av_social_share '><span class='hr-inner ' ><span class='hr-inner-style'><\/span><\/span><\/div><\/p>\n<div  class='av-social-sharing-box  avia-builder-el-7  el_after_av_hr  el_before_av_hr  '><div class='av-share-box'><h5 class='av-share-link-description av-no-toc '>Compartir esta noticia<\/h5><ul class='av-share-box-list noLightbox'><li class='av-share-link av-social-link-facebook' ><a target=\"_blank\" aria-label=\"Compartir en Facebook\" href='https:\/\/www.facebook.com\/sharer.php?u=https:\/\/radiorevelacionfm.cl\/?p=38908&#038;t=In%C3%A9dita%20iniciativa%20de%20empresa%20aysenina%20busca%20recolectar%20el%20pasto%20a%20trav%C3%A9s%20de%20bateas' aria-hidden='false' data-av_icon='\ue8f3' data-av_iconfont='entypo-fontello' title='' data-avia-related-tooltip='Compartir en Facebook' rel=\"noopener\"><span class='avia_hidden_link_text'>Compartir en Facebook<\/span><\/a><\/li><li class='av-share-link av-social-link-twitter' ><a target=\"_blank\" aria-label=\"Compartir en Twitter\" href='https:\/\/twitter.com\/share?text=In%C3%A9dita%20iniciativa%20de%20empresa%20aysenina%20busca%20recolectar%20el%20pasto%20a%20trav%C3%A9s%20de%20bateas&#038;url=https:\/\/radiorevelacionfm.cl\/?p=38908' aria-hidden='false' data-av_icon='\ue8f1' data-av_iconfont='entypo-fontello' title='' data-avia-related-tooltip='Compartir en Twitter' rel=\"noopener\"><span class='avia_hidden_link_text'>Compartir en Twitter<\/span><\/a><\/li><li class='av-share-link av-social-link-whatsapp' ><a target=\"_blank\" aria-label=\"Compartir en Whatsapp\" href='https:\/\/api.whatsapp.com\/send?text=https:\/\/radiorevelacionfm.cl\/?p=38908' aria-hidden='false' data-av_icon='\uf232' data-av_iconfont='entypo-fontello' title='' data-avia-related-tooltip='Compartir en Whatsapp' rel=\"noopener\"><span class='avia_hidden_link_text'>Compartir en Whatsapp<\/span><\/a><\/li><li class='av-share-link av-social-link-linkedin' ><a target=\"_blank\" aria-label=\"Compartir en LinkedIn\" href='https:\/\/linkedin.com\/shareArticle?mini=true&#038;title=In%C3%A9dita%20iniciativa%20de%20empresa%20aysenina%20busca%20recolectar%20el%20pasto%20a%20trav%C3%A9s%20de%20bateas&#038;url=https:\/\/radiorevelacionfm.cl\/?p=38908' aria-hidden='false' data-av_icon='\ue8fc' data-av_iconfont='entypo-fontello' title='' data-avia-related-tooltip='Compartir en LinkedIn' rel=\"noopener\"><span class='avia_hidden_link_text'>Compartir en LinkedIn<\/span><\/a><\/li><li class='av-share-link av-social-link-mail' ><a  aria-label=\"Compartir por correo\" href='mailto:?subject=In%C3%A9dita%20iniciativa%20de%20empresa%20aysenina%20busca%20recolectar%20el%20pasto%20a%20trav%C3%A9s%20de%20bateas&#038;body=https:\/\/radiorevelacionfm.cl\/?p=38908' aria-hidden='false' data-av_icon='\ue805' data-av_iconfont='entypo-fontello' title='' data-avia-related-tooltip='Compartir por correo'><span class='avia_hidden_link_text'>Compartir por correo<\/span><\/a><\/li><\/ul><\/div><\/div>\n<div  style='height:50px' class='hr hr-invisible   avia-builder-el-8  el_after_av_social_share  el_before_av_comments_list '><span class='hr-inner ' ><span class='hr-inner-style'><\/span><\/span><\/div>\n<div  class='av-buildercomment  av-blog-meta-html-info-disabled av-blog-meta-tag-disabled  '><\/div>\n","protected":false},"excerpt":{"rendered":"","protected":false},"author":1,"featured_media":38909,"comment_status":"open","ping_status":"open","sticky":false,"template":"","format":"standard","meta":{"footnotes":""},"categories":[38],"tags":[],"class_list":["post-38908","post","type-post","status-publish","format-standard","has-post-thumbnail","hentry","category-regional"],"jetpack_featured_media_url":"https:\/\/radiorevelacionfm.cl\/wp-content\/uploads\/2024\/01\/pasto-suma_02-1_optimized.jpeg","_links":{"self":[{"href":"https:\/\/radiorevelacionfm.cl\/index.php?rest_route=\/wp\/v2\/posts\/38908","targetHints":{"allow":["GET"]}}],"collection":[{"href":"https:\/\/radiorevelacionfm.cl\/index.php?rest_route=\/wp\/v2\/posts"}],"about":[{"href":"https:\/\/radiorevelacionfm.cl\/index.php?rest_route=\/wp\/v2\/types\/post"}],"author":[{"embeddable":true,"href":"https:\/\/radiorevelacionfm.cl\/index.php?rest_route=\/wp\/v2\/users\/1"}],"replies":[{"embeddable":true,"href":"https:\/\/radiorevelacionfm.cl\/index.php?rest_route=%2Fwp%2Fv2%2Fcomments&post=38908"}],"version-history":[{"count":2,"href":"https:\/\/radiorevelacionfm.cl\/index.php?rest_route=\/wp\/v2\/posts\/38908\/revisions"}],"predecessor-version":[{"id":38911,"href":"https:\/\/radiorevelacionfm.cl\/index.php?rest_route=\/wp\/v2\/posts\/38908\/revisions\/38911"}],"wp:featuredmedia":[{"embeddable":true,"href":"https:\/\/radiorevelacionfm.cl\/index.php?rest_route=\/wp\/v2\/media\/38909"}],"wp:attachment":[{"href":"https:\/\/radiorevelacionfm.cl\/index.php?rest_route=%2Fwp%2Fv2%2Fmedia&parent=38908"}],"wp:term":[{"taxonomy":"category","embeddable":true,"href":"https:\/\/radiorevelacionfm.cl\/index.php?rest_route=%2Fwp%2Fv2%2Fcategories&post=38908"},{"taxonomy":"post_tag","embeddable":true,"href":"https:\/\/radiorevelacionfm.cl\/index.php?rest_route=%2Fwp%2Fv2%2Ftags&post=38908"}],"curies":[{"name":"wp","href":"https:\/\/api.w.org\/{rel}","templated":true}]}}