{"id":38905,"date":"2024-01-17T11:22:21","date_gmt":"2024-01-17T14:22:21","guid":{"rendered":"https:\/\/radiorevelacionfm.cl\/?p=38905"},"modified":"2024-01-17T11:22:21","modified_gmt":"2024-01-17T14:22:21","slug":"autoridades-regionales-valoran-nuevas-propuestas-y-avances-de-la-discusion-de-reforma-previsional","status":"publish","type":"post","link":"https:\/\/radiorevelacionfm.cl\/?p=38905","title":{"rendered":"Autoridades regionales valoran nuevas propuestas y avances de la discusi\u00f3n de Reforma Previsional"},"content":{"rendered":"<div class=\"flex_column av_one_full  flex_column_div av-zero-column-padding first  avia-builder-el-0  el_before_av_one_full  avia-builder-el-first  \" style='border-radius:0px; '><div  class='avia-image-container  av-styling-    avia-builder-el-1  avia-builder-el-no-sibling  avia-align-center '  itemprop=\"image\" itemscope=\"itemscope\" itemtype=\"https:\/\/schema.org\/ImageObject\"  ><div class='avia-image-container-inner'><div class='avia-image-overlay-wrap'><img decoding=\"async\" class='wp-image-38906 avia-img-lazy-loading-not-38906 avia_image' src=\"https:\/\/radiorevelacionfm.cl\/wp-content\/uploads\/2024\/01\/SeremiTrab_Y-Segegob-1-1.jpeg\" alt='' title='SeremiTrab_Y Segegob (1) (1)' height=\"600\" width=\"909\"  itemprop=\"thumbnailUrl\" srcset=\"https:\/\/radiorevelacionfm.cl\/wp-content\/uploads\/2024\/01\/SeremiTrab_Y-Segegob-1-1.jpeg 909w, https:\/\/radiorevelacionfm.cl\/wp-content\/uploads\/2024\/01\/SeremiTrab_Y-Segegob-1-1-300x198.jpeg 300w, https:\/\/radiorevelacionfm.cl\/wp-content\/uploads\/2024\/01\/SeremiTrab_Y-Segegob-1-1-768x507.jpeg 768w, https:\/\/radiorevelacionfm.cl\/wp-content\/uploads\/2024\/01\/SeremiTrab_Y-Segegob-1-1-705x465.jpeg 705w, https:\/\/radiorevelacionfm.cl\/wp-content\/uploads\/2024\/01\/SeremiTrab_Y-Segegob-1-1-450x297.jpeg 450w, https:\/\/radiorevelacionfm.cl\/wp-content\/uploads\/2024\/01\/SeremiTrab_Y-Segegob-1-1-600x396.jpeg 600w\" sizes=\"(max-width: 909px) 100vw, 909px\" \/><\/div><\/div><\/div><\/div><div class=\"flex_column av_one_full  flex_column_div av-zero-column-padding first  avia-builder-el-2  el_after_av_one_full  el_before_av_one_full  column-top-margin\" style='border-radius:0px; '><section class=\"av_textblock_section \"  itemscope=\"itemscope\" itemtype=\"https:\/\/schema.org\/BlogPosting\" itemprop=\"blogPost\" ><div class='avia_textblock  '   itemprop=\"text\" ><p style=\"text-align: center;\"><strong><span style=\"font-size: 18pt;\">Autoridades regionales valoran nuevas propuestas y avances de la discusi\u00f3n de Reforma Previsional <\/span><\/strong><\/p>\n<div id=\"gtx-trans\" style=\"position: absolute; left: -50px; top: 4.31534px;\">\n<div class=\"gtx-trans-icon\"><\/div>\n<\/div>\n<\/div><\/section><\/div><div class=\"flex_column av_one_full  flex_column_div av-zero-column-padding first  avia-builder-el-4  el_after_av_one_full  el_before_av_hr  column-top-margin\" style='border-radius:0px; '><section class=\"av_textblock_section \"  itemscope=\"itemscope\" itemtype=\"https:\/\/schema.org\/BlogPosting\" itemprop=\"blogPost\" ><div class='avia_textblock  '   itemprop=\"text\" ><ul>\n<li style=\"text-align: justify;\"><em>Este mi\u00e9rcoles 17 de enero, la Comisi\u00f3n de Hacienda de la C\u00e1mara de Diputados y Diputadas, comenzar\u00e1 la votaci\u00f3n de la reforma que, probablemente, pudiese estar sometida a nuevas modificaciones, siendo un proceso bastante din\u00e1mico hasta ahora.<\/em><\/li>\n<\/ul>\n<ul style=\"text-align: justify;\">\n<li><em>La propuesta universaliza la cobertura de la PGU y la incorpora a las personas reguladas en las leyes reparatorias; elimina las AFP, reorganiza la industria previsional. Tambi\u00e9n se incorpora un complemento por labores de cuidados a terceros, para aquellos que cuiden a personas con dependencia moderada o severa.<\/em><\/li>\n<\/ul>\n<p style=\"text-align: justify;\">Tras ser despachada desde la Comisi\u00f3n de Trabajo y Seguridad Social de la C\u00e1mara de Diputados y Diputadas, la Comisi\u00f3n de Hacienda inici\u00f3 ayer, martes 16 de enero, la discusi\u00f3n de la reforma previsional presentada por el Gobierno. Se espera que la iniciativa pueda pasar a sala la pr\u00f3xima semana y terminar as\u00ed su primer tr\u00e1mite legislativo. La propuesta ingres\u00f3 en noviembre de 2022 y fue aprobada en general por dicha instancia en enero del a\u00f1o pasado, e inici\u00f3 su discusi\u00f3n en particular en la primera semana de enero de este 2024.<\/p>\n<p style=\"text-align: justify;\">El Seremi del Trabajo y Previsi\u00f3n Social de Ays\u00e9n, Rodrigo D\u00edaz Cordaro, destac\u00f3 la capacidad de di\u00e1logo y explic\u00f3 algunos detalles de las nuevas indicaciones al proyecto de ley de reforma de pensiones: \u201cSon muy buenas noticias para Ays\u00e9n, porque logramos avanzar con la Reforma Previsional y eso es una gran gesti\u00f3n que se debe reconocer de nuestra ministra Jeannete Jara y su equipo, y tambi\u00e9n de los integrantes de la comisi\u00f3n. Es importante se\u00f1alar que esta modalidad a la que se abri\u00f3 nuestro Gobierno, del 3 y 3, mejora pensiones. Por eso es importante se\u00f1alar: El 3% va a ir a capitalizaci\u00f3n individual y el otro 3% al Seguro, pero con esto vamos a mantener el beneficio para los actuales pensionados, de 1 UF por cada 10 a\u00f1os cotizados con un tope de 30 a\u00f1os -3UF-.Tambi\u00e9n vamos a aumentar la PGU dentro de los rangos que el PIB nos permita. Estos son avances importantes y nosotros lo destacamos como gobierno del Presidente Boric y como gesti\u00f3n del ministerio del Trabajo y Previsi\u00f3n Social\u201d, asever\u00f3 el seremi.<\/p>\n<p style=\"text-align: justify;\">Por su parte, la seremi de Gobierno de Ays\u00e9n, Tatiana Pl\u00e1 \u00c1lvarez, indic\u00f3: \u201cComo Gobierno hemos dado un paso importante en un acuerdo que es necesario, porque nuestro proyecto de Reforma a las Pensiones, que contempla la creaci\u00f3n de un Seguro Social, se ha estado tramitando hace 14 meses en la C\u00e1mara de Diputados y ha sido dif\u00edcil construir un espacio en el que podamos tener un acuerdo que nos permita sacarlo adelante. Las grandes reformas deben avanzar con acuerdos transversales y hoy llegamos a uno importante. Estamos cada vez m\u00e1s cerca de concretar la Reforma de Pensiones, con un dise\u00f1o que subir\u00eda las pensiones de las y los actuales jubilados, mejorando, tambi\u00e9n, los montos a futuro. Este es un ejemplo de lo que la ciudadan\u00eda espera y nos pide: llegar a puntos de encuentro que nos permitan resolver las urgencias que hoy enfrentan las familias de nuestro pa\u00eds y, por cierto, de nuestra regi\u00f3n\u201d.<\/p>\n<p style=\"text-align: justify;\">En cuanto al Seguro Social, el lunes reci\u00e9n pasado, el Gobierno ingres\u00f3 una indicaci\u00f3n a la reforma previsional para modificar la distribuci\u00f3n de la cotizaci\u00f3n adicional de 6% que ser\u00e1 de cargo del empleador. La enmienda, en concreto, permite que tres puntos porcentuales se destinen al Seguro Social que crea la reforma y tres a las cuentas individuales, con solidaridad intrageneracional, para mejorar las pensiones actuales y futuras. De este modo, el Ejecutivo acogi\u00f3 la propuesta planteada por partidos del centro pol\u00edtico, como DC, Dem\u00f3cratas y PDG.<\/p>\n<p style=\"text-align: justify;\">Esta propuesta fue uno de los contenidos aprobados en la jornada del pasado lunes, as\u00ed como los beneficios y otros aspectos del Seguro Social. Respecto de sus prestaciones, se compone de una garant\u00eda de 0,1 UF por a\u00f1o cotizado, con un m\u00e1ximo de 3 UF, tope que, a valor actual, equivale a $110.000, aproximadamente, generando incentivos a la formalidad y a la cotizaci\u00f3n.<\/p>\n<p style=\"text-align: justify;\">Tambi\u00e9n se incorpora un complemento por labores de cuidados a terceros, para aquellos que cuiden a personas con dependencia moderada o severa. \u00c9ste consiste en un complemento equivalente a una cotizaci\u00f3n promedio al Fondo Integrado de Pensiones, con un m\u00e1ximo de 24 cotizaciones durante el per\u00edodo en que est\u00e9 ejerciendo el cuidado.<\/p>\n<p style=\"text-align: justify;\">Adem\u00e1s, se crea la compensaci\u00f3n por diferencias de expectativa de vida, que ir\u00e1 en beneficio de las mujeres, por la pensi\u00f3n obtenida por vejez o invalidez del componente de capitalizaci\u00f3n individual del Pilar Contributivo, abordando las menores pensiones que reciben por el hecho de vivir m\u00e1s.<\/p>\n<p style=\"text-align: justify;\">Tambi\u00e9n se universalizar\u00e1 la cobertura de la PGU, transform\u00e1ndose en una pensi\u00f3n base otorgada por el Estado, sin encontrarse condicionada a que los beneficiarios se encuentren dentro del 90% m\u00e1s vulnerable y eliminando el test de afluencia, medida que estar\u00e1 sujeta a recaudaci\u00f3n de recursos.<\/p>\n<p style=\"text-align: justify;\">Se aprob\u00f3, adem\u00e1s, incorporar a la PGU a las personas reguladas en las leyes reparatorias. Otro de los puntos aprobados anteriormente en la Comisi\u00f3n de Trabajo de la c\u00e1mara fue la eliminaci\u00f3n de las AFP y la reorganizaci\u00f3n de la industria previsional, entre otros aspectos.<\/p>\n<p style=\"text-align: justify;\">Este mi\u00e9rcoles 17 de enero, la Comisi\u00f3n de Hacienda de la C\u00e1mara de Diputados y Diputadas, comenzar\u00e1 la votaci\u00f3n de la reforma.<\/p>\n<\/div><\/section><\/div><div  style='height:50px' class='hr hr-invisible   avia-builder-el-6  el_after_av_one_full  el_before_av_social_share '><span class='hr-inner ' ><span class='hr-inner-style'><\/span><\/span><\/div><\/p>\n<div  class='av-social-sharing-box  avia-builder-el-7  el_after_av_hr  el_before_av_hr  '><div class='av-share-box'><h5 class='av-share-link-description av-no-toc '>Compartir esta noticia<\/h5><ul class='av-share-box-list noLightbox'><li class='av-share-link av-social-link-facebook' ><a target=\"_blank\" aria-label=\"Compartir en Facebook\" href='https:\/\/www.facebook.com\/sharer.php?u=https:\/\/radiorevelacionfm.cl\/?p=38905&#038;t=Autoridades%20regionales%20valoran%20nuevas%20propuestas%20y%20avances%20de%20la%20discusi%C3%B3n%20de%20Reforma%20Previsional' aria-hidden='false' data-av_icon='\ue8f3' data-av_iconfont='entypo-fontello' title='' data-avia-related-tooltip='Compartir en Facebook' rel=\"noopener\"><span class='avia_hidden_link_text'>Compartir en Facebook<\/span><\/a><\/li><li class='av-share-link av-social-link-twitter' ><a target=\"_blank\" aria-label=\"Compartir en Twitter\" href='https:\/\/twitter.com\/share?text=Autoridades%20regionales%20valoran%20nuevas%20propuestas%20y%20avances%20de%20la%20discusi%C3%B3n%20de%20Reforma%20Previsional&#038;url=https:\/\/radiorevelacionfm.cl\/?p=38905' aria-hidden='false' data-av_icon='\ue8f1' data-av_iconfont='entypo-fontello' title='' data-avia-related-tooltip='Compartir en Twitter' rel=\"noopener\"><span class='avia_hidden_link_text'>Compartir en Twitter<\/span><\/a><\/li><li class='av-share-link av-social-link-whatsapp' ><a target=\"_blank\" aria-label=\"Compartir en Whatsapp\" href='https:\/\/api.whatsapp.com\/send?text=https:\/\/radiorevelacionfm.cl\/?p=38905' aria-hidden='false' data-av_icon='\uf232' data-av_iconfont='entypo-fontello' title='' data-avia-related-tooltip='Compartir en Whatsapp' rel=\"noopener\"><span class='avia_hidden_link_text'>Compartir en Whatsapp<\/span><\/a><\/li><li class='av-share-link av-social-link-linkedin' ><a target=\"_blank\" aria-label=\"Compartir en LinkedIn\" href='https:\/\/linkedin.com\/shareArticle?mini=true&#038;title=Autoridades%20regionales%20valoran%20nuevas%20propuestas%20y%20avances%20de%20la%20discusi%C3%B3n%20de%20Reforma%20Previsional&#038;url=https:\/\/radiorevelacionfm.cl\/?p=38905' aria-hidden='false' data-av_icon='\ue8fc' data-av_iconfont='entypo-fontello' title='' data-avia-related-tooltip='Compartir en LinkedIn' rel=\"noopener\"><span class='avia_hidden_link_text'>Compartir en LinkedIn<\/span><\/a><\/li><li class='av-share-link av-social-link-mail' ><a  aria-label=\"Compartir por correo\" href='mailto:?subject=Autoridades%20regionales%20valoran%20nuevas%20propuestas%20y%20avances%20de%20la%20discusi%C3%B3n%20de%20Reforma%20Previsional&#038;body=https:\/\/radiorevelacionfm.cl\/?p=38905' aria-hidden='false' data-av_icon='\ue805' data-av_iconfont='entypo-fontello' title='' data-avia-related-tooltip='Compartir por correo'><span class='avia_hidden_link_text'>Compartir por correo<\/span><\/a><\/li><\/ul><\/div><\/div>\n<div  style='height:50px' class='hr hr-invisible   avia-builder-el-8  el_after_av_social_share  el_before_av_comments_list '><span class='hr-inner ' ><span class='hr-inner-style'><\/span><\/span><\/div>\n<div  class='av-buildercomment  av-blog-meta-html-info-disabled av-blog-meta-tag-disabled  '><\/div>\n","protected":false},"excerpt":{"rendered":"","protected":false},"author":1,"featured_media":38906,"comment_status":"open","ping_status":"open","sticky":false,"template":"","format":"standard","meta":{"footnotes":""},"categories":[38],"tags":[],"class_list":["post-38905","post","type-post","status-publish","format-standard","has-post-thumbnail","hentry","category-regional"],"jetpack_featured_media_url":"https:\/\/radiorevelacionfm.cl\/wp-content\/uploads\/2024\/01\/SeremiTrab_Y-Segegob-1-1.jpeg","_links":{"self":[{"href":"https:\/\/radiorevelacionfm.cl\/index.php?rest_route=\/wp\/v2\/posts\/38905","targetHints":{"allow":["GET"]}}],"collection":[{"href":"https:\/\/radiorevelacionfm.cl\/index.php?rest_route=\/wp\/v2\/posts"}],"about":[{"href":"https:\/\/radiorevelacionfm.cl\/index.php?rest_route=\/wp\/v2\/types\/post"}],"author":[{"embeddable":true,"href":"https:\/\/radiorevelacionfm.cl\/index.php?rest_route=\/wp\/v2\/users\/1"}],"replies":[{"embeddable":true,"href":"https:\/\/radiorevelacionfm.cl\/index.php?rest_route=%2Fwp%2Fv2%2Fcomments&post=38905"}],"version-history":[{"count":1,"href":"https:\/\/radiorevelacionfm.cl\/index.php?rest_route=\/wp\/v2\/posts\/38905\/revisions"}],"predecessor-version":[{"id":38907,"href":"https:\/\/radiorevelacionfm.cl\/index.php?rest_route=\/wp\/v2\/posts\/38905\/revisions\/38907"}],"wp:featuredmedia":[{"embeddable":true,"href":"https:\/\/radiorevelacionfm.cl\/index.php?rest_route=\/wp\/v2\/media\/38906"}],"wp:attachment":[{"href":"https:\/\/radiorevelacionfm.cl\/index.php?rest_route=%2Fwp%2Fv2%2Fmedia&parent=38905"}],"wp:term":[{"taxonomy":"category","embeddable":true,"href":"https:\/\/radiorevelacionfm.cl\/index.php?rest_route=%2Fwp%2Fv2%2Fcategories&post=38905"},{"taxonomy":"post_tag","embeddable":true,"href":"https:\/\/radiorevelacionfm.cl\/index.php?rest_route=%2Fwp%2Fv2%2Ftags&post=38905"}],"curies":[{"name":"wp","href":"https:\/\/api.w.org\/{rel}","templated":true}]}}