{"id":38900,"date":"2024-01-17T10:16:43","date_gmt":"2024-01-17T13:16:43","guid":{"rendered":"https:\/\/radiorevelacionfm.cl\/?p=38900"},"modified":"2024-01-17T10:16:43","modified_gmt":"2024-01-17T13:16:43","slug":"region-de-aysen-registro-1-048-estudiantes-seleccionados-en-carreras-de-educacion-superior-un-136-mas-que-el-ano-2023","status":"publish","type":"post","link":"https:\/\/radiorevelacionfm.cl\/?p=38900","title":{"rendered":"Regi\u00f3n de Ays\u00e9n registr\u00f3 1.048 estudiantes seleccionados en carreras de Educaci\u00f3n Superior, un 13,6 % m\u00e1s que el a\u00f1o 2023"},"content":{"rendered":"<div class=\"flex_column av_one_full  flex_column_div av-zero-column-padding first  avia-builder-el-0  el_before_av_one_full  avia-builder-el-first  \" style='border-radius:0px; '><div  class='avia-image-container  av-styling-    avia-builder-el-1  avia-builder-el-no-sibling  avia-align-center '  itemprop=\"image\" itemscope=\"itemscope\" itemtype=\"https:\/\/schema.org\/ImageObject\"  ><div class='avia-image-container-inner'><div class='avia-image-overlay-wrap'><img decoding=\"async\" class='wp-image-37631 avia-img-lazy-loading-not-37631 avia_image' src=\"https:\/\/radiorevelacionfm.cl\/wp-content\/uploads\/2023\/12\/Isabel-Garrido-3-1.jpg\" alt='' title='Isabel Garrido (3) (1)' height=\"690\" width=\"789\"  itemprop=\"thumbnailUrl\" srcset=\"https:\/\/radiorevelacionfm.cl\/wp-content\/uploads\/2023\/12\/Isabel-Garrido-3-1.jpg 789w, https:\/\/radiorevelacionfm.cl\/wp-content\/uploads\/2023\/12\/Isabel-Garrido-3-1-300x262.jpg 300w, https:\/\/radiorevelacionfm.cl\/wp-content\/uploads\/2023\/12\/Isabel-Garrido-3-1-768x672.jpg 768w, https:\/\/radiorevelacionfm.cl\/wp-content\/uploads\/2023\/12\/Isabel-Garrido-3-1-705x617.jpg 705w, https:\/\/radiorevelacionfm.cl\/wp-content\/uploads\/2023\/12\/Isabel-Garrido-3-1-450x394.jpg 450w, https:\/\/radiorevelacionfm.cl\/wp-content\/uploads\/2023\/12\/Isabel-Garrido-3-1-600x525.jpg 600w\" sizes=\"(max-width: 789px) 100vw, 789px\" \/><\/div><\/div><\/div><\/div><div class=\"flex_column av_one_full  flex_column_div av-zero-column-padding first  avia-builder-el-2  el_after_av_one_full  el_before_av_one_full  column-top-margin\" style='border-radius:0px; '><section class=\"av_textblock_section \"  itemscope=\"itemscope\" itemtype=\"https:\/\/schema.org\/BlogPosting\" itemprop=\"blogPost\" ><div class='avia_textblock  '   itemprop=\"text\" ><p style=\"text-align: center;\"><strong><span style=\"font-size: 18pt;\">Regi\u00f3n de Ays\u00e9n registr\u00f3 1.048 estudiantes seleccionados en carreras de Educaci\u00f3n Superior, un 13,6 % m\u00e1s que el a\u00f1o 2023<\/span><\/strong><\/p>\n<div id=\"gtx-trans\" style=\"position: absolute; left: -50px; top: 4.31534px;\">\n<div class=\"gtx-trans-icon\"><\/div>\n<\/div>\n<\/div><\/section><\/div><div class=\"flex_column av_one_full  flex_column_div av-zero-column-padding first  avia-builder-el-4  el_after_av_one_full  el_before_av_hr  column-top-margin\" style='border-radius:0px; '><section class=\"av_textblock_section \"  itemscope=\"itemscope\" itemtype=\"https:\/\/schema.org\/BlogPosting\" itemprop=\"blogPost\" ><div class='avia_textblock  '   itemprop=\"text\" ><p class=\"v1MsoNormal\" style=\"text-align: justify;\">Este martes 16 el subsecretario de Educaci\u00f3n Superior, V\u00edctor Orellana; la directora del DEMRE, Leonor Varas; y la rectora de la Universidad de Chile, Rosa Dev\u00e9s, dieron a conocer los resultados de las postulaciones para la admisi\u00f3n universitaria 2024, efectuadas entre el 2 y el 5 de enero.<\/p>\n<p class=\"v1MsoNormal\" style=\"text-align: justify;\">A nivel nacional uno de los resultados m\u00e1s relevantes fue el aumento de mujeres seleccionadas en carreras de ciencia, tecnolog\u00eda, ingenier\u00eda y matem\u00e1ticas (STEM, por su sigla en ingl\u00e9s), que alcanz\u00f3 un 16,8% respecto del a\u00f1o pasado, con lo que la representaci\u00f3n de mujeres en estas carreras pas\u00f3 de 27,2% a 30,2% este a\u00f1o.<\/p>\n<p class=\"v1MsoNormal\" style=\"text-align: justify;\">Una de las razones que explica esto es la implementaci\u00f3n del programa M\u00e1s Mujeres Cient\u00edficas (+MC), que entrega cupos adicionales a mujeres que deseen estudiar carreras de estas \u00e1reas, lo que permiti\u00f3 que las postulaciones de este tipo aumentaran en 6,5%.<\/p>\n<p class=\"v1MsoNormal\" style=\"text-align: justify;\">Tambi\u00e9n se registr\u00f3 un incremento de 30% en las personas seleccionadas gracias al programa PACE, lo que se traduce en 435 postulantes m\u00e1s, dada la ampliaci\u00f3n del n\u00famero de estudiantes habilitados y en cupos, especialmente en carreras de alta demanda. A esto se suma un aumento de 52,8% de personas en situaci\u00f3n de discapacidad y con necesidades educativas especiales que solicitaron ajustes a la PAES y que fueron admitidas.<\/p>\n<p class=\"v1MsoNormal\" style=\"text-align: justify;\">En este proceso, el total de seleccionados ascendi\u00f3 a 150.494 personas, considerando todas las v\u00edas centralizadas, un aumento de 5,1% respecto al a\u00f1o anterior, equivalente a 7.283 seleccionados. Considerando s\u00f3lo la v\u00eda regular, se registraron 146.326 personas seleccionadas, 4,1% m\u00e1s que el a\u00f1o anterior.<\/p>\n<p class=\"v1MsoNormal\" style=\"text-align: justify;\">El Subsecretario de Educaci\u00f3n Superior, V\u00edctor Orellana<b>,<\/b>\u00a0explic\u00f3 que \u201cse ha diversificado el acceso a la educaci\u00f3n superior, lo que ha permitido que grupos que antes ten\u00edan menor participaci\u00f3n hoy puedan llegar en mayor proporci\u00f3n a la educaci\u00f3n superior. La incorporaci\u00f3n de m\u00e1s mujeres en carreras de ciencias, tecnolog\u00edas, ingenier\u00eda y matem\u00e1ticas bajo la pol\u00edtica +MC, adem\u00e1s del incremento de personas seleccionadas mediante cupos PACE, lo mismo con personas en situaci\u00f3n de discapacidad (PeSD) o con necesidades educativas especiales (NEE), dan cuenta de que el trabajo realizado para incorporar cambios y mejorar el sistema de acceso a la educaci\u00f3n superior comienza a consolidarse\u201d.<\/p>\n<p class=\"v1MsoNormal\" style=\"text-align: justify;\"><b>Resultados Regi\u00f3n de Ays\u00e9n<\/b><\/p>\n<p class=\"v1MsoNormal\" style=\"text-align: justify;\">La Seremi de Educaci\u00f3n de Ays\u00e9n Isabel Garrido inform\u00f3 que en la regi\u00f3n hubo 1.048 selecciones a nivel regional, lo que implica un 13,6% m\u00e1s que las postulaciones admitidas en 2023. Por v\u00eda regular se registraron 1.026 postulaciones.\u00a0 A nivel nacional, 1.119 mujeres fueron seleccionadas a trav\u00e9s de las nuevas vacantes M\u00e1s Mujeres Cient\u00edficas (+MC). En la regi\u00f3n de Ays\u00e9n, 4 estudiantes resultaron beneficiadas con esta iniciativa. En todo el pa\u00eds, 1.891 personas fueron seleccionadas a trav\u00e9s del programa PACE, mientras que en la regi\u00f3n de Ays\u00e9n, 15 personas resultaron seleccionadas por esta v\u00eda.<\/p>\n<p class=\"v1MsoNormal\" style=\"text-align: justify;\">\u201cCelebramos el aumento de 13,6% de estudiantes de la Regi\u00f3n que fueron seleccionados. Da cuenta de que la reactivaci\u00f3n educativa est\u00e1 en marcha, despu\u00e9s de un per\u00edodo de pandemia en que vimos una ca\u00edda en las postulaciones, hoy se renueva el inter\u00e9s por seguir estudios terciarios, adem\u00e1s con el impulso que significa tener nuevas oportunidades de acceso equitativo\u201d, manifest\u00f3 la autoridad sectorial.<\/p>\n<p class=\"v1MsoNormal\" style=\"text-align: justify;\"><b>Otros resultados\u00a0<\/b><\/p>\n<p class=\"v1MsoNormal\" style=\"text-align: justify;\">En la admisi\u00f3n 2024 tambi\u00e9n se evidenci\u00f3 una estabilizaci\u00f3n en la cantidad de personas seleccionadas en carreras de pedagog\u00eda, que registr\u00f3 un leve aumento de 1,1%, equivalente a 141 personas m\u00e1s que en el proceso anterior.<\/p>\n<p class=\"v1MsoNormal\" style=\"text-align: justify;\">Las carreras relacionadas con la salud, en tanto, se mantienen\u00a0como el \u00e1rea del conocimiento con m\u00e1s personas seleccionadas, y crecieron en 8% respecto al a\u00f1o anterior. Las humanidades y las ciencias b\u00e1sicas, por su parte, enfrentan las ca\u00eddas m\u00e1s importantes en cuanto a selecci\u00f3n (-4% y -5%).<\/p>\n<p class=\"v1MsoNormal\" style=\"text-align: justify;\"><b>Lo que viene\u00a0<\/b><\/p>\n<p class=\"v1MsoNormal\" style=\"text-align: justify;\">Este mi\u00e9rcoles 17 de enero comienza el proceso de matr\u00edcula para quienes fueron seleccionados en una carrera de las 45 universidades adscritas del Sistema de Acceso. Dicha instancia se extender\u00e1 hasta este 19 de enero del presente a\u00f1o.<\/p>\n<p class=\"v1MsoNormal\" style=\"text-align: justify;\">En tanto, el segundo per\u00edodo de matr\u00edcula se extender\u00e1 entre el 20 y el 26 de enero. Este per\u00edodo se habilitar\u00e1 para quienes sean convocados desde las listas de espera dependiendo de los procesos de cada instituci\u00f3n.<\/p>\n<\/div><\/section><\/div><div  style='height:50px' class='hr hr-invisible   avia-builder-el-6  el_after_av_one_full  el_before_av_social_share '><span class='hr-inner ' ><span class='hr-inner-style'><\/span><\/span><\/div><\/p>\n<div  class='av-social-sharing-box  avia-builder-el-7  el_after_av_hr  el_before_av_hr  '><div class='av-share-box'><h5 class='av-share-link-description av-no-toc '>Compartir esta noticia<\/h5><ul class='av-share-box-list noLightbox'><li class='av-share-link av-social-link-facebook' ><a target=\"_blank\" aria-label=\"Compartir en Facebook\" href='https:\/\/www.facebook.com\/sharer.php?u=https:\/\/radiorevelacionfm.cl\/?p=38900&#038;t=Regi%C3%B3n%20de%20Ays%C3%A9n%20registr%C3%B3%201.048%20estudiantes%20seleccionados%20en%20carreras%20de%20Educaci%C3%B3n%20Superior%2C%20un%2013%2C6%20%25%20m%C3%A1s%20que%20el%20a%C3%B1o%202023' aria-hidden='false' data-av_icon='\ue8f3' data-av_iconfont='entypo-fontello' title='' data-avia-related-tooltip='Compartir en Facebook' rel=\"noopener\"><span class='avia_hidden_link_text'>Compartir en Facebook<\/span><\/a><\/li><li class='av-share-link av-social-link-twitter' ><a target=\"_blank\" aria-label=\"Compartir en Twitter\" href='https:\/\/twitter.com\/share?text=Regi%C3%B3n%20de%20Ays%C3%A9n%20registr%C3%B3%201.048%20estudiantes%20seleccionados%20en%20carreras%20de%20Educaci%C3%B3n%20Superior%2C%20un%2013%2C6%20%25%20m%C3%A1s%20que%20el%20a%C3%B1o%202023&#038;url=https:\/\/radiorevelacionfm.cl\/?p=38900' aria-hidden='false' data-av_icon='\ue8f1' data-av_iconfont='entypo-fontello' title='' data-avia-related-tooltip='Compartir en Twitter' rel=\"noopener\"><span class='avia_hidden_link_text'>Compartir en Twitter<\/span><\/a><\/li><li class='av-share-link av-social-link-whatsapp' ><a target=\"_blank\" aria-label=\"Compartir en Whatsapp\" href='https:\/\/api.whatsapp.com\/send?text=https:\/\/radiorevelacionfm.cl\/?p=38900' aria-hidden='false' data-av_icon='\uf232' data-av_iconfont='entypo-fontello' title='' data-avia-related-tooltip='Compartir en Whatsapp' rel=\"noopener\"><span class='avia_hidden_link_text'>Compartir en Whatsapp<\/span><\/a><\/li><li class='av-share-link av-social-link-linkedin' ><a target=\"_blank\" aria-label=\"Compartir en LinkedIn\" href='https:\/\/linkedin.com\/shareArticle?mini=true&#038;title=Regi%C3%B3n%20de%20Ays%C3%A9n%20registr%C3%B3%201.048%20estudiantes%20seleccionados%20en%20carreras%20de%20Educaci%C3%B3n%20Superior%2C%20un%2013%2C6%20%25%20m%C3%A1s%20que%20el%20a%C3%B1o%202023&#038;url=https:\/\/radiorevelacionfm.cl\/?p=38900' aria-hidden='false' data-av_icon='\ue8fc' data-av_iconfont='entypo-fontello' title='' data-avia-related-tooltip='Compartir en LinkedIn' rel=\"noopener\"><span class='avia_hidden_link_text'>Compartir en LinkedIn<\/span><\/a><\/li><li class='av-share-link av-social-link-mail' ><a  aria-label=\"Compartir por correo\" href='mailto:?subject=Regi%C3%B3n%20de%20Ays%C3%A9n%20registr%C3%B3%201.048%20estudiantes%20seleccionados%20en%20carreras%20de%20Educaci%C3%B3n%20Superior%2C%20un%2013%2C6%20%25%20m%C3%A1s%20que%20el%20a%C3%B1o%202023&#038;body=https:\/\/radiorevelacionfm.cl\/?p=38900' aria-hidden='false' data-av_icon='\ue805' data-av_iconfont='entypo-fontello' title='' data-avia-related-tooltip='Compartir por correo'><span class='avia_hidden_link_text'>Compartir por correo<\/span><\/a><\/li><\/ul><\/div><\/div>\n<div  style='height:50px' class='hr hr-invisible   avia-builder-el-8  el_after_av_social_share  el_before_av_comments_list '><span class='hr-inner ' ><span class='hr-inner-style'><\/span><\/span><\/div>\n<div  class='av-buildercomment  av-blog-meta-html-info-disabled av-blog-meta-tag-disabled  '><\/div>\n","protected":false},"excerpt":{"rendered":"","protected":false},"author":1,"featured_media":37631,"comment_status":"open","ping_status":"open","sticky":false,"template":"","format":"standard","meta":{"footnotes":""},"categories":[49],"tags":[],"class_list":["post-38900","post","type-post","status-publish","format-standard","has-post-thumbnail","hentry","category-educacion"],"jetpack_featured_media_url":"https:\/\/radiorevelacionfm.cl\/wp-content\/uploads\/2023\/12\/Isabel-Garrido-3-1.jpg","_links":{"self":[{"href":"https:\/\/radiorevelacionfm.cl\/index.php?rest_route=\/wp\/v2\/posts\/38900","targetHints":{"allow":["GET"]}}],"collection":[{"href":"https:\/\/radiorevelacionfm.cl\/index.php?rest_route=\/wp\/v2\/posts"}],"about":[{"href":"https:\/\/radiorevelacionfm.cl\/index.php?rest_route=\/wp\/v2\/types\/post"}],"author":[{"embeddable":true,"href":"https:\/\/radiorevelacionfm.cl\/index.php?rest_route=\/wp\/v2\/users\/1"}],"replies":[{"embeddable":true,"href":"https:\/\/radiorevelacionfm.cl\/index.php?rest_route=%2Fwp%2Fv2%2Fcomments&post=38900"}],"version-history":[{"count":1,"href":"https:\/\/radiorevelacionfm.cl\/index.php?rest_route=\/wp\/v2\/posts\/38900\/revisions"}],"predecessor-version":[{"id":38901,"href":"https:\/\/radiorevelacionfm.cl\/index.php?rest_route=\/wp\/v2\/posts\/38900\/revisions\/38901"}],"wp:featuredmedia":[{"embeddable":true,"href":"https:\/\/radiorevelacionfm.cl\/index.php?rest_route=\/wp\/v2\/media\/37631"}],"wp:attachment":[{"href":"https:\/\/radiorevelacionfm.cl\/index.php?rest_route=%2Fwp%2Fv2%2Fmedia&parent=38900"}],"wp:term":[{"taxonomy":"category","embeddable":true,"href":"https:\/\/radiorevelacionfm.cl\/index.php?rest_route=%2Fwp%2Fv2%2Fcategories&post=38900"},{"taxonomy":"post_tag","embeddable":true,"href":"https:\/\/radiorevelacionfm.cl\/index.php?rest_route=%2Fwp%2Fv2%2Ftags&post=38900"}],"curies":[{"name":"wp","href":"https:\/\/api.w.org\/{rel}","templated":true}]}}