{"id":38897,"date":"2024-01-16T20:11:27","date_gmt":"2024-01-16T23:11:27","guid":{"rendered":"https:\/\/radiorevelacionfm.cl\/?p=38897"},"modified":"2024-01-16T20:11:27","modified_gmt":"2024-01-16T23:11:27","slug":"ninos-y-ninas-de-junji-aprenden-como-prevenir-incendios-forestales","status":"publish","type":"post","link":"https:\/\/radiorevelacionfm.cl\/?p=38897","title":{"rendered":"Ni\u00f1os y ni\u00f1as de Junji aprenden c\u00f3mo prevenir incendios forestales"},"content":{"rendered":"<div class=\"flex_column av_one_full  flex_column_div av-zero-column-padding first  avia-builder-el-0  el_before_av_one_full  avia-builder-el-first  \" style='border-radius:0px; '><div  class='avia-image-container  av-styling-    avia-builder-el-1  avia-builder-el-no-sibling  avia-align-center '  itemprop=\"image\" itemscope=\"itemscope\" itemtype=\"https:\/\/schema.org\/ImageObject\"  ><div class='avia-image-container-inner'><div class='avia-image-overlay-wrap'><img decoding=\"async\" class='wp-image-38898 avia-img-lazy-loading-not-38898 avia_image' src=\"https:\/\/radiorevelacionfm.cl\/wp-content\/uploads\/2024\/01\/img_2451-1_optimized.jpg\" alt='' title='img_2451-(1)_optimized' height=\"600\" width=\"1066\"  itemprop=\"thumbnailUrl\" srcset=\"https:\/\/radiorevelacionfm.cl\/wp-content\/uploads\/2024\/01\/img_2451-1_optimized.jpg 1066w, https:\/\/radiorevelacionfm.cl\/wp-content\/uploads\/2024\/01\/img_2451-1_optimized-300x169.jpg 300w, https:\/\/radiorevelacionfm.cl\/wp-content\/uploads\/2024\/01\/img_2451-1_optimized-1030x580.jpg 1030w, https:\/\/radiorevelacionfm.cl\/wp-content\/uploads\/2024\/01\/img_2451-1_optimized-768x432.jpg 768w, https:\/\/radiorevelacionfm.cl\/wp-content\/uploads\/2024\/01\/img_2451-1_optimized-705x397.jpg 705w, https:\/\/radiorevelacionfm.cl\/wp-content\/uploads\/2024\/01\/img_2451-1_optimized-450x253.jpg 450w, https:\/\/radiorevelacionfm.cl\/wp-content\/uploads\/2024\/01\/img_2451-1_optimized-600x338.jpg 600w\" sizes=\"(max-width: 1066px) 100vw, 1066px\" \/><\/div><\/div><\/div><\/div><div class=\"flex_column av_one_full  flex_column_div av-zero-column-padding first  avia-builder-el-2  el_after_av_one_full  el_before_av_one_full  column-top-margin\" style='border-radius:0px; '><section class=\"av_textblock_section \"  itemscope=\"itemscope\" itemtype=\"https:\/\/schema.org\/BlogPosting\" itemprop=\"blogPost\" ><div class='avia_textblock  '   itemprop=\"text\" ><p style=\"text-align: center;\"><strong><span style=\"font-size: 18pt;\">Ni\u00f1os y ni\u00f1as de Junji aprenden c\u00f3mo prevenir incendios forestales \u00a0<\/span><\/strong><\/p>\n<div id=\"gtx-trans\" style=\"position: absolute; left: -50px; top: 4.31534px;\">\n<div class=\"gtx-trans-icon\"><\/div>\n<\/div>\n<\/div><\/section><\/div><div class=\"flex_column av_one_full  flex_column_div av-zero-column-padding first  avia-builder-el-4  el_after_av_one_full  el_before_av_hr  column-top-margin\" style='border-radius:0px; '><section class=\"av_textblock_section \"  itemscope=\"itemscope\" itemtype=\"https:\/\/schema.org\/BlogPosting\" itemprop=\"blogPost\" ><div class='avia_textblock  '   itemprop=\"text\" ><p style=\"text-align: justify;\" align=\"center\">Visitados por Forest\u00edn de Conaf Ays\u00e9n, ni\u00f1os y ni\u00f1as del jard\u00edn infantil \u201cArco\u00edris\u201d de Coyhaique compartieron de una l\u00fadica ma\u00f1ana con el coipo emblema y pudieron conocer m\u00e1s de protecci\u00f3n de flora y fauna silvestre.<\/p>\n<p style=\"text-align: justify;\">En el marco de la campa\u00f1a encabezada por la vicepresidenta de Junji, Daniela Trivi\u00f1o, \u201cPrevenir incendios es tarea de todos y todas\u201d que tiene como norte reforzar el trabajo preventivo desde las comunidades educativas de la mano con la ciudadan\u00eda, y las redes locales, es que desde esa instituci\u00f3n se han tomado medidas para resguardar que el alza de temperaturas no traiga consecuencias negativas para el ecosistema, a trav\u00e9s de la educaci\u00f3n ambiental desde primera infancia.<\/p>\n<p style=\"text-align: justify;\">Para Daniela Molina directora del Jard\u00edn Infantil \u201cArco\u00edris\u201d el trabajo de la Corporaci\u00f3n Nacional Forestal en esta materia es muy positivo para los y las p\u00e1rvulos: \u201cAgradecer la coordinaci\u00f3n que se hace con Conaf, el que vengan a visitarnos sobre todo con un personaje tan importante como Forest\u00edn, genera en los ni\u00f1os y las ni\u00f1as un proceso de aprendizaje que resulta mucho m\u00e1s significativo al poder tener la imagen del coipo que nos acompa\u00f1a y nos va ense\u00f1ando de qu\u00e9 manera podemos prevenir incendios forestales, y tambi\u00e9n el cuidado que necesitamos tener con los bosques, los r\u00edos y von todo lo que nos rodea. Agradecer a Conaf la visita y nos den la posibilidad de entregar este tipo de orientaciones porque los ni\u00f1os y ni\u00f1as vana replicarlos s\u00ed o s\u00ed con sus familias\u201d.<\/p>\n<p style=\"text-align: justify;\">Seg\u00fan la instituci\u00f3n forestal, el 99,7% de los incendios forestales son producidos por personas de manera intencional o involuntaria. Por esto, se ha tornado relevante insistir en las comunidades educativas, as\u00ed como en las familias algunas medidas preventivas como: no utilizar los entretechos para almacenar material did\u00e1ctico, de aseo, textil, papeler\u00eda, mobiliario, etc.; no acumular pallets, neum\u00e1ticos, cartones y maderas; si hay maleza y escombros en el patio, coordinar su retiro; mantener las zonas de tr\u00e1nsito, seguridad y v\u00edas de evacuaci\u00f3n, libres de obst\u00e1culos; tener a mano los n\u00fameros de emergencia de CONAF, Bomberos, Carabineros y PDI y no sobrecargar los enchufes, entre otros.<\/p>\n<p style=\"text-align: justify;\">Por su parte el director regional de Junji, Juan Eduardo Lorca Valdivia destac\u00f3 la importancia que tiene para instituci\u00f3n la campa\u00f1a: \u201cDe esta manera no s\u00f3lo comprometemos a ni\u00f1os y ni\u00f1as con la prevenci\u00f3n de incendios forestales, sino que tambi\u00e9n comprometemos a las familias y a la comunidad educativa, generamos acciones important\u00edsimas dentro del jard\u00edn y fuera, que nos permitan por una parte prevenir y por otra actuar de manera responsable y coordinada en este sentido\u201d.<\/p>\n<p style=\"text-align: justify;\">De este mismo modo, al interior de la Junta Nacional de Jardines infantiles se han tomado diversas medidas para restringir la acumulaci\u00f3n de desperdicios en el hogar y jard\u00edn infantil; mantener caminos, senderos y accesos limpios de malezas y desechos; evitar que las unidades educativas se transformen en centros de acopio de material; no manipular fuentes de calor cercanas a la vegetaci\u00f3n; no usar herramientas que generen chispas; cuidar el uso de extintores; no lanzar f\u00f3sforos ni colillas de cigarro; no dejar al alcance de ni\u00f1os y ni\u00f1as fuego o fuentes de calor y evitar su uso en d\u00edas de alta temperatura.<\/p>\n<p style=\"text-align: justify;\">En l\u00ednea con lo se\u00f1alado por la autoridad, cabe destacar que desde el a\u00f1o 2021 la Junji desarrolla un trabajo articulado con Senapred, Conaf y Sernageomin para el an\u00e1lisis de diversos riesgos que puedan afectar a las unidades educativas; una importante alianza que ha permitido construir un visor de zonas para obtener informaci\u00f3n en tiempo real de las localidades en la que se emplazan jardines infantiles de la instituci\u00f3n. De esta forma, se fortalecen las acciones de mitigaci\u00f3n, prevenci\u00f3n y coordinaci\u00f3n con los equipos y direcciones regionales de la instituci\u00f3n.<\/p>\n<div style=\"text-align: justify;\"><\/div>\n<\/div><\/section><\/div><div  style='height:50px' class='hr hr-invisible   avia-builder-el-6  el_after_av_one_full  el_before_av_social_share '><span class='hr-inner ' ><span class='hr-inner-style'><\/span><\/span><\/div><\/p>\n<div  class='av-social-sharing-box  avia-builder-el-7  el_after_av_hr  el_before_av_hr  '><div class='av-share-box'><h5 class='av-share-link-description av-no-toc '>Compartir esta noticia<\/h5><ul class='av-share-box-list noLightbox'><li class='av-share-link av-social-link-facebook' ><a target=\"_blank\" aria-label=\"Compartir en Facebook\" href='https:\/\/www.facebook.com\/sharer.php?u=https:\/\/radiorevelacionfm.cl\/?p=38897&#038;t=Ni%C3%B1os%20y%20ni%C3%B1as%20de%20Junji%20aprenden%20c%C3%B3mo%20prevenir%20incendios%20forestales' aria-hidden='false' data-av_icon='\ue8f3' data-av_iconfont='entypo-fontello' title='' data-avia-related-tooltip='Compartir en Facebook' rel=\"noopener\"><span class='avia_hidden_link_text'>Compartir en Facebook<\/span><\/a><\/li><li class='av-share-link av-social-link-twitter' ><a target=\"_blank\" aria-label=\"Compartir en Twitter\" href='https:\/\/twitter.com\/share?text=Ni%C3%B1os%20y%20ni%C3%B1as%20de%20Junji%20aprenden%20c%C3%B3mo%20prevenir%20incendios%20forestales&#038;url=https:\/\/radiorevelacionfm.cl\/?p=38897' aria-hidden='false' data-av_icon='\ue8f1' data-av_iconfont='entypo-fontello' title='' data-avia-related-tooltip='Compartir en Twitter' rel=\"noopener\"><span class='avia_hidden_link_text'>Compartir en Twitter<\/span><\/a><\/li><li class='av-share-link av-social-link-whatsapp' ><a target=\"_blank\" aria-label=\"Compartir en Whatsapp\" href='https:\/\/api.whatsapp.com\/send?text=https:\/\/radiorevelacionfm.cl\/?p=38897' aria-hidden='false' data-av_icon='\uf232' data-av_iconfont='entypo-fontello' title='' data-avia-related-tooltip='Compartir en Whatsapp' rel=\"noopener\"><span class='avia_hidden_link_text'>Compartir en Whatsapp<\/span><\/a><\/li><li class='av-share-link av-social-link-linkedin' ><a target=\"_blank\" aria-label=\"Compartir en LinkedIn\" href='https:\/\/linkedin.com\/shareArticle?mini=true&#038;title=Ni%C3%B1os%20y%20ni%C3%B1as%20de%20Junji%20aprenden%20c%C3%B3mo%20prevenir%20incendios%20forestales&#038;url=https:\/\/radiorevelacionfm.cl\/?p=38897' aria-hidden='false' data-av_icon='\ue8fc' data-av_iconfont='entypo-fontello' title='' data-avia-related-tooltip='Compartir en LinkedIn' rel=\"noopener\"><span class='avia_hidden_link_text'>Compartir en LinkedIn<\/span><\/a><\/li><li class='av-share-link av-social-link-mail' ><a  aria-label=\"Compartir por correo\" href='mailto:?subject=Ni%C3%B1os%20y%20ni%C3%B1as%20de%20Junji%20aprenden%20c%C3%B3mo%20prevenir%20incendios%20forestales&#038;body=https:\/\/radiorevelacionfm.cl\/?p=38897' aria-hidden='false' data-av_icon='\ue805' data-av_iconfont='entypo-fontello' title='' data-avia-related-tooltip='Compartir por correo'><span class='avia_hidden_link_text'>Compartir por correo<\/span><\/a><\/li><\/ul><\/div><\/div>\n<div  style='height:50px' class='hr hr-invisible   avia-builder-el-8  el_after_av_social_share  el_before_av_comments_list '><span class='hr-inner ' ><span class='hr-inner-style'><\/span><\/span><\/div>\n<div  class='av-buildercomment  av-blog-meta-html-info-disabled av-blog-meta-tag-disabled  '><\/div>\n","protected":false},"excerpt":{"rendered":"","protected":false},"author":1,"featured_media":38898,"comment_status":"open","ping_status":"open","sticky":false,"template":"","format":"standard","meta":{"footnotes":""},"categories":[49],"tags":[],"class_list":["post-38897","post","type-post","status-publish","format-standard","has-post-thumbnail","hentry","category-educacion"],"jetpack_featured_media_url":"https:\/\/radiorevelacionfm.cl\/wp-content\/uploads\/2024\/01\/img_2451-1_optimized.jpg","_links":{"self":[{"href":"https:\/\/radiorevelacionfm.cl\/index.php?rest_route=\/wp\/v2\/posts\/38897","targetHints":{"allow":["GET"]}}],"collection":[{"href":"https:\/\/radiorevelacionfm.cl\/index.php?rest_route=\/wp\/v2\/posts"}],"about":[{"href":"https:\/\/radiorevelacionfm.cl\/index.php?rest_route=\/wp\/v2\/types\/post"}],"author":[{"embeddable":true,"href":"https:\/\/radiorevelacionfm.cl\/index.php?rest_route=\/wp\/v2\/users\/1"}],"replies":[{"embeddable":true,"href":"https:\/\/radiorevelacionfm.cl\/index.php?rest_route=%2Fwp%2Fv2%2Fcomments&post=38897"}],"version-history":[{"count":1,"href":"https:\/\/radiorevelacionfm.cl\/index.php?rest_route=\/wp\/v2\/posts\/38897\/revisions"}],"predecessor-version":[{"id":38899,"href":"https:\/\/radiorevelacionfm.cl\/index.php?rest_route=\/wp\/v2\/posts\/38897\/revisions\/38899"}],"wp:featuredmedia":[{"embeddable":true,"href":"https:\/\/radiorevelacionfm.cl\/index.php?rest_route=\/wp\/v2\/media\/38898"}],"wp:attachment":[{"href":"https:\/\/radiorevelacionfm.cl\/index.php?rest_route=%2Fwp%2Fv2%2Fmedia&parent=38897"}],"wp:term":[{"taxonomy":"category","embeddable":true,"href":"https:\/\/radiorevelacionfm.cl\/index.php?rest_route=%2Fwp%2Fv2%2Fcategories&post=38897"},{"taxonomy":"post_tag","embeddable":true,"href":"https:\/\/radiorevelacionfm.cl\/index.php?rest_route=%2Fwp%2Fv2%2Ftags&post=38897"}],"curies":[{"name":"wp","href":"https:\/\/api.w.org\/{rel}","templated":true}]}}