{"id":38894,"date":"2024-01-16T17:36:40","date_gmt":"2024-01-16T20:36:40","guid":{"rendered":"https:\/\/radiorevelacionfm.cl\/?p=38894"},"modified":"2024-01-16T17:36:40","modified_gmt":"2024-01-16T20:36:40","slug":"en-fase-final-de-construccion-se-encuentra-vivienda-de-emergencia-destinada-a-adulto-mayor-de-chacabuco","status":"publish","type":"post","link":"https:\/\/radiorevelacionfm.cl\/?p=38894","title":{"rendered":"En fase final de construcci\u00f3n se encuentra vivienda de emergencia destinada a adulto mayor de Chacabuco"},"content":{"rendered":"<div class=\"flex_column av_one_full  flex_column_div av-zero-column-padding first  avia-builder-el-0  el_before_av_one_full  avia-builder-el-first  \" style='border-radius:0px; '><div  class='avia-image-container  av-styling-    avia-builder-el-1  avia-builder-el-no-sibling  avia-align-center '  itemprop=\"image\" itemscope=\"itemscope\" itemtype=\"https:\/\/schema.org\/ImageObject\"  ><div class='avia-image-container-inner'><div class='avia-image-overlay-wrap'><img decoding=\"async\" class='wp-image-38895 avia-img-lazy-loading-not-38895 avia_image' src=\"https:\/\/radiorevelacionfm.cl\/wp-content\/uploads\/2024\/01\/casa-chacabuco-2-1-1_optimized-1.jpg\" alt='' title='casa-chacabuco-2-(1)-(1)_optimized (1)' height=\"600\" width=\"1066\"  itemprop=\"thumbnailUrl\" srcset=\"https:\/\/radiorevelacionfm.cl\/wp-content\/uploads\/2024\/01\/casa-chacabuco-2-1-1_optimized-1.jpg 1066w, https:\/\/radiorevelacionfm.cl\/wp-content\/uploads\/2024\/01\/casa-chacabuco-2-1-1_optimized-1-300x169.jpg 300w, https:\/\/radiorevelacionfm.cl\/wp-content\/uploads\/2024\/01\/casa-chacabuco-2-1-1_optimized-1-1030x580.jpg 1030w, https:\/\/radiorevelacionfm.cl\/wp-content\/uploads\/2024\/01\/casa-chacabuco-2-1-1_optimized-1-768x432.jpg 768w, https:\/\/radiorevelacionfm.cl\/wp-content\/uploads\/2024\/01\/casa-chacabuco-2-1-1_optimized-1-705x397.jpg 705w, https:\/\/radiorevelacionfm.cl\/wp-content\/uploads\/2024\/01\/casa-chacabuco-2-1-1_optimized-1-450x253.jpg 450w, https:\/\/radiorevelacionfm.cl\/wp-content\/uploads\/2024\/01\/casa-chacabuco-2-1-1_optimized-1-600x338.jpg 600w\" sizes=\"(max-width: 1066px) 100vw, 1066px\" \/><\/div><\/div><\/div><\/div><div class=\"flex_column av_one_full  flex_column_div av-zero-column-padding first  avia-builder-el-2  el_after_av_one_full  el_before_av_one_full  column-top-margin\" style='border-radius:0px; '><section class=\"av_textblock_section \"  itemscope=\"itemscope\" itemtype=\"https:\/\/schema.org\/BlogPosting\" itemprop=\"blogPost\" ><div class='avia_textblock  '   itemprop=\"text\" ><p style=\"text-align: center;\"><strong><span style=\"font-size: 18pt;\">En fase final de construcci\u00f3n se encuentra vivienda de emergencia destinada a adulto mayor de Chacabuco<\/span><\/strong><\/p>\n<div id=\"gtx-trans\" style=\"position: absolute; left: -50px; top: 4.31534px;\">\n<div class=\"gtx-trans-icon\"><\/div>\n<\/div>\n<\/div><\/section><\/div><div class=\"flex_column av_one_full  flex_column_div av-zero-column-padding first  avia-builder-el-4  el_after_av_one_full  el_before_av_hr  column-top-margin\" style='border-radius:0px; '><section class=\"av_textblock_section \"  itemscope=\"itemscope\" itemtype=\"https:\/\/schema.org\/BlogPosting\" itemprop=\"blogPost\" ><div class='avia_textblock  '   itemprop=\"text\" ><p style=\"text-align: justify;\"><em>Esto ha sido posible gracias al convenio que actualmente existe entre el Gobierno Regional, CONAF y la Ilustre Municipalidad de Ays\u00e9n. En esta oportunidad, con destacada colaboraci\u00f3n del Ejercito de Chile.<\/em><\/p>\n<p style=\"text-align: justify;\">En la fase final de construcci\u00f3n se encuentra la vivienda de emergencia destinada al vecino de Puerto Chacabuco, Clorindo \u00c1lvarez, adulto mayor que requer\u00eda de un espacio y que gracias a la uni\u00f3n de voluntades de varios organismos, sumado al convenio vigente entre el Gobierno Regional, CONAF y la Ilustre Municipalidad de Ays\u00e9n, se puso gestionar el inmueble que est\u00e1 pr\u00f3ximo a ser entregado a su beneficiario.<\/p>\n<p style=\"text-align: justify;\">\u201cHemos venido a visitar la construcci\u00f3n de esta vivienda de emergencia para el vecino, don Clorindo \u00c1lvarez, de Puerto Chacabuco, quien no ten\u00eda casa y hoy va a tener la posibilidad de contar con ella. De la misma forma hemos estado trabajando para otros adultos mayores, hemos instalado viviendas en Puerto Ays\u00e9n, Ma\u00f1ihuales, en el kil\u00f3metro 26. Tambi\u00e9n agradecer al Ej\u00e9rcito que nos ha estado apoyando y nuestra direcci\u00f3n de DIDECO, donde hemos podido estar materializando esta construcci\u00f3n\u201d, se\u00f1al\u00f3 el alcalde de la comuna de Ays\u00e9n, Julio Uribe.<\/p>\n<p style=\"text-align: justify;\">El edil relev\u00f3 tambi\u00e9n la participaci\u00f3n de diversos organismos que, a trav\u00e9s de un convenio, permiten contar con estas casas de emergencia. \u201cRecordar que este es un convenio que hay entre el Gobierno Regional, CONAF y el Municipio, as\u00ed es que, estamos muy contentos de poder seguir ayudando a nuestros vecinos mediante la modalidad de las viviendas de emergencia. Hoy los equipos de maestros ya se est\u00e1n perfeccionando para levantar con la rapidez que se requiere estas construcciones\u201d.<\/p>\n<p style=\"text-align: justify;\">Las gestiones y consultas iniciales para conseguir la vivienda de emergencia fueron realizadas por la dirigenta social y sindical de Chacabuco, Alicia Ruiz, quien puso en valor el trabajo del alcalde para que don Clorindo, tenga su casa. \u201cEl Alcalde tom\u00f3 el guante, hicimos las averiguaciones sobre c\u00f3mo podemos tener la casa y la conseguimos. Hoy d\u00eda, la misma gente que trabaja en los programas de empleo hizo esta casita, la construy\u00f3 y tenemos tambi\u00e9n la ayuda de DIDECO para poder hacerle la instalaci\u00f3n el\u00e9ctrica. Estamos todos contentos viendo c\u00f3mo avanza la casa y que bueno que estas cosas pasen\u201d.<\/p>\n<p style=\"text-align: justify;\">Es importante se\u00f1alar que, las personas que han colaborado con la construcci\u00f3n de emergencia, han realizado estas fuera de sus horarios de trabajo y con ese gran esp\u00edritu solidario que siempre ha destacado a la comunidad de Puerto Chacabuco.<\/p>\n<\/div><\/section><\/div><div  style='height:50px' class='hr hr-invisible   avia-builder-el-6  el_after_av_one_full  el_before_av_social_share '><span class='hr-inner ' ><span class='hr-inner-style'><\/span><\/span><\/div><\/p>\n<div  class='av-social-sharing-box  avia-builder-el-7  el_after_av_hr  el_before_av_hr  '><div class='av-share-box'><h5 class='av-share-link-description av-no-toc '>Compartir esta noticia<\/h5><ul class='av-share-box-list noLightbox'><li class='av-share-link av-social-link-facebook' ><a target=\"_blank\" aria-label=\"Compartir en Facebook\" href='https:\/\/www.facebook.com\/sharer.php?u=https:\/\/radiorevelacionfm.cl\/?p=38894&#038;t=En%20fase%20final%20de%20construcci%C3%B3n%20se%20encuentra%20vivienda%20de%20emergencia%20destinada%20a%20adulto%20mayor%20de%20Chacabuco' aria-hidden='false' data-av_icon='\ue8f3' data-av_iconfont='entypo-fontello' title='' data-avia-related-tooltip='Compartir en Facebook' rel=\"noopener\"><span class='avia_hidden_link_text'>Compartir en Facebook<\/span><\/a><\/li><li class='av-share-link av-social-link-twitter' ><a target=\"_blank\" aria-label=\"Compartir en Twitter\" href='https:\/\/twitter.com\/share?text=En%20fase%20final%20de%20construcci%C3%B3n%20se%20encuentra%20vivienda%20de%20emergencia%20destinada%20a%20adulto%20mayor%20de%20Chacabuco&#038;url=https:\/\/radiorevelacionfm.cl\/?p=38894' aria-hidden='false' data-av_icon='\ue8f1' data-av_iconfont='entypo-fontello' title='' data-avia-related-tooltip='Compartir en Twitter' rel=\"noopener\"><span class='avia_hidden_link_text'>Compartir en Twitter<\/span><\/a><\/li><li class='av-share-link av-social-link-whatsapp' ><a target=\"_blank\" aria-label=\"Compartir en Whatsapp\" href='https:\/\/api.whatsapp.com\/send?text=https:\/\/radiorevelacionfm.cl\/?p=38894' aria-hidden='false' data-av_icon='\uf232' data-av_iconfont='entypo-fontello' title='' data-avia-related-tooltip='Compartir en Whatsapp' rel=\"noopener\"><span class='avia_hidden_link_text'>Compartir en Whatsapp<\/span><\/a><\/li><li class='av-share-link av-social-link-linkedin' ><a target=\"_blank\" aria-label=\"Compartir en LinkedIn\" href='https:\/\/linkedin.com\/shareArticle?mini=true&#038;title=En%20fase%20final%20de%20construcci%C3%B3n%20se%20encuentra%20vivienda%20de%20emergencia%20destinada%20a%20adulto%20mayor%20de%20Chacabuco&#038;url=https:\/\/radiorevelacionfm.cl\/?p=38894' aria-hidden='false' data-av_icon='\ue8fc' data-av_iconfont='entypo-fontello' title='' data-avia-related-tooltip='Compartir en LinkedIn' rel=\"noopener\"><span class='avia_hidden_link_text'>Compartir en LinkedIn<\/span><\/a><\/li><li class='av-share-link av-social-link-mail' ><a  aria-label=\"Compartir por correo\" href='mailto:?subject=En%20fase%20final%20de%20construcci%C3%B3n%20se%20encuentra%20vivienda%20de%20emergencia%20destinada%20a%20adulto%20mayor%20de%20Chacabuco&#038;body=https:\/\/radiorevelacionfm.cl\/?p=38894' aria-hidden='false' data-av_icon='\ue805' data-av_iconfont='entypo-fontello' title='' data-avia-related-tooltip='Compartir por correo'><span class='avia_hidden_link_text'>Compartir por correo<\/span><\/a><\/li><\/ul><\/div><\/div>\n<div  style='height:50px' class='hr hr-invisible   avia-builder-el-8  el_after_av_social_share  el_before_av_comments_list '><span class='hr-inner ' ><span class='hr-inner-style'><\/span><\/span><\/div>\n<div  class='av-buildercomment  av-blog-meta-html-info-disabled av-blog-meta-tag-disabled  '><\/div>\n","protected":false},"excerpt":{"rendered":"","protected":false},"author":1,"featured_media":38895,"comment_status":"open","ping_status":"open","sticky":false,"template":"","format":"standard","meta":{"footnotes":""},"categories":[38],"tags":[],"class_list":["post-38894","post","type-post","status-publish","format-standard","has-post-thumbnail","hentry","category-regional"],"jetpack_featured_media_url":"https:\/\/radiorevelacionfm.cl\/wp-content\/uploads\/2024\/01\/casa-chacabuco-2-1-1_optimized-1.jpg","_links":{"self":[{"href":"https:\/\/radiorevelacionfm.cl\/index.php?rest_route=\/wp\/v2\/posts\/38894","targetHints":{"allow":["GET"]}}],"collection":[{"href":"https:\/\/radiorevelacionfm.cl\/index.php?rest_route=\/wp\/v2\/posts"}],"about":[{"href":"https:\/\/radiorevelacionfm.cl\/index.php?rest_route=\/wp\/v2\/types\/post"}],"author":[{"embeddable":true,"href":"https:\/\/radiorevelacionfm.cl\/index.php?rest_route=\/wp\/v2\/users\/1"}],"replies":[{"embeddable":true,"href":"https:\/\/radiorevelacionfm.cl\/index.php?rest_route=%2Fwp%2Fv2%2Fcomments&post=38894"}],"version-history":[{"count":1,"href":"https:\/\/radiorevelacionfm.cl\/index.php?rest_route=\/wp\/v2\/posts\/38894\/revisions"}],"predecessor-version":[{"id":38896,"href":"https:\/\/radiorevelacionfm.cl\/index.php?rest_route=\/wp\/v2\/posts\/38894\/revisions\/38896"}],"wp:featuredmedia":[{"embeddable":true,"href":"https:\/\/radiorevelacionfm.cl\/index.php?rest_route=\/wp\/v2\/media\/38895"}],"wp:attachment":[{"href":"https:\/\/radiorevelacionfm.cl\/index.php?rest_route=%2Fwp%2Fv2%2Fmedia&parent=38894"}],"wp:term":[{"taxonomy":"category","embeddable":true,"href":"https:\/\/radiorevelacionfm.cl\/index.php?rest_route=%2Fwp%2Fv2%2Fcategories&post=38894"},{"taxonomy":"post_tag","embeddable":true,"href":"https:\/\/radiorevelacionfm.cl\/index.php?rest_route=%2Fwp%2Fv2%2Ftags&post=38894"}],"curies":[{"name":"wp","href":"https:\/\/api.w.org\/{rel}","templated":true}]}}