{"id":38891,"date":"2024-01-17T09:51:18","date_gmt":"2024-01-17T12:51:18","guid":{"rendered":"https:\/\/radiorevelacionfm.cl\/?p=38891"},"modified":"2024-01-17T09:51:18","modified_gmt":"2024-01-17T12:51:18","slug":"realizan-mejoras-en-las-instalaciones-del-servicio-de-urgencia-rural-de-villa-manihuales","status":"publish","type":"post","link":"https:\/\/radiorevelacionfm.cl\/?p=38891","title":{"rendered":"Realizan mejoras en las instalaciones del Servicio de Urgencia Rural de Villa Ma\u00f1ihuales"},"content":{"rendered":"<div class=\"flex_column av_one_full  flex_column_div av-zero-column-padding first  avia-builder-el-0  el_before_av_one_full  avia-builder-el-first  \" style='border-radius:0px; '><div  class='avia-image-container  av-styling-    avia-builder-el-1  avia-builder-el-no-sibling  avia-align-center '  itemprop=\"image\" itemscope=\"itemscope\" itemtype=\"https:\/\/schema.org\/ImageObject\"  ><div class='avia-image-container-inner'><div class='avia-image-overlay-wrap'><img decoding=\"async\" class='wp-image-38892 avia-img-lazy-loading-not-38892 avia_image' src=\"https:\/\/radiorevelacionfm.cl\/wp-content\/uploads\/2024\/01\/manihuales-2-1-1.jpeg\" alt='' title='manihuales 2 (1) (1)' height=\"600\" width=\"1063\"  itemprop=\"thumbnailUrl\" srcset=\"https:\/\/radiorevelacionfm.cl\/wp-content\/uploads\/2024\/01\/manihuales-2-1-1.jpeg 1063w, https:\/\/radiorevelacionfm.cl\/wp-content\/uploads\/2024\/01\/manihuales-2-1-1-300x169.jpeg 300w, https:\/\/radiorevelacionfm.cl\/wp-content\/uploads\/2024\/01\/manihuales-2-1-1-1030x581.jpeg 1030w, https:\/\/radiorevelacionfm.cl\/wp-content\/uploads\/2024\/01\/manihuales-2-1-1-768x433.jpeg 768w, https:\/\/radiorevelacionfm.cl\/wp-content\/uploads\/2024\/01\/manihuales-2-1-1-705x398.jpeg 705w, https:\/\/radiorevelacionfm.cl\/wp-content\/uploads\/2024\/01\/manihuales-2-1-1-450x254.jpeg 450w, https:\/\/radiorevelacionfm.cl\/wp-content\/uploads\/2024\/01\/manihuales-2-1-1-600x339.jpeg 600w\" sizes=\"(max-width: 1063px) 100vw, 1063px\" \/><\/div><\/div><\/div><\/div><div class=\"flex_column av_one_full  flex_column_div av-zero-column-padding first  avia-builder-el-2  el_after_av_one_full  el_before_av_one_full  column-top-margin\" style='border-radius:0px; '><section class=\"av_textblock_section \"  itemscope=\"itemscope\" itemtype=\"https:\/\/schema.org\/BlogPosting\" itemprop=\"blogPost\" ><div class='avia_textblock  '   itemprop=\"text\" ><p style=\"text-align: center;\"><span style=\"font-size: 18pt;\"><b>Realizan mejoras en las instalaciones del Servicio de Urgencia Rural de Villa Ma\u00f1ihuales<\/b><\/span><\/p>\n<div id=\"gtx-trans\" style=\"position: absolute; left: -50px; top: 4.31534px;\">\n<div class=\"gtx-trans-icon\"><\/div>\n<\/div>\n<\/div><\/section><\/div><div class=\"flex_column av_one_full  flex_column_div av-zero-column-padding first  avia-builder-el-4  el_after_av_one_full  el_before_av_hr  column-top-margin\" style='border-radius:0px; '><section class=\"av_textblock_section \"  itemscope=\"itemscope\" itemtype=\"https:\/\/schema.org\/BlogPosting\" itemprop=\"blogPost\" ><div class='avia_textblock  '   itemprop=\"text\" ><p style=\"font-weight: 400; text-align: justify;\">Con la presencia de dirigentes vecinales y usuarios el Servicio de Salud Ays\u00e9n (SSA) present\u00f3 las mejoras desarrolladas durante las \u00faltimas semanas en el Servicio de Urgencia Rural de Ma\u00f1ihuales que funciona en la antigua posta de la localidad.<\/p>\n<p style=\"font-weight: 400; text-align: justify;\">Los trabajos fueron financiados con recurso de la Direcci\u00f3n de Salud Rural del SSA por un monto cercano a los 50 millones de pesos.<\/p>\n<p style=\"font-weight: 400; text-align: justify;\">\u201cEst\u00e1 todo muy hermoso, muy espacioso, as\u00ed que por mi parte estoy feliz. Yo como usuaria del Servicio de Salud, quiero agradecer a las y los funcionarios porque siempre que he requerido un servicio he contado con una muy buena atenci\u00f3n\u201d, dijo Silvia Millar, vecina de Ma\u00f1ihuales.<\/p>\n<p style=\"font-weight: 400; text-align: justify;\">Entre los trabajos desarrollados en el establecimiento, seg\u00fan destacaron desde el Servicio de Salud, modificaron los tradicionales boxes de atenci\u00f3n para contar con mejores espacios para las y los usuarios y funcionarios.<\/p>\n<p style=\"font-weight: 400; text-align: justify;\">\u201cEsto es una innovaci\u00f3n, ya que unimos las dos salas que ten\u00edan las postas antiguas y sacamos el ba\u00f1o central para contar ahora con una sala de procedimientos amplia, con dos camillas para atenci\u00f3n, con espacios que cumplen con todas las normas de acreditaci\u00f3n, as\u00ed que estamos muy contentos\u201d, se\u00f1al\u00f3 la directora de Salud Rural del SSA, Lorena Guerrero Avenda\u00f1o.<\/p>\n<p style=\"font-weight: 400; text-align: justify;\">Los asistentes al acto pudieron recorrer los renovados espacios y conocer la nueva sala de esterilizaci\u00f3n y los servicios sanitarios con acceso universal, obras que permiten aumentar el est\u00e1ndar de la atenci\u00f3n.<\/p>\n<p style=\"font-weight: 400; text-align: justify;\">\u201cHay que destacar el trabajo de los directivos que creyeron en un sue\u00f1o y a la comunidad organizada que permiti\u00f3 que di\u00e9ramos este paso, los que vienen m\u00e1s adelante hay que seguir trabaj\u00e1ndolos, pero hoy d\u00eda avanzamos en entregar una atenci\u00f3n de mejor calidad para las personas\u201d, agreg\u00f3 Jorge Montecinos Angulo, encargado del sector Ma\u00f1ihuales del Servicio de Salud.<\/p>\n<p style=\"font-weight: 400; text-align: justify;\">En el acto las y los dirigentes de la comunidad dejaron ver la sensaci\u00f3n de rezago que viven en la localidad respecto a la inversi\u00f3n p\u00fablica y destacaron que este tipo de obras demuestra un cambio en la mirada respecto al desarrollo de las y los ma\u00f1ihualinos.<\/p>\n<p style=\"font-weight: 400; text-align: justify;\">\u201cNosotros sabemos que esta es m\u00e1s que una localidad de la comuna de Ays\u00e9n, Ma\u00f1ihuales tiene vida propia y por lo tanto debe tener una resoluci\u00f3n m\u00e1s r\u00e1pida en materia de Salud. Este establecimiento debe responder a muchas situaciones que se dan en la Ruta 7 norte y por lo tanto se requer\u00eda de una Urgencia en estas dependencias\u201d, manifest\u00f3 el delegado Presidencial Provincial de Ays\u00e9n, Jorge D\u00edaz Guzm\u00e1n.<\/p>\n<p style=\"font-weight: 400; text-align: justify;\">Actualmente las mejoras desarrolladas en el establecimiento est\u00e1n a la espera de los \u00faltimos tr\u00e1mites administrativos para entrar en pleno funcionamiento en beneficio de la comunidad de Ma\u00f1ihuales.<\/p>\n<\/div><\/section><\/div><div  style='height:50px' class='hr hr-invisible   avia-builder-el-6  el_after_av_one_full  el_before_av_social_share '><span class='hr-inner ' ><span class='hr-inner-style'><\/span><\/span><\/div><\/p>\n<div  class='av-social-sharing-box  avia-builder-el-7  el_after_av_hr  el_before_av_hr  '><div class='av-share-box'><h5 class='av-share-link-description av-no-toc '>Compartir esta noticia<\/h5><ul class='av-share-box-list noLightbox'><li class='av-share-link av-social-link-facebook' ><a target=\"_blank\" aria-label=\"Compartir en Facebook\" href='https:\/\/www.facebook.com\/sharer.php?u=https:\/\/radiorevelacionfm.cl\/?p=38891&#038;t=Realizan%20mejoras%20en%20las%20instalaciones%20del%20Servicio%20de%20Urgencia%20Rural%20de%20Villa%20Ma%C3%B1ihuales' aria-hidden='false' data-av_icon='\ue8f3' data-av_iconfont='entypo-fontello' title='' data-avia-related-tooltip='Compartir en Facebook' rel=\"noopener\"><span class='avia_hidden_link_text'>Compartir en Facebook<\/span><\/a><\/li><li class='av-share-link av-social-link-twitter' ><a target=\"_blank\" aria-label=\"Compartir en Twitter\" href='https:\/\/twitter.com\/share?text=Realizan%20mejoras%20en%20las%20instalaciones%20del%20Servicio%20de%20Urgencia%20Rural%20de%20Villa%20Ma%C3%B1ihuales&#038;url=https:\/\/radiorevelacionfm.cl\/?p=38891' aria-hidden='false' data-av_icon='\ue8f1' data-av_iconfont='entypo-fontello' title='' data-avia-related-tooltip='Compartir en Twitter' rel=\"noopener\"><span class='avia_hidden_link_text'>Compartir en Twitter<\/span><\/a><\/li><li class='av-share-link av-social-link-whatsapp' ><a target=\"_blank\" aria-label=\"Compartir en Whatsapp\" href='https:\/\/api.whatsapp.com\/send?text=https:\/\/radiorevelacionfm.cl\/?p=38891' aria-hidden='false' data-av_icon='\uf232' data-av_iconfont='entypo-fontello' title='' data-avia-related-tooltip='Compartir en Whatsapp' rel=\"noopener\"><span class='avia_hidden_link_text'>Compartir en Whatsapp<\/span><\/a><\/li><li class='av-share-link av-social-link-linkedin' ><a target=\"_blank\" aria-label=\"Compartir en LinkedIn\" href='https:\/\/linkedin.com\/shareArticle?mini=true&#038;title=Realizan%20mejoras%20en%20las%20instalaciones%20del%20Servicio%20de%20Urgencia%20Rural%20de%20Villa%20Ma%C3%B1ihuales&#038;url=https:\/\/radiorevelacionfm.cl\/?p=38891' aria-hidden='false' data-av_icon='\ue8fc' data-av_iconfont='entypo-fontello' title='' data-avia-related-tooltip='Compartir en LinkedIn' rel=\"noopener\"><span class='avia_hidden_link_text'>Compartir en LinkedIn<\/span><\/a><\/li><li class='av-share-link av-social-link-mail' ><a  aria-label=\"Compartir por correo\" href='mailto:?subject=Realizan%20mejoras%20en%20las%20instalaciones%20del%20Servicio%20de%20Urgencia%20Rural%20de%20Villa%20Ma%C3%B1ihuales&#038;body=https:\/\/radiorevelacionfm.cl\/?p=38891' aria-hidden='false' data-av_icon='\ue805' data-av_iconfont='entypo-fontello' title='' data-avia-related-tooltip='Compartir por correo'><span class='avia_hidden_link_text'>Compartir por correo<\/span><\/a><\/li><\/ul><\/div><\/div>\n<div  style='height:50px' class='hr hr-invisible   avia-builder-el-8  el_after_av_social_share  el_before_av_comments_list '><span class='hr-inner ' ><span class='hr-inner-style'><\/span><\/span><\/div>\n<div  class='av-buildercomment  av-blog-meta-html-info-disabled av-blog-meta-tag-disabled  '><\/div>\n","protected":false},"excerpt":{"rendered":"","protected":false},"author":1,"featured_media":38892,"comment_status":"open","ping_status":"open","sticky":false,"template":"","format":"standard","meta":{"footnotes":""},"categories":[46],"tags":[],"class_list":["post-38891","post","type-post","status-publish","format-standard","has-post-thumbnail","hentry","category-salud"],"jetpack_featured_media_url":"https:\/\/radiorevelacionfm.cl\/wp-content\/uploads\/2024\/01\/manihuales-2-1-1.jpeg","_links":{"self":[{"href":"https:\/\/radiorevelacionfm.cl\/index.php?rest_route=\/wp\/v2\/posts\/38891","targetHints":{"allow":["GET"]}}],"collection":[{"href":"https:\/\/radiorevelacionfm.cl\/index.php?rest_route=\/wp\/v2\/posts"}],"about":[{"href":"https:\/\/radiorevelacionfm.cl\/index.php?rest_route=\/wp\/v2\/types\/post"}],"author":[{"embeddable":true,"href":"https:\/\/radiorevelacionfm.cl\/index.php?rest_route=\/wp\/v2\/users\/1"}],"replies":[{"embeddable":true,"href":"https:\/\/radiorevelacionfm.cl\/index.php?rest_route=%2Fwp%2Fv2%2Fcomments&post=38891"}],"version-history":[{"count":1,"href":"https:\/\/radiorevelacionfm.cl\/index.php?rest_route=\/wp\/v2\/posts\/38891\/revisions"}],"predecessor-version":[{"id":38893,"href":"https:\/\/radiorevelacionfm.cl\/index.php?rest_route=\/wp\/v2\/posts\/38891\/revisions\/38893"}],"wp:featuredmedia":[{"embeddable":true,"href":"https:\/\/radiorevelacionfm.cl\/index.php?rest_route=\/wp\/v2\/media\/38892"}],"wp:attachment":[{"href":"https:\/\/radiorevelacionfm.cl\/index.php?rest_route=%2Fwp%2Fv2%2Fmedia&parent=38891"}],"wp:term":[{"taxonomy":"category","embeddable":true,"href":"https:\/\/radiorevelacionfm.cl\/index.php?rest_route=%2Fwp%2Fv2%2Fcategories&post=38891"},{"taxonomy":"post_tag","embeddable":true,"href":"https:\/\/radiorevelacionfm.cl\/index.php?rest_route=%2Fwp%2Fv2%2Ftags&post=38891"}],"curies":[{"name":"wp","href":"https:\/\/api.w.org\/{rel}","templated":true}]}}