{"id":38888,"date":"2024-01-16T18:36:08","date_gmt":"2024-01-16T21:36:08","guid":{"rendered":"https:\/\/radiorevelacionfm.cl\/?p=38888"},"modified":"2024-01-16T18:39:07","modified_gmt":"2024-01-16T21:39:07","slug":"cuatro-organizaciones-de-la-region-de-aysen-recibiran-fondos-para-importantes-proyectos-culturales","status":"publish","type":"post","link":"https:\/\/radiorevelacionfm.cl\/?p=38888","title":{"rendered":"Cuatro organizaciones de la Regi\u00f3n de Ays\u00e9n recibir\u00e1n fondos para desarrollar proyectos culturales"},"content":{"rendered":"<div class=\"flex_column av_one_full  flex_column_div av-zero-column-padding first  avia-builder-el-0  el_before_av_one_full  avia-builder-el-first  \" style='border-radius:0px; '><div  class='avia-image-container  av-styling-    avia-builder-el-1  avia-builder-el-no-sibling  avia-align-center '  itemprop=\"image\" itemscope=\"itemscope\" itemtype=\"https:\/\/schema.org\/ImageObject\"  ><div class='avia-image-container-inner'><div class='avia-image-overlay-wrap'><img decoding=\"async\" class='wp-image-38889 avia-img-lazy-loading-not-38889 avia_image' src=\"https:\/\/radiorevelacionfm.cl\/wp-content\/uploads\/2024\/01\/zingara-paocc-1_optimized.jpg\" alt='' title='zingara-paocc-(1)_optimized' height=\"600\" width=\"1072\"  itemprop=\"thumbnailUrl\" srcset=\"https:\/\/radiorevelacionfm.cl\/wp-content\/uploads\/2024\/01\/zingara-paocc-1_optimized.jpg 1072w, https:\/\/radiorevelacionfm.cl\/wp-content\/uploads\/2024\/01\/zingara-paocc-1_optimized-300x168.jpg 300w, https:\/\/radiorevelacionfm.cl\/wp-content\/uploads\/2024\/01\/zingara-paocc-1_optimized-1030x576.jpg 1030w, https:\/\/radiorevelacionfm.cl\/wp-content\/uploads\/2024\/01\/zingara-paocc-1_optimized-768x430.jpg 768w, https:\/\/radiorevelacionfm.cl\/wp-content\/uploads\/2024\/01\/zingara-paocc-1_optimized-705x395.jpg 705w, https:\/\/radiorevelacionfm.cl\/wp-content\/uploads\/2024\/01\/zingara-paocc-1_optimized-450x252.jpg 450w, https:\/\/radiorevelacionfm.cl\/wp-content\/uploads\/2024\/01\/zingara-paocc-1_optimized-600x336.jpg 600w\" sizes=\"(max-width: 1072px) 100vw, 1072px\" \/><\/div><\/div><\/div><\/div>\n<div class=\"flex_column av_one_full  flex_column_div av-zero-column-padding first  avia-builder-el-2  el_after_av_one_full  el_before_av_one_full  column-top-margin\" style='border-radius:0px; '><section class=\"av_textblock_section \"  itemscope=\"itemscope\" itemtype=\"https:\/\/schema.org\/BlogPosting\" itemprop=\"blogPost\" ><div class='avia_textblock  '   itemprop=\"text\" ><p style=\"text-align: center;\"><strong><span style=\"font-size: 18pt;\">Cuatro organizaciones de la Regi\u00f3n de Ays\u00e9n recibir\u00e1n fondos para desarrollar proyectos culturales<\/span><\/strong><\/p>\n<div id=\"gtx-trans\" style=\"position: absolute; left: -50px; top: 4.31534px;\">\n<div class=\"gtx-trans-icon\"><\/div>\n<\/div>\n<\/div><\/section><\/div><div class=\"flex_column av_one_full  flex_column_div av-zero-column-padding first  avia-builder-el-4  el_after_av_one_full  el_before_av_hr  column-top-margin\" style='border-radius:0px; '><section class=\"av_textblock_section \"  itemscope=\"itemscope\" itemtype=\"https:\/\/schema.org\/BlogPosting\" itemprop=\"blogPost\" ><div class='avia_textblock  '   itemprop=\"text\" ><p style=\"text-align: justify;\">Cuatro organizaciones de la Regi\u00f3n de Ays\u00e9n podr\u00e1n trabajar sus planes de gesti\u00f3n 2024 y ejecutar relevantes proyectos culturales, tras adjudicarse fondos del Programa de Apoyo a Organizaciones Culturales Colaboradoras PAOCC 2023 del Ministerio de las Culturas, las Artes y el Patrimonio.<\/p>\n<p style=\"text-align: justify;\">Se trata de Malotun, Escuela de Danzas Z\u00edngara, Paralelo 47 y Memoria Austral, quienes gestionar\u00e1n un total de $220.815.305. Tanto Malotun como Z\u00edngara han trabajado anteriormente con recursos de PAOCC con exitosos resultados en formaci\u00f3n, circulaci\u00f3n, participaci\u00f3n y festivales.<\/p>\n<p style=\"text-align: justify;\">Para la bailarina Ana Ans\u00f3n, parte del equipo de Z\u00edngara la noticia \u201cnos pone superfelices y es una especie de validaci\u00f3n de que vamos por buen camino, de que el esfuerzo y dedicaci\u00f3n que estamos poniendo en este proyecto de formaci\u00f3n en danza vale la pena. Y tambi\u00e9n nos da mucho tranquilidad porque al final estos planes de gesti\u00f3n te dan la tranquilidad\u00a0 de que durante todo este a\u00f1o vas a poder seguir pulsando la danza en la regi\u00f3n. Volvemos a dejar un ratito la incertidumbre para tener certezas y eso siempre es agradable\u201d.<\/p>\n<p style=\"text-align: justify;\">La Agrupaci\u00f3n Cultural Comunitaria Malotun trabaja las culturas en Ays\u00e9n desde 2010 y ha llevado adelante importantes festivales de teatro y m\u00fasica como el Patagonia en Escena y The Dark Side of The Sur, que han sido cofinanciados los \u00faltimos a\u00f1os a trav\u00e9s del PAOCC. La gestora cultural Ver\u00f3nica Ibieta, directora de Malotun, piensa que \u201crecibir este fondo para nosotros es una grata satisfacci\u00f3n, porque realmente hay un respaldo en tu trabajo; se ve que hay nuevas formas de financiaci\u00f3n de parte del Estado que hacen que ya la concursabilidad tome nuevos caminos. Si bien nosotros, a\u00f1o a a\u00f1o, tenemos que postular a este fondo, igual es muy interesante porque la forma de asignaci\u00f3n tiene que ver con tu propia trayectoria, y con tu propia capacidad de rendir bien los fondos para cumplir con todas las actividades comprometidas y cumplir con todas las transparencias. Son fondos superexigentes\u201d.<\/p>\n<p style=\"text-align: justify;\">La Corporaci\u00f3n Memoria Austral trabaja la puesta en valor y la difusi\u00f3n del patrimonio cultural en Ays\u00e9n. Su presidenta, la arquitecta Mar\u00eda Dolores Altamirano, dijo que \u201clo primero es agradecer al ministerio por habernos adjudicado este fondo. Estamos muy contentos porque este a\u00f1o, el PAOCC nos va a permitir implementar acciones de participaci\u00f3n en las que queremos socializar todo el conocimiento que hemos adquirido y generado desde la corporaci\u00f3n durante estos primeros 10 a\u00f1os de funcionamiento. Adem\u00e1s, ejecutaremos algunas iniciativas que fomentan la creaci\u00f3n y la experimentaci\u00f3n art\u00edstica y cultural\u201d.<\/p>\n<p style=\"text-align: justify;\">La periodista Catalina Camus, parte del equipo de Paralelo 47, explica que \u201cpara el trabajo que desempe\u00f1amos en alianza con Pulso Austral es una maravillosa noticia recibir este PAOCC que nos permitir\u00e1 fortalecer el trabajo que hacemos en las comunidades rurales y continuar aportando al bienestar de quienes habitan esta Regi\u00f3n de Ays\u00e9n, desde la conexi\u00f3n con el arte, con la cultura y siempre en contacto con la naturaleza. Vamos a continuar por el camino de visibilizar Ays\u00e9n como un territorio textil, llevando el trabajo que realizamos con artesanas m\u00e1s all\u00e1 de esta regi\u00f3n, a otros lugares de Chile y tambi\u00e9n al pa\u00eds vecino, en Argentina estaremos\u201d.<\/p>\n<p style=\"text-align: justify;\">\u201cLos PAOCC fortalecen el trabajo que uno hace como gestor cultural\u201d, dice Ana Ans\u00f3n de Z\u00edngara. \u201cEn nuestro caso, el foco siempre ha sido formativo como academia art\u00edstica y como escuelita de danza. Para nosotros es importante la formaci\u00f3n que se han llevado las alumnas a trav\u00e9s de todo este a\u00f1o. Hay profesores que est\u00e1n dedicados al 100% a estos alumnos, en sus disciplinas, en el proceso\u201d, finaliza.<\/p>\n<\/div><\/section><\/div><\/p>\n<div  style='height:50px' class='hr hr-invisible   avia-builder-el-6  el_after_av_one_full  el_before_av_social_share '><span class='hr-inner ' ><span class='hr-inner-style'><\/span><\/span><\/div>\n<div  class='av-social-sharing-box  avia-builder-el-7  el_after_av_hr  el_before_av_hr  '><div class='av-share-box'><h5 class='av-share-link-description av-no-toc '>Compartir esta noticia<\/h5><ul class='av-share-box-list noLightbox'><li class='av-share-link av-social-link-facebook' ><a target=\"_blank\" aria-label=\"Compartir en Facebook\" href='https:\/\/www.facebook.com\/sharer.php?u=https:\/\/radiorevelacionfm.cl\/?p=38888&#038;t=Cuatro%20organizaciones%20de%20la%20Regi%C3%B3n%20de%20Ays%C3%A9n%20recibir%C3%A1n%20fondos%20para%20desarrollar%20proyectos%20culturales' aria-hidden='false' data-av_icon='\ue8f3' data-av_iconfont='entypo-fontello' title='' data-avia-related-tooltip='Compartir en Facebook' rel=\"noopener\"><span class='avia_hidden_link_text'>Compartir en Facebook<\/span><\/a><\/li><li class='av-share-link av-social-link-twitter' ><a target=\"_blank\" aria-label=\"Compartir en Twitter\" href='https:\/\/twitter.com\/share?text=Cuatro%20organizaciones%20de%20la%20Regi%C3%B3n%20de%20Ays%C3%A9n%20recibir%C3%A1n%20fondos%20para%20desarrollar%20proyectos%20culturales&#038;url=https:\/\/radiorevelacionfm.cl\/?p=38888' aria-hidden='false' data-av_icon='\ue8f1' data-av_iconfont='entypo-fontello' title='' data-avia-related-tooltip='Compartir en Twitter' rel=\"noopener\"><span class='avia_hidden_link_text'>Compartir en Twitter<\/span><\/a><\/li><li class='av-share-link av-social-link-whatsapp' ><a target=\"_blank\" aria-label=\"Compartir en Whatsapp\" href='https:\/\/api.whatsapp.com\/send?text=https:\/\/radiorevelacionfm.cl\/?p=38888' aria-hidden='false' data-av_icon='\uf232' data-av_iconfont='entypo-fontello' title='' data-avia-related-tooltip='Compartir en Whatsapp' rel=\"noopener\"><span class='avia_hidden_link_text'>Compartir en Whatsapp<\/span><\/a><\/li><li class='av-share-link av-social-link-linkedin' ><a target=\"_blank\" aria-label=\"Compartir en LinkedIn\" href='https:\/\/linkedin.com\/shareArticle?mini=true&#038;title=Cuatro%20organizaciones%20de%20la%20Regi%C3%B3n%20de%20Ays%C3%A9n%20recibir%C3%A1n%20fondos%20para%20desarrollar%20proyectos%20culturales&#038;url=https:\/\/radiorevelacionfm.cl\/?p=38888' aria-hidden='false' data-av_icon='\ue8fc' data-av_iconfont='entypo-fontello' title='' data-avia-related-tooltip='Compartir en LinkedIn' rel=\"noopener\"><span class='avia_hidden_link_text'>Compartir en LinkedIn<\/span><\/a><\/li><li class='av-share-link av-social-link-mail' ><a  aria-label=\"Compartir por correo\" href='mailto:?subject=Cuatro%20organizaciones%20de%20la%20Regi%C3%B3n%20de%20Ays%C3%A9n%20recibir%C3%A1n%20fondos%20para%20desarrollar%20proyectos%20culturales&#038;body=https:\/\/radiorevelacionfm.cl\/?p=38888' aria-hidden='false' data-av_icon='\ue805' data-av_iconfont='entypo-fontello' title='' data-avia-related-tooltip='Compartir por correo'><span class='avia_hidden_link_text'>Compartir por correo<\/span><\/a><\/li><\/ul><\/div><\/div>\n<div  style='height:50px' class='hr hr-invisible   avia-builder-el-8  el_after_av_social_share  el_before_av_comments_list '><span class='hr-inner ' ><span class='hr-inner-style'><\/span><\/span><\/div>\n<div  class='av-buildercomment  av-blog-meta-html-info-disabled av-blog-meta-tag-disabled  '><\/div>\n","protected":false},"excerpt":{"rendered":"","protected":false},"author":1,"featured_media":38889,"comment_status":"open","ping_status":"open","sticky":false,"template":"","format":"standard","meta":{"footnotes":""},"categories":[52],"tags":[],"class_list":["post-38888","post","type-post","status-publish","format-standard","has-post-thumbnail","hentry","category-cultura"],"jetpack_featured_media_url":"https:\/\/radiorevelacionfm.cl\/wp-content\/uploads\/2024\/01\/zingara-paocc-1_optimized.jpg","_links":{"self":[{"href":"https:\/\/radiorevelacionfm.cl\/index.php?rest_route=\/wp\/v2\/posts\/38888","targetHints":{"allow":["GET"]}}],"collection":[{"href":"https:\/\/radiorevelacionfm.cl\/index.php?rest_route=\/wp\/v2\/posts"}],"about":[{"href":"https:\/\/radiorevelacionfm.cl\/index.php?rest_route=\/wp\/v2\/types\/post"}],"author":[{"embeddable":true,"href":"https:\/\/radiorevelacionfm.cl\/index.php?rest_route=\/wp\/v2\/users\/1"}],"replies":[{"embeddable":true,"href":"https:\/\/radiorevelacionfm.cl\/index.php?rest_route=%2Fwp%2Fv2%2Fcomments&post=38888"}],"version-history":[{"count":2,"href":"https:\/\/radiorevelacionfm.cl\/index.php?rest_route=\/wp\/v2\/posts\/38888\/revisions"}],"predecessor-version":[{"id":38902,"href":"https:\/\/radiorevelacionfm.cl\/index.php?rest_route=\/wp\/v2\/posts\/38888\/revisions\/38902"}],"wp:featuredmedia":[{"embeddable":true,"href":"https:\/\/radiorevelacionfm.cl\/index.php?rest_route=\/wp\/v2\/media\/38889"}],"wp:attachment":[{"href":"https:\/\/radiorevelacionfm.cl\/index.php?rest_route=%2Fwp%2Fv2%2Fmedia&parent=38888"}],"wp:term":[{"taxonomy":"category","embeddable":true,"href":"https:\/\/radiorevelacionfm.cl\/index.php?rest_route=%2Fwp%2Fv2%2Fcategories&post=38888"},{"taxonomy":"post_tag","embeddable":true,"href":"https:\/\/radiorevelacionfm.cl\/index.php?rest_route=%2Fwp%2Fv2%2Ftags&post=38888"}],"curies":[{"name":"wp","href":"https:\/\/api.w.org\/{rel}","templated":true}]}}